{"id":38391,"date":"2022-04-11T12:29:36","date_gmt":"2022-04-11T12:29:36","guid":{"rendered":"http:\/\/elterritorialweb.com.ar\/web\/?p=38391"},"modified":"2022-04-11T12:29:36","modified_gmt":"2022-04-11T12:29:36","slug":"el-obispo-realizo-la-bendicion-de-ramos-con-la-participacion-de-la-intendente-fuentes-y-de-vecinos","status":"publish","type":"post","link":"http:\/\/elterritorialweb.com.ar\/web\/el-obispo-realizo-la-bendicion-de-ramos-con-la-participacion-de-la-intendente-fuentes-y-de-vecinos\/","title":{"rendered":"EL OBISPO REALIZ\u00d3 LA BENDICI\u00d3N DE RAMOS CON LA PARTICIPACI\u00d3N DE LA INTENDENTE FUENTES Y DE VECINOS"},"content":{"rendered":"\n<p>Una importante cantidad de feligreses se congreg\u00f3 para celebrar el domingo de ramos en el inicio de la Semana Santa dando muestras de fe en esta fecha trascendente para el calendario cat\u00f3lico.<br>Bokalic encabez\u00f3 la caminata desde Catedral Bas\u00edlica hasta la sede de la Municipalidad, en donde la intendente Fuentes junto al presidente del Concejo Deliberante, Humberto Santill\u00e1n y miembros del gabinete comunal dieron la bienvenida al prelado que realiz\u00f3 la ceremonia de bendici\u00f3n de ramos para la comunidad.<br>En su mensaje, el Obispo resalt\u00f3: \u201cLa iglesia es para servir, cada uno en su vocaci\u00f3n, no es la misi\u00f3n competir, sino para servir, Jes\u00fas quiere una sociedad nueva, que actuemos en nuestras familias, en nuestras comunidades, en nuestros oficios, que son los valores de la justicia, de la verdad, del respeto y de la misericordia\u201d.<br>Remarc\u00f3: \u201cEstos ramos, no son un talism\u00e1n, sino un s\u00edmbolo de la creencia de Jes\u00fas, nuestro rey, para que lo llevemos a nuestras casas y lo ubiquemos en un lugar preferencial, y no nos olvidemos que \u00e9ste es el s\u00edmbolo de la paz\u201d.<\/p>\n","protected":false},"excerpt":{"rendered":"<p>La intendente, Ing. Norma Fuentes, particip\u00f3 de la tradicional ceremonia de bendici\u00f3n de ramos celebrada por el Obispo Diocesano, Monse\u00f1or Vicente Bokalic, junto a la imagen del El Salvador en la explanada de la Municipalidad de la Capital.<\/p>\n","protected":false},"author":2,"featured_media":38392,"comment_status":"open","ping_status":"open","sticky":false,"template":"","format":"standard","meta":{"om_disable_all_campaigns":false,"_monsterinsights_skip_tracking":false,"_monsterinsights_sitenote_active":false,"_monsterinsights_sitenote_note":"","_monsterinsights_sitenote_category":0,"_uf_show_specific_survey":0,"_uf_disable_surveys":false,"jetpack_post_was_ever_published":false,"_jetpack_newsletter_access":"","_jetpack_dont_email_post_to_subs":false,"_jetpack_newsletter_tier_id":0,"_jetpack_memberships_contains_paywalled_content":false,"_jetpack_memberships_contains_paid_content":false,"footnotes":"","jetpack_publicize_message":"","jetpack_publicize_feature_enabled":true,"jetpack_social_post_already_shared":false,"jetpack_social_options":{"image_generator_settings":{"template":"highway","default_image_id":0,"font":"","enabled":false},"version":2}},"categories":[21],"tags":[],"class_list":["post-38391","post","type-post","status-publish","format-standard","has-post-thumbnail","hentry","category-locales"],"aioseo_notices":[],"views":10,"jetpack_publicize_connections":[],"jetpack_featured_media_url":"https:\/\/i0.wp.com\/elterritorialweb.com.ar\/web\/wp-content\/uploads\/2022\/04\/fuentes-obispo-domingo-de-ramos.jpeg?fit=1280%2C854","jetpack_sharing_enabled":true,"_links":{"self":[{"href":"http:\/\/elterritorialweb.com.ar\/web\/wp-json\/wp\/v2\/posts\/38391","targetHints":{"allow":["GET"]}}],"collection":[{"href":"http:\/\/elterritorialweb.com.ar\/web\/wp-json\/wp\/v2\/posts"}],"about":[{"href":"http:\/\/elterritorialweb.com.ar\/web\/wp-json\/wp\/v2\/types\/post"}],"author":[{"embeddable":true,"href":"http:\/\/elterritorialweb.com.ar\/web\/wp-json\/wp\/v2\/users\/2"}],"replies":[{"embeddable":true,"href":"http:\/\/elterritorialweb.com.ar\/web\/wp-json\/wp\/v2\/comments?post=38391"}],"version-history":[{"count":1,"href":"http:\/\/elterritorialweb.com.ar\/web\/wp-json\/wp\/v2\/posts\/38391\/revisions"}],"predecessor-version":[{"id":38393,"href":"http:\/\/elterritorialweb.com.ar\/web\/wp-json\/wp\/v2\/posts\/38391\/revisions\/38393"}],"wp:featuredmedia":[{"embeddable":true,"href":"http:\/\/elterritorialweb.com.ar\/web\/wp-json\/wp\/v2\/media\/38392"}],"wp:attachment":[{"href":"http:\/\/elterritorialweb.com.ar\/web\/wp-json\/wp\/v2\/media?parent=38391"}],"wp:term":[{"taxonomy":"category","embeddable":true,"href":"http:\/\/elterritorialweb.com.ar\/web\/wp-json\/wp\/v2\/categories?post=38391"},{"taxonomy":"post_tag","embeddable":true,"href":"http:\/\/elterritorialweb.com.ar\/web\/wp-json\/wp\/v2\/tags?post=38391"}],"curies":[{"name":"wp","href":"https:\/\/api.w.org\/{rel}","templated":true}]}}