{"id":38397,"date":"2022-04-11T13:57:58","date_gmt":"2022-04-11T13:57:58","guid":{"rendered":"http:\/\/elterritorialweb.com.ar\/web\/?p=38397"},"modified":"2022-04-11T13:58:49","modified_gmt":"2022-04-11T13:58:49","slug":"la-municipalidad-presento-su-propuesta-para-vecinos-y-turistas-en-semana-santa","status":"publish","type":"post","link":"http:\/\/elterritorialweb.com.ar\/web\/la-municipalidad-presento-su-propuesta-para-vecinos-y-turistas-en-semana-santa\/","title":{"rendered":"LA MUNICIPALIDAD PRESENT\u00d3 SU PROPUESTA PARA VECINOS Y TURISTAS EN SEMANA SANTA"},"content":{"rendered":"\n<p>Al respecto, el subsecretario de Cultura y Turismo municipal, Arq. Rodolfo Legname, indic\u00f3: \u201cPor una parte tenemos una acci\u00f3n conjunta con la Iglesia en lo referido a los eventos religiosos tradicionales en nuestra ciudad. Por otro lado, est\u00e1 la oferta para el turismo, que son los conciertos programados, las visitas a los museos y templos hist\u00f3ricos, nuestro folclore, nuestras comidas, es decir, la experiencia de la cultura santiague\u00f1a\u201d.<br>Mencion\u00f3 asimismo, los nuevos atractivos con los que cuenta la ciudad, tales como el Estadio \u00danico, el Parque del Encuentro y otros lugares al aire libre que ampl\u00edan los espacios recreativos.<br>La propuesta tendr\u00e1 como pr\u00f3ximo evento el martes 12 con el v\u00eda crucis de violines de la Orden Franciscana, que partir\u00e1 desde la Iglesia San Francisco a las 18. Continuar\u00e1 el mi\u00e9rcoles 13, con la procesi\u00f3n del Amo Jes\u00fas, un encuentro de canto, im\u00e1genes y vidalas, en el Convento Santo Domingo, a las 21.<br>El jueves 14, ser\u00e1 el Concierto de Dolores, a cargo de Ensamble Santiago L\u00edrica, en el Parque del Encuentro, desde las 20. Seguir\u00e1 el viernes 15, a partir de las 8 con el tradicional v\u00eda crucis de bicicletas que partir\u00e1 desde la Parroquia de Sumampa. Tambi\u00e9n ese mismo d\u00eda ser\u00e1 el Concierto de Tristezas, en el Parque del Encuentro, con vidalas y blues desde las 19.30. Adem\u00e1s, ese viernes se realizar\u00e1 el Descendimiento de la cruz, con la procesi\u00f3n del Santo Sepulcro, en la Iglesia de la Merced a partir de las 19.30.<br>La Semana Santa proseguir\u00e1 el s\u00e1bado 16 con un recital de Juan Quintero, en el Parque del Encuentro, a las 18.30. El domingo, finalizar\u00e1 con un paseo religioso por los templos hist\u00f3ricos de la ciudad, que partir\u00e1 desde plaza Libertad a las 16.<\/p>\n","protected":false},"excerpt":{"rendered":"<p>La Municipalidad de la Capital comunic\u00f3 la propuesta tur\u00edstica, cultural y religiosa para la Semana Santa, que incluye diversas actividades destinadas tanto a vecinos como para visitantes.<\/p>\n","protected":false},"author":2,"featured_media":38398,"comment_status":"open","ping_status":"open","sticky":false,"template":"","format":"standard","meta":{"om_disable_all_campaigns":false,"_monsterinsights_skip_tracking":false,"_monsterinsights_sitenote_active":false,"_monsterinsights_sitenote_note":"","_monsterinsights_sitenote_category":0,"_uf_show_specific_survey":0,"_uf_disable_surveys":false,"jetpack_post_was_ever_published":false,"_jetpack_newsletter_access":"","_jetpack_dont_email_post_to_subs":false,"_jetpack_newsletter_tier_id":0,"_jetpack_memberships_contains_paywalled_content":false,"_jetpack_memberships_contains_paid_content":false,"footnotes":"","jetpack_publicize_message":"","jetpack_publicize_feature_enabled":true,"jetpack_social_post_already_shared":false,"jetpack_social_options":{"image_generator_settings":{"template":"highway","default_image_id":0,"font":"","enabled":false},"version":2}},"categories":[21],"tags":[],"class_list":["post-38397","post","type-post","status-publish","format-standard","has-post-thumbnail","hentry","category-locales"],"aioseo_notices":[],"views":7,"jetpack_publicize_connections":[],"jetpack_featured_media_url":"https:\/\/i0.wp.com\/elterritorialweb.com.ar\/web\/wp-content\/uploads\/2022\/04\/parque-del-encuentro-semana-santa.jpeg?fit=1280%2C576","jetpack_sharing_enabled":true,"_links":{"self":[{"href":"http:\/\/elterritorialweb.com.ar\/web\/wp-json\/wp\/v2\/posts\/38397","targetHints":{"allow":["GET"]}}],"collection":[{"href":"http:\/\/elterritorialweb.com.ar\/web\/wp-json\/wp\/v2\/posts"}],"about":[{"href":"http:\/\/elterritorialweb.com.ar\/web\/wp-json\/wp\/v2\/types\/post"}],"author":[{"embeddable":true,"href":"http:\/\/elterritorialweb.com.ar\/web\/wp-json\/wp\/v2\/users\/2"}],"replies":[{"embeddable":true,"href":"http:\/\/elterritorialweb.com.ar\/web\/wp-json\/wp\/v2\/comments?post=38397"}],"version-history":[{"count":2,"href":"http:\/\/elterritorialweb.com.ar\/web\/wp-json\/wp\/v2\/posts\/38397\/revisions"}],"predecessor-version":[{"id":38401,"href":"http:\/\/elterritorialweb.com.ar\/web\/wp-json\/wp\/v2\/posts\/38397\/revisions\/38401"}],"wp:featuredmedia":[{"embeddable":true,"href":"http:\/\/elterritorialweb.com.ar\/web\/wp-json\/wp\/v2\/media\/38398"}],"wp:attachment":[{"href":"http:\/\/elterritorialweb.com.ar\/web\/wp-json\/wp\/v2\/media?parent=38397"}],"wp:term":[{"taxonomy":"category","embeddable":true,"href":"http:\/\/elterritorialweb.com.ar\/web\/wp-json\/wp\/v2\/categories?post=38397"},{"taxonomy":"post_tag","embeddable":true,"href":"http:\/\/elterritorialweb.com.ar\/web\/wp-json\/wp\/v2\/tags?post=38397"}],"curies":[{"name":"wp","href":"https:\/\/api.w.org\/{rel}","templated":true}]}}