{"id":38403,"date":"2022-04-11T17:55:35","date_gmt":"2022-04-11T17:55:35","guid":{"rendered":"http:\/\/elterritorialweb.com.ar\/web\/?p=38403"},"modified":"2022-04-11T17:55:36","modified_gmt":"2022-04-11T17:55:36","slug":"zamora-habilito-el-nuevo-edificio-del-jardin-de-infantes-de-santa-maria-y-entrego-viviendas-a-27-familias","status":"publish","type":"post","link":"http:\/\/elterritorialweb.com.ar\/web\/zamora-habilito-el-nuevo-edificio-del-jardin-de-infantes-de-santa-maria-y-entrego-viviendas-a-27-familias\/","title":{"rendered":"ZAMORA HABILIT\u00d3 EL NUEVO EDIFICIO DEL JARD\u00cdN DE INFANTES DE SANTA MAR\u00cdA Y ENTREG\u00d3 VIVIENDAS A 27 FAMILIAS"},"content":{"rendered":"\n<p>Departamento Capital<\/p>\n\n\n\n<p>En este marco tambi\u00e9n entreg\u00f3 27 unidades habitacionales a familias de Santa Mar\u00eda, Villa Sil\u00edpica, San Isidro y Los Cardozo, las que fueron beneficiadas por el programa de Viviendas Sociales.<\/p>\n\n\n\n<figure class=\"wp-block-image size-full\"><a href=\"https:\/\/i0.wp.com\/elterritorialweb.com.ar\/web\/wp-content\/uploads\/2022\/04\/Screenshot_20220411-1124042.png\"><img data-recalc-dims=\"1\" decoding=\"async\" width=\"640\" height=\"420\" data-src=\"https:\/\/i0.wp.com\/elterritorialweb.com.ar\/web\/wp-content\/uploads\/2022\/04\/Screenshot_20220411-1124042.png?resize=640%2C420\" alt=\"\" class=\"wp-image-38405 lazyload\" data-srcset=\"https:\/\/i0.wp.com\/elterritorialweb.com.ar\/web\/wp-content\/uploads\/2022\/04\/Screenshot_20220411-1124042.png?w=720 720w, https:\/\/i0.wp.com\/elterritorialweb.com.ar\/web\/wp-content\/uploads\/2022\/04\/Screenshot_20220411-1124042.png?resize=300%2C197 300w\" data-sizes=\"(max-width: 640px) 100vw, 640px\" src=\"data:image\/svg+xml;base64,PHN2ZyB3aWR0aD0iMSIgaGVpZ2h0PSIxIiB4bWxucz0iaHR0cDovL3d3dy53My5vcmcvMjAwMC9zdmciPjwvc3ZnPg==\" style=\"--smush-placeholder-width: 640px; --smush-placeholder-aspect-ratio: 640\/420;\" \/><\/a><\/figure>\n\n\n\n<p>En esta ocasi\u00f3n el mandatario provincial estuvo acompa\u00f1ado por el vicegobernador Carlos Silva Neder; el jefe de Gabinete, El\u00edas Su\u00e1rez, y los ministros de Desarrollo Social, \u00c1ngel Niccolai, y de Educaci\u00f3n, Mariela Nasif, entre otros funcionarios.<\/p>\n\n\n\n<figure class=\"wp-block-image size-full\"><a href=\"https:\/\/i0.wp.com\/elterritorialweb.com.ar\/web\/wp-content\/uploads\/2022\/04\/Screenshot_20220411-1124522.png\"><img data-recalc-dims=\"1\" decoding=\"async\" width=\"640\" height=\"409\" data-src=\"https:\/\/i0.wp.com\/elterritorialweb.com.ar\/web\/wp-content\/uploads\/2022\/04\/Screenshot_20220411-1124522.png?resize=640%2C409\" alt=\"\" class=\"wp-image-38406 lazyload\" data-srcset=\"https:\/\/i0.wp.com\/elterritorialweb.com.ar\/web\/wp-content\/uploads\/2022\/04\/Screenshot_20220411-1124522.png?w=720 720w, https:\/\/i0.wp.com\/elterritorialweb.com.ar\/web\/wp-content\/uploads\/2022\/04\/Screenshot_20220411-1124522.png?resize=300%2C192 300w\" data-sizes=\"(max-width: 640px) 100vw, 640px\" src=\"data:image\/svg+xml;base64,PHN2ZyB3aWR0aD0iMSIgaGVpZ2h0PSIxIiB4bWxucz0iaHR0cDovL3d3dy53My5vcmcvMjAwMC9zdmciPjwvc3ZnPg==\" style=\"--smush-placeholder-width: 640px; --smush-placeholder-aspect-ratio: 640\/409;\" \/><\/a><\/figure>\n\n\n\n<p>Las viviendas fueron ejecutadas con aportes provinciales a trav\u00e9s de la Comisi\u00f3n Municipal de Santa Mar\u00eda (2); el Centro de Jubilados y Pensionados Vida (7) y las asociaciones civiles Progreso de Santa Mar\u00eda (14); Rural Sur (2) y Por Amor a mi Tierra (2).<\/p>\n\n\n\n<figure class=\"wp-block-image size-full\"><a href=\"https:\/\/i0.wp.com\/elterritorialweb.com.ar\/web\/wp-content\/uploads\/2022\/04\/FB_IMG_1649698977508.jpg\"><img data-recalc-dims=\"1\" decoding=\"async\" width=\"640\" height=\"428\" data-src=\"https:\/\/i0.wp.com\/elterritorialweb.com.ar\/web\/wp-content\/uploads\/2022\/04\/FB_IMG_1649698977508.jpg?resize=640%2C428\" alt=\"\" class=\"wp-image-38407 lazyload\" data-srcset=\"https:\/\/i0.wp.com\/elterritorialweb.com.ar\/web\/wp-content\/uploads\/2022\/04\/FB_IMG_1649698977508.jpg?w=720 720w, https:\/\/i0.wp.com\/elterritorialweb.com.ar\/web\/wp-content\/uploads\/2022\/04\/FB_IMG_1649698977508.jpg?resize=300%2C200 300w\" data-sizes=\"(max-width: 640px) 100vw, 640px\" src=\"data:image\/svg+xml;base64,PHN2ZyB3aWR0aD0iMSIgaGVpZ2h0PSIxIiB4bWxucz0iaHR0cDovL3d3dy53My5vcmcvMjAwMC9zdmciPjwvc3ZnPg==\" style=\"--smush-placeholder-width: 640px; --smush-placeholder-aspect-ratio: 640\/428;\" \/><\/a><\/figure>\n\n\n\n<p>La comitiva fue recibida por el comisionado de Santa Mar\u00eda, Felipe Fern\u00e1ndez, en la casa de la familia de Jimena y Jonathan Gonz\u00e1lez, donde se hizo el corte de cintas para dejar oficialmente inauguradas las 27 viviendas que se suman a m\u00e1s de 26.000 que ya fueron ejecutadas en toda la provincia.<\/p>\n\n\n\n<figure class=\"wp-block-image size-full\"><a href=\"https:\/\/i0.wp.com\/elterritorialweb.com.ar\/web\/wp-content\/uploads\/2022\/04\/FB_IMG_1649698979771.jpg\"><img data-recalc-dims=\"1\" decoding=\"async\" width=\"640\" height=\"428\" data-src=\"https:\/\/i0.wp.com\/elterritorialweb.com.ar\/web\/wp-content\/uploads\/2022\/04\/FB_IMG_1649698979771.jpg?resize=640%2C428\" alt=\"\" class=\"wp-image-38408 lazyload\" data-srcset=\"https:\/\/i0.wp.com\/elterritorialweb.com.ar\/web\/wp-content\/uploads\/2022\/04\/FB_IMG_1649698979771.jpg?w=720 720w, https:\/\/i0.wp.com\/elterritorialweb.com.ar\/web\/wp-content\/uploads\/2022\/04\/FB_IMG_1649698979771.jpg?resize=300%2C200 300w\" data-sizes=\"(max-width: 640px) 100vw, 640px\" src=\"data:image\/svg+xml;base64,PHN2ZyB3aWR0aD0iMSIgaGVpZ2h0PSIxIiB4bWxucz0iaHR0cDovL3d3dy53My5vcmcvMjAwMC9zdmciPjwvc3ZnPg==\" style=\"--smush-placeholder-width: 640px; --smush-placeholder-aspect-ratio: 640\/428;\" \/><\/a><\/figure>\n\n\n\n<p>Luego pas\u00f3 al jard\u00edn de infantes, donde fue recibido por la directora Rosa L\u00f3pez y gran cantidad de vecinos que expresaron su agradecimiento por las obras.<\/p>\n\n\n\n<figure class=\"wp-block-image size-full\"><a href=\"https:\/\/i0.wp.com\/elterritorialweb.com.ar\/web\/wp-content\/uploads\/2022\/04\/FB_IMG_1649698982043.jpg\"><img data-recalc-dims=\"1\" decoding=\"async\" width=\"640\" height=\"428\" data-src=\"https:\/\/i0.wp.com\/elterritorialweb.com.ar\/web\/wp-content\/uploads\/2022\/04\/FB_IMG_1649698982043.jpg?resize=640%2C428\" alt=\"\" class=\"wp-image-38409 lazyload\" data-srcset=\"https:\/\/i0.wp.com\/elterritorialweb.com.ar\/web\/wp-content\/uploads\/2022\/04\/FB_IMG_1649698982043.jpg?w=720 720w, https:\/\/i0.wp.com\/elterritorialweb.com.ar\/web\/wp-content\/uploads\/2022\/04\/FB_IMG_1649698982043.jpg?resize=300%2C200 300w\" data-sizes=\"(max-width: 640px) 100vw, 640px\" src=\"data:image\/svg+xml;base64,PHN2ZyB3aWR0aD0iMSIgaGVpZ2h0PSIxIiB4bWxucz0iaHR0cDovL3d3dy53My5vcmcvMjAwMC9zdmciPjwvc3ZnPg==\" style=\"--smush-placeholder-width: 640px; --smush-placeholder-aspect-ratio: 640\/428;\" \/><\/a><\/figure>\n\n\n\n<p>Tambi\u00e9n en este lugar visit\u00f3 un puesto del Censo Digital, habilitado para facilitar el tr\u00e1mite a los vecinos de la zona que ya cuentan con el servicio de Internet gratuito.<\/p>\n\n\n\n<figure class=\"wp-block-image size-full\"><a href=\"https:\/\/i0.wp.com\/elterritorialweb.com.ar\/web\/wp-content\/uploads\/2022\/04\/FB_IMG_1649698984531.jpg\"><img data-recalc-dims=\"1\" decoding=\"async\" width=\"640\" height=\"428\" data-src=\"https:\/\/i0.wp.com\/elterritorialweb.com.ar\/web\/wp-content\/uploads\/2022\/04\/FB_IMG_1649698984531.jpg?resize=640%2C428\" alt=\"\" class=\"wp-image-38410 lazyload\" data-srcset=\"https:\/\/i0.wp.com\/elterritorialweb.com.ar\/web\/wp-content\/uploads\/2022\/04\/FB_IMG_1649698984531.jpg?w=720 720w, https:\/\/i0.wp.com\/elterritorialweb.com.ar\/web\/wp-content\/uploads\/2022\/04\/FB_IMG_1649698984531.jpg?resize=300%2C200 300w\" data-sizes=\"(max-width: 640px) 100vw, 640px\" src=\"data:image\/svg+xml;base64,PHN2ZyB3aWR0aD0iMSIgaGVpZ2h0PSIxIiB4bWxucz0iaHR0cDovL3d3dy53My5vcmcvMjAwMC9zdmciPjwvc3ZnPg==\" style=\"--smush-placeholder-width: 640px; --smush-placeholder-aspect-ratio: 640\/428;\" \/><\/a><\/figure>\n\n\n\n<p>En su discurso, el gobernador agradeci\u00f3 a los docentes por su compromiso con la formaci\u00f3n de las nuevas generaciones y ratific\u00f3 la decisi\u00f3n pol\u00edtica de seguir invirtiendo en educaci\u00f3n \u00abporque nos permitir\u00e1 romper desigualdades y generar el desarrollo equitativo que todos queremos\u00bb.<\/p>\n\n\n\n<figure class=\"wp-block-image size-full\"><a href=\"https:\/\/i0.wp.com\/elterritorialweb.com.ar\/web\/wp-content\/uploads\/2022\/04\/FB_IMG_1649698987679.jpg\"><img data-recalc-dims=\"1\" decoding=\"async\" width=\"640\" height=\"428\" data-src=\"https:\/\/i0.wp.com\/elterritorialweb.com.ar\/web\/wp-content\/uploads\/2022\/04\/FB_IMG_1649698987679.jpg?resize=640%2C428\" alt=\"\" class=\"wp-image-38411 lazyload\" data-srcset=\"https:\/\/i0.wp.com\/elterritorialweb.com.ar\/web\/wp-content\/uploads\/2022\/04\/FB_IMG_1649698987679.jpg?w=720 720w, https:\/\/i0.wp.com\/elterritorialweb.com.ar\/web\/wp-content\/uploads\/2022\/04\/FB_IMG_1649698987679.jpg?resize=300%2C200 300w\" data-sizes=\"(max-width: 640px) 100vw, 640px\" src=\"data:image\/svg+xml;base64,PHN2ZyB3aWR0aD0iMSIgaGVpZ2h0PSIxIiB4bWxucz0iaHR0cDovL3d3dy53My5vcmcvMjAwMC9zdmciPjwvc3ZnPg==\" style=\"--smush-placeholder-width: 640px; --smush-placeholder-aspect-ratio: 640\/428;\" \/><\/a><\/figure>\n\n\n\n<p>\u00abEstamos trabajando sobre bases firmes porque nuestros j\u00f3venes deben tener las herramientas necesarias, innovadoras y con conexi\u00f3n a Internet para ofrecer las mismas oportunidades a todos, en las ciudades como en la ruralidad. S\u00f3lo as\u00ed podemos lograr un mejor futuro para nuestra patria\u00bb, dijo.<\/p>\n\n\n\n<figure class=\"wp-block-image size-full\"><a href=\"https:\/\/i0.wp.com\/elterritorialweb.com.ar\/web\/wp-content\/uploads\/2022\/04\/FB_IMG_1649698990035.jpg\"><img data-recalc-dims=\"1\" decoding=\"async\" width=\"640\" height=\"428\" data-src=\"https:\/\/i0.wp.com\/elterritorialweb.com.ar\/web\/wp-content\/uploads\/2022\/04\/FB_IMG_1649698990035.jpg?resize=640%2C428\" alt=\"\" class=\"wp-image-38412 lazyload\" data-srcset=\"https:\/\/i0.wp.com\/elterritorialweb.com.ar\/web\/wp-content\/uploads\/2022\/04\/FB_IMG_1649698990035.jpg?w=720 720w, https:\/\/i0.wp.com\/elterritorialweb.com.ar\/web\/wp-content\/uploads\/2022\/04\/FB_IMG_1649698990035.jpg?resize=300%2C200 300w\" data-sizes=\"(max-width: 640px) 100vw, 640px\" src=\"data:image\/svg+xml;base64,PHN2ZyB3aWR0aD0iMSIgaGVpZ2h0PSIxIiB4bWxucz0iaHR0cDovL3d3dy53My5vcmcvMjAwMC9zdmciPjwvc3ZnPg==\" style=\"--smush-placeholder-width: 640px; --smush-placeholder-aspect-ratio: 640\/428;\" \/><\/a><\/figure>\n\n\n\n<p>En este sentido resalt\u00f3 el avance de los trabajos de refacci\u00f3n y ampliaci\u00f3n de la Escuela N\u00b036 de Santa Mar\u00eda.<\/p>\n\n\n\n<figure class=\"wp-block-image size-full\"><a href=\"https:\/\/i0.wp.com\/elterritorialweb.com.ar\/web\/wp-content\/uploads\/2022\/04\/FB_IMG_1649698992573.jpg\"><img data-recalc-dims=\"1\" decoding=\"async\" width=\"640\" height=\"428\" data-src=\"https:\/\/i0.wp.com\/elterritorialweb.com.ar\/web\/wp-content\/uploads\/2022\/04\/FB_IMG_1649698992573.jpg?resize=640%2C428\" alt=\"\" class=\"wp-image-38413 lazyload\" data-srcset=\"https:\/\/i0.wp.com\/elterritorialweb.com.ar\/web\/wp-content\/uploads\/2022\/04\/FB_IMG_1649698992573.jpg?w=720 720w, https:\/\/i0.wp.com\/elterritorialweb.com.ar\/web\/wp-content\/uploads\/2022\/04\/FB_IMG_1649698992573.jpg?resize=300%2C200 300w\" data-sizes=\"(max-width: 640px) 100vw, 640px\" src=\"data:image\/svg+xml;base64,PHN2ZyB3aWR0aD0iMSIgaGVpZ2h0PSIxIiB4bWxucz0iaHR0cDovL3d3dy53My5vcmcvMjAwMC9zdmciPjwvc3ZnPg==\" style=\"--smush-placeholder-width: 640px; --smush-placeholder-aspect-ratio: 640\/428;\" \/><\/a><\/figure>\n\n\n\n<p>Antes de finalizar, Zamora hizo un llamado a todos los pobladores de Santa Mar\u00eda y alrededores a colaborar con la campa\u00f1a de vacunaci\u00f3n conta el covid \u00abpara volver definitivamente a la normalidad\u00bb.<\/p>\n","protected":false},"excerpt":{"rendered":"<p>Como parte del plan de obras de infraestructura educativa que se lleva adelante en toda la provincia, el gobernador Gerardo Zamora habilit\u00f3 este lunes las nuevas instalaciones del Jard\u00edn de Infantes N\u00b0 204 \u00abMis Huellitas\u00bb, anexo de la Escuela N\u00b0 36 \u00abManuel de Ispizua\u00bb, de la localidad de Santa Mar\u00eda, en el departamento Capital.<\/p>\n","protected":false},"author":2,"featured_media":38404,"comment_status":"open","ping_status":"open","sticky":false,"template":"","format":"standard","meta":{"om_disable_all_campaigns":false,"_monsterinsights_skip_tracking":false,"_monsterinsights_sitenote_active":false,"_monsterinsights_sitenote_note":"","_monsterinsights_sitenote_category":0,"_uf_show_specific_survey":0,"_uf_disable_surveys":false,"jetpack_post_was_ever_published":false,"_jetpack_newsletter_access":"","_jetpack_dont_email_post_to_subs":false,"_jetpack_newsletter_tier_id":0,"_jetpack_memberships_contains_paywalled_content":false,"_jetpack_memberships_contains_paid_content":false,"footnotes":"","jetpack_publicize_message":"","jetpack_publicize_feature_enabled":true,"jetpack_social_post_already_shared":false,"jetpack_social_options":{"image_generator_settings":{"template":"highway","default_image_id":0,"font":"","enabled":false},"version":2}},"categories":[21],"tags":[],"class_list":["post-38403","post","type-post","status-publish","format-standard","has-post-thumbnail","hentry","category-locales"],"aioseo_notices":[],"views":9,"jetpack_publicize_connections":[],"jetpack_featured_media_url":"https:\/\/i0.wp.com\/elterritorialweb.com.ar\/web\/wp-content\/uploads\/2022\/04\/Screenshot_20220411-1122442.png?fit=720%2C500","jetpack_sharing_enabled":true,"_links":{"self":[{"href":"http:\/\/elterritorialweb.com.ar\/web\/wp-json\/wp\/v2\/posts\/38403","targetHints":{"allow":["GET"]}}],"collection":[{"href":"http:\/\/elterritorialweb.com.ar\/web\/wp-json\/wp\/v2\/posts"}],"about":[{"href":"http:\/\/elterritorialweb.com.ar\/web\/wp-json\/wp\/v2\/types\/post"}],"author":[{"embeddable":true,"href":"http:\/\/elterritorialweb.com.ar\/web\/wp-json\/wp\/v2\/users\/2"}],"replies":[{"embeddable":true,"href":"http:\/\/elterritorialweb.com.ar\/web\/wp-json\/wp\/v2\/comments?post=38403"}],"version-history":[{"count":1,"href":"http:\/\/elterritorialweb.com.ar\/web\/wp-json\/wp\/v2\/posts\/38403\/revisions"}],"predecessor-version":[{"id":38415,"href":"http:\/\/elterritorialweb.com.ar\/web\/wp-json\/wp\/v2\/posts\/38403\/revisions\/38415"}],"wp:featuredmedia":[{"embeddable":true,"href":"http:\/\/elterritorialweb.com.ar\/web\/wp-json\/wp\/v2\/media\/38404"}],"wp:attachment":[{"href":"http:\/\/elterritorialweb.com.ar\/web\/wp-json\/wp\/v2\/media?parent=38403"}],"wp:term":[{"taxonomy":"category","embeddable":true,"href":"http:\/\/elterritorialweb.com.ar\/web\/wp-json\/wp\/v2\/categories?post=38403"},{"taxonomy":"post_tag","embeddable":true,"href":"http:\/\/elterritorialweb.com.ar\/web\/wp-json\/wp\/v2\/tags?post=38403"}],"curies":[{"name":"wp","href":"https:\/\/api.w.org\/{rel}","templated":true}]}}