{"id":38418,"date":"2022-04-11T23:00:08","date_gmt":"2022-04-11T23:00:08","guid":{"rendered":"http:\/\/elterritorialweb.com.ar\/web\/?p=38418"},"modified":"2022-04-11T23:02:12","modified_gmt":"2022-04-11T23:02:12","slug":"comienza-a-regir-una-canasta-de-60-productos-esenciales-para-comercios-de-proximidad","status":"publish","type":"post","link":"http:\/\/elterritorialweb.com.ar\/web\/comienza-a-regir-una-canasta-de-60-productos-esenciales-para-comercios-de-proximidad\/","title":{"rendered":"COMIENZA A REGIR UNA CANASTA DE 60 PRODUCTOS ESENCIALES PARA COMERCIOS DE PROXIMIDAD"},"content":{"rendered":"\n<p>El Gobierno sum\u00f3 desde este lunes dentro de&nbsp;<strong>Precios Cuidados<\/strong>&nbsp;una canasta complementaria de 60 productos esenciales para comercios de proximidad y, a la vez, una oferta de vegetales frescos con los bienes m\u00e1s consumidos del rubro verduler\u00eda, como parte de las medidas acordadas la semana pasada con distintos sectores de la producci\u00f3n y la comercializaci\u00f3n.<\/p>\n\n\n\n<p>La expectativa es que, a lo largo de esta semana y la pr\u00f3xima, los 60 productos del listado de la canasta est\u00e9n disponibles en los mayoristas y lleguen a las g\u00f3ndolas de los almacenes y supermercados chinos.<\/p>\n\n\n\n<p>Desde Comercio Interior indicaron a T\u00e9lam que&nbsp;<strong>a partir de este lunes estar\u00e1n disponibles los productos a los precios acordados en los mayoristas para los almacenes, pero que la llegada de los productos a las g\u00f3ndolas puede llevar unas semanas<\/strong>, en funci\u00f3n de los per\u00edodos de reposici\u00f3n de stock de cada comercio.<\/p>\n\n\n\n<p>Precisaron adem\u00e1s que&nbsp;<strong>la canasta de proximidad es un acuerdo del que los comercios participan de forma optativa<\/strong>, por lo que el control pasar\u00e1 por no permitir que los productos se vendan a un precio no establecido.<\/p>\n\n\n\n<p>A trav\u00e9s de la Secretar\u00eda de Comercio Interior se logr\u00f3 consensuar y agregar dentro de +Precios Cuidados una canasta complementaria de productos esenciales para comercios de proximidad, con 60 art\u00edculos de consumo masivo que se comercializan en negocios de cercan\u00eda de todo el pa\u00eds a partir de este martes, se inform\u00f3 oficialmente.&nbsp;<strong>El programa incluye art\u00edculos de higiene personal, limpieza del hogar, alimentos y bebidas<\/strong>.<\/p>\n\n\n\n<p>El objetivo es que esta iniciativa establezca precios de referencia en comercios de proximidad, con el prop\u00f3sito de reducir la dispersi\u00f3n de valores que existe entre estos locales y las grandes cadenas de supermercados.<\/p>\n\n\n\n<p>En declaraciones a T\u00e9lam, el director de la Federaci\u00f3n de Supermercados y Asociaciones Chinas (Fesach), Miguel \u00c1ngel Calvete, se\u00f1al\u00f3 que&nbsp;<strong>\u00aben tanto y en cuanto los mayoristas y distribuidores provean los productos, obviamente se van a poder comercializar\u00bb<\/strong>.<\/p>\n\n\n\n<p>Manifest\u00f3 expectativa en que a lo largo de la semana est\u00e9n disponibles los productos en mayoristas y afirm\u00f3 que \u00abva a haber algunas reuniones de seguimiento semana a partir de la semana que viene\u00bb con autoridades de la Secretar\u00eda de Comercio Interior.<\/p>\n\n\n\n<p>Acerca del margen de rentabilidad que se acord\u00f3 para los comercios en esta canasta, expres\u00f3 que \u00abno es el ideal pero tener esos precios tracciona la venta de otros productos, as\u00ed que sirve y permite que no quede el cliente reh\u00e9n de grandes cadenas\u00bb.<\/p>\n\n\n\n<p>Por su parte, el presidente de la Federaci\u00f3n de Almaceneros de la provincia de Buenos Aires (FABA), Fernando Savore, dijo a T\u00e9lam que&nbsp;<strong>\u00abhoy evidentemente cada colega ir\u00e1 al mayorista en busca de estos productos, en el transcurso de la semana iremos viendo si los productos est\u00e1n\u00bb<\/strong>.<\/p>\n\n\n\n<p>\u00abNosotros no tenemos compra directa, dependemos de los mayoristas. Si el mayorista tiene el producto y el precio, nosotros lo vamos a comprar y lo vamos a vender a lo que dice ah\u00ed\u00bb, agreg\u00f3, mientras que \u00absolo la leche nos provee en forma directa Mastellone y esta semana la tendremos\u00bb.<\/p>\n\n\n\n<p>Sostuvo que \u00ablo bueno de este programa es que hay reglas claras, hay un precio de compra y un precio de venta; hay una transparencia, fue un tema muy planteado por la Federaci\u00f3n, que haya un precio de compra y precio de venta entonces sabemos cu\u00e1l es nuestra rentabilidad\u00bb.<\/p>\n\n\n\n<p>Por su parte, ante la consulta de T\u00e9lam, desde la C\u00e1mara Argentina de Distribuidores y Autoservicios Mayoristas (Cadam) se\u00f1alaron que aguardaban recibir los listados de las empresas para tener los sesenta productos en los pr\u00f3ximos d\u00edas.<\/p>\n\n\n\n<p>Juli\u00e1n Moreno, presidente de la Asamblea de Peque\u00f1os y Medianos Empresarios (Apyme), se\u00f1al\u00f3 en declaraciones a T\u00e9lam Radio que&nbsp;<strong>\u00abconsideramos positivo el nuevo acuerdo de Precios Cuidados, como cualquier otra medida gubernamental que persiga aminorar el incremento de la canasta de alimentos y consumos b\u00e1sicos de la poblaci\u00f3n, m\u00e1s en este contexto de inflaci\u00f3n internacional elevada\u00bb<\/strong>.<\/p>\n\n\n\n<p>Destac\u00f3 \u00abla incorporaci\u00f3n de productos para los comercios de cercan\u00eda, que incorpora estas unidades pymes al programa, que hasta el momento hab\u00edan quedado afuera del mismo y ven\u00edan sufriendo una competencia injusta ya que esta herramienta, que entendemos necesaria vinculada al control de precios, se aplicaba \u00fanicamente a las grandes cadenas\u00bb.<\/p>\n\n\n\n<p>\u00abA su vez entendemos que estas herramientas son s\u00f3lo un paliativo que permite ganar tiempo, pero de ninguna manera son una soluci\u00f3n de fondo; las medidas que nuestro sector reclama tienen que ver con la intervenci\u00f3n p\u00fablica en las cadenas de valor de las grandes corporaciones productoras de bienes de consumo b\u00e1sico y sobre todo aquel proveedor monop\u00f3lico, oligop\u00f3lico, con riesgo de cartelizaci\u00f3n\u00bb, agreg\u00f3.<\/p>\n\n\n\n<h3 class=\"wp-block-heading\">Vegetales frescos<\/h3>\n\n\n\n<p>El Gobierno sum\u00f3 al programa integral de +Precios Cuidados una oferta de precios acordados de vegetales frescos, garantizando la disponibilidad y apuntando a instalar referencia en las g\u00f3ndolas, actuando como ancla para los precios de los bienes m\u00e1s consumidos del rubro verduler\u00eda.<\/p>\n\n\n\n<p>En este sentido,&nbsp;<strong>se incorpor\u00f3 una canasta de frescos de frutas, verduras y hortalizas<\/strong>&nbsp;para la comercializaci\u00f3n en grandes cadenas de supermercados minoristas y mayoristas disponible tambi\u00e9n a partir de este lunes.<\/p>\n\n\n\n<p>Esta categor\u00eda tendr\u00e1 renovaciones mensuales con actualizaciones tanto de precios como de productos, para respetar la estacionalidad de los vegetales y que la oferta sea siempre fresca y de calidad nutricional.<\/p>\n\n\n\n<p>Para abril, los productos y precios seleccionados (por kilo) son: papa (negra) a $ 49, cebolla a $ 69, tomate (redondo) a $ 199, lechuga (criolla o capuchina) a $ 160 y manzana (royal gala) a $ 180.<\/p>\n\n\n\n<p>Las frutas, verduras y hortalizas seleccionadas est\u00e1 disponibles, en una primera instancia, en el \u00c1rea Metropolitana de Buenos Aires (AMBA), todos los d\u00edas, en los supermercados D\u00eda, Walmart, Changomas, Jumbo, Vea, Disco, Coto, Carrefour y Makro.<\/p>\n","protected":false},"excerpt":{"rendered":"<p>La expectativa es que a lo largo de esta semana los productos est\u00e9n disponibles en los mayoristas y lleguen luego a los almacenes y supermercados chinos. Se busca que la iniciativa establezca precios de referencia en comercios de proximidad. Adem\u00e1s de art\u00edculos de higiene personal, limpieza del hogar, alimentos y bebidas, se sum\u00f3 una canasta de vegetales frescos.<\/p>\n","protected":false},"author":2,"featured_media":38419,"comment_status":"open","ping_status":"open","sticky":false,"template":"","format":"standard","meta":{"om_disable_all_campaigns":false,"_monsterinsights_skip_tracking":false,"_monsterinsights_sitenote_active":false,"_monsterinsights_sitenote_note":"","_monsterinsights_sitenote_category":0,"_uf_show_specific_survey":0,"_uf_disable_surveys":false,"jetpack_post_was_ever_published":false,"_jetpack_newsletter_access":"","_jetpack_dont_email_post_to_subs":false,"_jetpack_newsletter_tier_id":0,"_jetpack_memberships_contains_paywalled_content":false,"_jetpack_memberships_contains_paid_content":false,"footnotes":"","jetpack_publicize_message":"","jetpack_publicize_feature_enabled":true,"jetpack_social_post_already_shared":false,"jetpack_social_options":{"image_generator_settings":{"template":"highway","default_image_id":0,"font":"","enabled":false},"version":2}},"categories":[4,2],"tags":[],"class_list":["post-38418","post","type-post","status-publish","format-standard","has-post-thumbnail","hentry","category-destacadas","category-economia"],"aioseo_notices":[],"views":13,"jetpack_publicize_connections":[],"jetpack_featured_media_url":"https:\/\/i0.wp.com\/elterritorialweb.com.ar\/web\/wp-content\/uploads\/2022\/04\/comercios-de-proximidad-diario-zonda-diario_1000_1100.jpg?fit=1100%2C604","jetpack_sharing_enabled":true,"_links":{"self":[{"href":"http:\/\/elterritorialweb.com.ar\/web\/wp-json\/wp\/v2\/posts\/38418","targetHints":{"allow":["GET"]}}],"collection":[{"href":"http:\/\/elterritorialweb.com.ar\/web\/wp-json\/wp\/v2\/posts"}],"about":[{"href":"http:\/\/elterritorialweb.com.ar\/web\/wp-json\/wp\/v2\/types\/post"}],"author":[{"embeddable":true,"href":"http:\/\/elterritorialweb.com.ar\/web\/wp-json\/wp\/v2\/users\/2"}],"replies":[{"embeddable":true,"href":"http:\/\/elterritorialweb.com.ar\/web\/wp-json\/wp\/v2\/comments?post=38418"}],"version-history":[{"count":1,"href":"http:\/\/elterritorialweb.com.ar\/web\/wp-json\/wp\/v2\/posts\/38418\/revisions"}],"predecessor-version":[{"id":38420,"href":"http:\/\/elterritorialweb.com.ar\/web\/wp-json\/wp\/v2\/posts\/38418\/revisions\/38420"}],"wp:featuredmedia":[{"embeddable":true,"href":"http:\/\/elterritorialweb.com.ar\/web\/wp-json\/wp\/v2\/media\/38419"}],"wp:attachment":[{"href":"http:\/\/elterritorialweb.com.ar\/web\/wp-json\/wp\/v2\/media?parent=38418"}],"wp:term":[{"taxonomy":"category","embeddable":true,"href":"http:\/\/elterritorialweb.com.ar\/web\/wp-json\/wp\/v2\/categories?post=38418"},{"taxonomy":"post_tag","embeddable":true,"href":"http:\/\/elterritorialweb.com.ar\/web\/wp-json\/wp\/v2\/tags?post=38418"}],"curies":[{"name":"wp","href":"https:\/\/api.w.org\/{rel}","templated":true}]}}