{"id":38425,"date":"2022-04-12T01:19:43","date_gmt":"2022-04-12T01:19:43","guid":{"rendered":"http:\/\/elterritorialweb.com.ar\/web\/?p=38425"},"modified":"2022-04-12T01:19:43","modified_gmt":"2022-04-12T01:19:43","slug":"fuerte-demanda-del-mercado-italiano-por-viajar-a-argentina","status":"publish","type":"post","link":"http:\/\/elterritorialweb.com.ar\/web\/fuerte-demanda-del-mercado-italiano-por-viajar-a-argentina\/","title":{"rendered":"FUERTE DEMANDA DEL MERCADO ITALIANO POR VIAJAR A ARGENTINA"},"content":{"rendered":"\n<p>20 mil turistas italianos ya visitaron Argentina desde la reapertura de fronteras en noviembre de 2021 y para el regreso del\u00a0<strong>vuelo Roma-Buenos Aires del pr\u00f3ximo 3 de junio<\/strong>\u00a0hay\u00a0altos vol\u00famenes de venta.<br>\u00a0<br>La expectativa del mercado italiano por conocer la oferta tur\u00edstica argentina se percibe en todos los rincones de la\u00a0<strong>feria BIT Mil\u00e1n 2022<\/strong>\u00a0y as\u00ed qued\u00f3 demostrado en la presentaci\u00f3n en el espacio del ENIT del vuelo de\u00a0<strong>Aerol\u00edneas Argentinas<\/strong>\u00a0que volver\u00e1 a unir la capital italiana con la argentina en menos de dos meses.<br>\u00a0<br><em>\u201cEsta presentaci\u00f3n es el s\u00edmbolo de la reactivaci\u00f3n tur\u00edstica internacional de Argentina. Nuestro pa\u00eds se ha preparado de la mejor manera, con protocolos sanitarios y, sobre todo, en el respeto por los cuidados y el distanciamiento social. Tener a Aerol\u00edneas Argentinas uniendo ambos pa\u00edses es muy importante\u201d<\/em>, sostuvo el\u00a0<strong>Secretario Ejecutivo del Instituto Nacional de Promoci\u00f3n Tur\u00edstica (INPROTUR), Ricardo Sosa<\/strong>.<\/p>\n\n\n\n<figure class=\"wp-block-image size-full\"><a href=\"https:\/\/i0.wp.com\/elterritorialweb.com.ar\/web\/wp-content\/uploads\/2022\/04\/unnamed-1.jpg\"><img data-recalc-dims=\"1\" decoding=\"async\" width=\"640\" height=\"452\" data-src=\"https:\/\/i0.wp.com\/elterritorialweb.com.ar\/web\/wp-content\/uploads\/2022\/04\/unnamed-1.jpg?resize=640%2C452\" alt=\"\" class=\"wp-image-38427 lazyload\" data-srcset=\"https:\/\/i0.wp.com\/elterritorialweb.com.ar\/web\/wp-content\/uploads\/2022\/04\/unnamed-1.jpg?w=928 928w, https:\/\/i0.wp.com\/elterritorialweb.com.ar\/web\/wp-content\/uploads\/2022\/04\/unnamed-1.jpg?resize=300%2C212 300w, https:\/\/i0.wp.com\/elterritorialweb.com.ar\/web\/wp-content\/uploads\/2022\/04\/unnamed-1.jpg?resize=768%2C542 768w\" data-sizes=\"(max-width: 640px) 100vw, 640px\" src=\"data:image\/svg+xml;base64,PHN2ZyB3aWR0aD0iMSIgaGVpZ2h0PSIxIiB4bWxucz0iaHR0cDovL3d3dy53My5vcmcvMjAwMC9zdmciPjwvc3ZnPg==\" style=\"--smush-placeholder-width: 640px; --smush-placeholder-aspect-ratio: 640\/452;\" \/><\/a><\/figure>\n\n\n\n<p>El&nbsp;<strong>C\u00f3nsul Argentino en Mil\u00e1n, Luis Niscovolos<\/strong>, tambi\u00e9n estuvo presente y asegur\u00f3 que el vuelo&nbsp;<em>\u201ces de suma importancia para la reactivaci\u00f3n del turismo, como muestra de la importancia hist\u00f3rica, cultural, comercial y econ\u00f3mica de nuestra relaci\u00f3n. La mayor conectividad ser\u00e1 una herramienta fundamental para las econom\u00edas regionales. Es un gran avance y esperamos que muchos italianos puedan conocer las bellezas de Argentina\u201d<\/em>.<br>&nbsp;<br>Por su parte, el&nbsp;<strong>Director Comercial de Aerol\u00edneas Argentinas, Fabi\u00e1n Lombardo<\/strong>, destac\u00f3 que&nbsp;<em>\u201cadem\u00e1s de la conexi\u00f3n directa entre Roma y Buenos Aires, este vuelo nos permite captar viajeros de otras partes de Italia y de Europa con la posibilidad de que, al llegar a Buenos Aires, puedan llegar a algunos de los 37 destinos argentinos donde vuela la compa\u00f1\u00eda\u201d<\/em>.<br>&nbsp;<br>El vuelo desde la capital italiana saldr\u00e1 los&nbsp;<strong>lunes, mi\u00e9rcoles y viernes a las 19.15<\/strong>. De esta manera, la aerol\u00ednea de bandera, tras recuperar el vuelo de Madrid a Buenos Aires, vuelve a dar otro gran paso para la reactivaci\u00f3n tur\u00edstica del pa\u00eds.&nbsp;<\/p>\n","protected":false},"excerpt":{"rendered":"<p>Durante la presentaci\u00f3n del regreso del vuelo Roma-Buenos Aires para el 3 de junio, en la feria BIT Mil\u00e1n 2022, el p\u00fablico italiano se mostr\u00f3 expectante y con deseos de visitar los destinos argentinos.<\/p>\n","protected":false},"author":2,"featured_media":38426,"comment_status":"open","ping_status":"open","sticky":false,"template":"","format":"standard","meta":{"om_disable_all_campaigns":false,"_monsterinsights_skip_tracking":false,"_monsterinsights_sitenote_active":false,"_monsterinsights_sitenote_note":"","_monsterinsights_sitenote_category":0,"_uf_show_specific_survey":0,"_uf_disable_surveys":false,"jetpack_post_was_ever_published":false,"_jetpack_newsletter_access":"","_jetpack_dont_email_post_to_subs":false,"_jetpack_newsletter_tier_id":0,"_jetpack_memberships_contains_paywalled_content":false,"_jetpack_memberships_contains_paid_content":false,"footnotes":"","jetpack_publicize_message":"","jetpack_publicize_feature_enabled":true,"jetpack_social_post_already_shared":false,"jetpack_social_options":{"image_generator_settings":{"template":"highway","default_image_id":0,"font":"","enabled":false},"version":2}},"categories":[29],"tags":[],"class_list":["post-38425","post","type-post","status-publish","format-standard","has-post-thumbnail","hentry","category-turismo"],"aioseo_notices":[],"views":7,"jetpack_publicize_connections":[],"jetpack_featured_media_url":"https:\/\/i0.wp.com\/elterritorialweb.com.ar\/web\/wp-content\/uploads\/2022\/04\/unnamed-scaled.jpg?fit=2560%2C1439","jetpack_sharing_enabled":true,"_links":{"self":[{"href":"http:\/\/elterritorialweb.com.ar\/web\/wp-json\/wp\/v2\/posts\/38425","targetHints":{"allow":["GET"]}}],"collection":[{"href":"http:\/\/elterritorialweb.com.ar\/web\/wp-json\/wp\/v2\/posts"}],"about":[{"href":"http:\/\/elterritorialweb.com.ar\/web\/wp-json\/wp\/v2\/types\/post"}],"author":[{"embeddable":true,"href":"http:\/\/elterritorialweb.com.ar\/web\/wp-json\/wp\/v2\/users\/2"}],"replies":[{"embeddable":true,"href":"http:\/\/elterritorialweb.com.ar\/web\/wp-json\/wp\/v2\/comments?post=38425"}],"version-history":[{"count":1,"href":"http:\/\/elterritorialweb.com.ar\/web\/wp-json\/wp\/v2\/posts\/38425\/revisions"}],"predecessor-version":[{"id":38428,"href":"http:\/\/elterritorialweb.com.ar\/web\/wp-json\/wp\/v2\/posts\/38425\/revisions\/38428"}],"wp:featuredmedia":[{"embeddable":true,"href":"http:\/\/elterritorialweb.com.ar\/web\/wp-json\/wp\/v2\/media\/38426"}],"wp:attachment":[{"href":"http:\/\/elterritorialweb.com.ar\/web\/wp-json\/wp\/v2\/media?parent=38425"}],"wp:term":[{"taxonomy":"category","embeddable":true,"href":"http:\/\/elterritorialweb.com.ar\/web\/wp-json\/wp\/v2\/categories?post=38425"},{"taxonomy":"post_tag","embeddable":true,"href":"http:\/\/elterritorialweb.com.ar\/web\/wp-json\/wp\/v2\/tags?post=38425"}],"curies":[{"name":"wp","href":"https:\/\/api.w.org\/{rel}","templated":true}]}}