{"id":38429,"date":"2022-04-12T01:23:54","date_gmt":"2022-04-12T01:23:54","guid":{"rendered":"http:\/\/elterritorialweb.com.ar\/web\/?p=38429"},"modified":"2022-04-12T01:23:55","modified_gmt":"2022-04-12T01:23:55","slug":"fuentes-entrego-equipamiento-al-personal-de-limpieza-de-las-peatonales","status":"publish","type":"post","link":"http:\/\/elterritorialweb.com.ar\/web\/fuentes-entrego-equipamiento-al-personal-de-limpieza-de-las-peatonales\/","title":{"rendered":"FUENTES ENTREG\u00d3 EQUIPAMIENTO AL PERSONAL DE LIMPIEZA DE LAS PEATONALES"},"content":{"rendered":"\n<p>En la ocasi\u00f3n, la jefa comunal reiter\u00f3 el reconocimiento a los trabajadores que desarrollaron su tarea durante la pandemia ya que, \u00abincluso en las condiciones m\u00e1s adversas, nunca dejaron de cumplir con su deber\u00bb.<\/p>\n\n\n\n<p>Adem\u00e1s, destac\u00f3 la pol\u00edtica sanitaria llevada adelante por el gobernador Gerardo Zamora, \u00abque puso como prioridad la vacunaci\u00f3n para los empleados de las \u00e1reas operativas, entendiendo que la funci\u00f3n que desempe\u00f1an es fundamental para el bienestar de los vecinos\u00bb.<\/p>\n\n\n\n<p>\u00abEs un orgullo para todo el gabinete entregarles estos insumos que les permitir\u00e1n desarrollar su tarea de forma m\u00e1s eficiente y, sobre todo, generar un sentimiento de pertenencia a esta gran familia municipal\u00bb, expres\u00f3.<\/p>\n\n\n\n<p>Por su parte, el director de Servicios Urbanos, H\u00e9ctor Batalla, resalt\u00f3 que \u00abde forma constante, la gesti\u00f3n de la intendente Fuentes otorga a los empleados las herramientas necesarias para que cumplan con su deber de forma segura\u00bb.<\/p>\n\n\n\n<p>Asimismo, agradeci\u00f3 al personal \u00abpor su enorme compromiso para mantener en buenas condiciones el microcentro y todos los dem\u00e1s sectores de la ciudad\u00bb.<\/p>\n\n\n\n<p>En esta oportunidad, se otorgaron carros multifunci\u00f3n con doble bandeja pl\u00e1stica, base para bolsa, porta bolsa y tapa de seguridad; adem\u00e1s de palas, escobas, escobillas y uniformes compuestos por camisa, pantal\u00f3n y botines.<\/p>\n","protected":false},"excerpt":{"rendered":"<p>Dando continuidad a la provisi\u00f3n de equipamientos e insumos para el personal municipal, la intendente de la Capital, Ing. Norma Fuentes, realiz\u00f3 una entrega de uniformes y herramientas de trabajo al personal femenino de la Direcci\u00f3n de Servicios Urbanos, que se encarga del mantenimiento y limpieza diaria de las peatonales y los alrededores de la Plaza Libertad.<\/p>\n","protected":false},"author":2,"featured_media":38430,"comment_status":"open","ping_status":"open","sticky":false,"template":"","format":"standard","meta":{"om_disable_all_campaigns":false,"_monsterinsights_skip_tracking":false,"_monsterinsights_sitenote_active":false,"_monsterinsights_sitenote_note":"","_monsterinsights_sitenote_category":0,"_uf_show_specific_survey":0,"_uf_disable_surveys":false,"jetpack_post_was_ever_published":false,"_jetpack_newsletter_access":"","_jetpack_dont_email_post_to_subs":false,"_jetpack_newsletter_tier_id":0,"_jetpack_memberships_contains_paywalled_content":false,"_jetpack_memberships_contains_paid_content":false,"footnotes":"","jetpack_publicize_message":"","jetpack_publicize_feature_enabled":true,"jetpack_social_post_already_shared":false,"jetpack_social_options":{"image_generator_settings":{"template":"highway","default_image_id":0,"font":"","enabled":false},"version":2}},"categories":[21],"tags":[],"class_list":["post-38429","post","type-post","status-publish","format-standard","has-post-thumbnail","hentry","category-locales"],"aioseo_notices":[],"views":4,"jetpack_publicize_connections":[],"jetpack_featured_media_url":"https:\/\/i0.wp.com\/elterritorialweb.com.ar\/web\/wp-content\/uploads\/2022\/04\/entrega-uniformes-personal-femenino.jpg?fit=1600%2C1067","jetpack_sharing_enabled":true,"_links":{"self":[{"href":"http:\/\/elterritorialweb.com.ar\/web\/wp-json\/wp\/v2\/posts\/38429","targetHints":{"allow":["GET"]}}],"collection":[{"href":"http:\/\/elterritorialweb.com.ar\/web\/wp-json\/wp\/v2\/posts"}],"about":[{"href":"http:\/\/elterritorialweb.com.ar\/web\/wp-json\/wp\/v2\/types\/post"}],"author":[{"embeddable":true,"href":"http:\/\/elterritorialweb.com.ar\/web\/wp-json\/wp\/v2\/users\/2"}],"replies":[{"embeddable":true,"href":"http:\/\/elterritorialweb.com.ar\/web\/wp-json\/wp\/v2\/comments?post=38429"}],"version-history":[{"count":1,"href":"http:\/\/elterritorialweb.com.ar\/web\/wp-json\/wp\/v2\/posts\/38429\/revisions"}],"predecessor-version":[{"id":38431,"href":"http:\/\/elterritorialweb.com.ar\/web\/wp-json\/wp\/v2\/posts\/38429\/revisions\/38431"}],"wp:featuredmedia":[{"embeddable":true,"href":"http:\/\/elterritorialweb.com.ar\/web\/wp-json\/wp\/v2\/media\/38430"}],"wp:attachment":[{"href":"http:\/\/elterritorialweb.com.ar\/web\/wp-json\/wp\/v2\/media?parent=38429"}],"wp:term":[{"taxonomy":"category","embeddable":true,"href":"http:\/\/elterritorialweb.com.ar\/web\/wp-json\/wp\/v2\/categories?post=38429"},{"taxonomy":"post_tag","embeddable":true,"href":"http:\/\/elterritorialweb.com.ar\/web\/wp-json\/wp\/v2\/tags?post=38429"}],"curies":[{"name":"wp","href":"https:\/\/api.w.org\/{rel}","templated":true}]}}