{"id":38530,"date":"2022-04-13T05:03:23","date_gmt":"2022-04-13T05:03:23","guid":{"rendered":"http:\/\/elterritorialweb.com.ar\/web\/?p=38530"},"modified":"2022-04-13T05:03:24","modified_gmt":"2022-04-13T05:03:24","slug":"la-intendente-fuentes-entrego-indumentaria-de-trabajo-a-personal-del-cementerio","status":"publish","type":"post","link":"http:\/\/elterritorialweb.com.ar\/web\/la-intendente-fuentes-entrego-indumentaria-de-trabajo-a-personal-del-cementerio\/","title":{"rendered":"LA INTENDENTE FUENTES ENTREG\u00d3 INDUMENTARIA DE TRABAJO A PERSONAL DEL CEMENTERIO"},"content":{"rendered":"\n<p>La ceremonia, desarrollada en las instalaciones de la necr\u00f3polis capitalina, tambi\u00e9n cont\u00f3 con la presencia de los secretarios de Coordinaci\u00f3n de Gabinete, Alejandra Yoshitake; de Planeamiento, Obras y Servicios P\u00fablicos, Jorge Vila y del subdirector de la mencionada repartici\u00f3n, C\u00e9sar Infante.<br>En este sentido, la jefa comunal destac\u00f3 que, a pocos d\u00edas de conmemorarse una fecha tan importante para la religi\u00f3n cristiana, \u00abera necesario renovar el equipamiento de los empleados que se encargan de mantener en buenas condiciones este lugar tan caro para el sentimiento de los vecinos, en donde descansan nuestros seres queridos\u00bb.<br>\u00abEs importante recordar que, a\u00fan en los momentos m\u00e1s dif\u00edciles de la pandemia, no han dejado nunca de trabajar, cumpliendo con todos los protocolos y medidas de seguridad para garantizar la salud de todas las personas que asistan a visitar a sus deudos\u00bb, indic\u00f3.<br>Adem\u00e1s, la intendente Fuentes remarc\u00f3 que \u00abseguir\u00e1n mejor\u00e1ndose los servicios que desde esta repartici\u00f3n se brindan a los santiague\u00f1os, con nuevas obras de remodelaci\u00f3n y nuevas maquinarias, que les permitan desarrollar su labor de manera m\u00e1s eficiente\u00bb.<br>Por su parte, Infante agradeci\u00f3 al gabinete municipal \u00abpor preocuparse de que a ning\u00fan empleado le falten sus herramientas de trabajo\u00bb. Tambi\u00e9n inform\u00f3 que, durante la Semana Santa, la necr\u00f3polis abrir\u00e1 sus puertas en el horario de 7:30 a 18, mientras que la tradicional misa se celebrar\u00e1 el d\u00eda domingo a las 9 de la ma\u00f1ana.<\/p>\n","protected":false},"excerpt":{"rendered":"<p>La intendente de la Capital, Ing. Norma Fuentes, otorg\u00f3 uniformes compuestos por borcegos, pantalones, camisas y gorras a los empleados del cementerio La Piedad, en el marco del programa de entrega de indumentaria y recursos que se viene realizando al personal de las diferentes \u00e1reas operativas del municipio.<\/p>\n","protected":false},"author":2,"featured_media":38531,"comment_status":"open","ping_status":"open","sticky":false,"template":"","format":"standard","meta":{"om_disable_all_campaigns":false,"_monsterinsights_skip_tracking":false,"_monsterinsights_sitenote_active":false,"_monsterinsights_sitenote_note":"","_monsterinsights_sitenote_category":0,"_uf_show_specific_survey":0,"_uf_disable_surveys":false,"jetpack_post_was_ever_published":false,"_jetpack_newsletter_access":"","_jetpack_dont_email_post_to_subs":false,"_jetpack_newsletter_tier_id":0,"_jetpack_memberships_contains_paywalled_content":false,"_jetpack_memberships_contains_paid_content":false,"footnotes":"","jetpack_publicize_message":"","jetpack_publicize_feature_enabled":true,"jetpack_social_post_already_shared":false,"jetpack_social_options":{"image_generator_settings":{"template":"highway","default_image_id":0,"font":"","enabled":false},"version":2}},"categories":[21],"tags":[],"class_list":["post-38530","post","type-post","status-publish","format-standard","has-post-thumbnail","hentry","category-locales"],"aioseo_notices":[],"views":7,"jetpack_publicize_connections":[],"jetpack_featured_media_url":"https:\/\/i0.wp.com\/elterritorialweb.com.ar\/web\/wp-content\/uploads\/2022\/04\/Intendente-entrega-indumentaria-cementerio.jpg?fit=1600%2C1021","jetpack_sharing_enabled":true,"_links":{"self":[{"href":"http:\/\/elterritorialweb.com.ar\/web\/wp-json\/wp\/v2\/posts\/38530","targetHints":{"allow":["GET"]}}],"collection":[{"href":"http:\/\/elterritorialweb.com.ar\/web\/wp-json\/wp\/v2\/posts"}],"about":[{"href":"http:\/\/elterritorialweb.com.ar\/web\/wp-json\/wp\/v2\/types\/post"}],"author":[{"embeddable":true,"href":"http:\/\/elterritorialweb.com.ar\/web\/wp-json\/wp\/v2\/users\/2"}],"replies":[{"embeddable":true,"href":"http:\/\/elterritorialweb.com.ar\/web\/wp-json\/wp\/v2\/comments?post=38530"}],"version-history":[{"count":1,"href":"http:\/\/elterritorialweb.com.ar\/web\/wp-json\/wp\/v2\/posts\/38530\/revisions"}],"predecessor-version":[{"id":38532,"href":"http:\/\/elterritorialweb.com.ar\/web\/wp-json\/wp\/v2\/posts\/38530\/revisions\/38532"}],"wp:featuredmedia":[{"embeddable":true,"href":"http:\/\/elterritorialweb.com.ar\/web\/wp-json\/wp\/v2\/media\/38531"}],"wp:attachment":[{"href":"http:\/\/elterritorialweb.com.ar\/web\/wp-json\/wp\/v2\/media?parent=38530"}],"wp:term":[{"taxonomy":"category","embeddable":true,"href":"http:\/\/elterritorialweb.com.ar\/web\/wp-json\/wp\/v2\/categories?post=38530"},{"taxonomy":"post_tag","embeddable":true,"href":"http:\/\/elterritorialweb.com.ar\/web\/wp-json\/wp\/v2\/tags?post=38530"}],"curies":[{"name":"wp","href":"https:\/\/api.w.org\/{rel}","templated":true}]}}