{"id":38536,"date":"2022-04-13T10:24:37","date_gmt":"2022-04-13T10:24:37","guid":{"rendered":"http:\/\/elterritorialweb.com.ar\/web\/?p=38536"},"modified":"2022-04-13T10:38:18","modified_gmt":"2022-04-13T10:38:18","slug":"la-intendente-fuentes-mantuvo-una-videoconferencia-con-la-embajadora-de-francia-en-argentina","status":"publish","type":"post","link":"http:\/\/elterritorialweb.com.ar\/web\/la-intendente-fuentes-mantuvo-una-videoconferencia-con-la-embajadora-de-francia-en-argentina\/","title":{"rendered":"LA INTENDENTE FUENTES MANTUVO UNA VIDEOCONFERENCIA CON LA EMBAJADORA DE FRANCIA EN ARGENTINA"},"content":{"rendered":"\n<p>La intendente de la ciudad Capital, Ing. Norma Fuentes, mantuvo una audiencia mediante videoconferencia con la embajadora de Francia en Argentina, Claudia Scherer-Effosse, en la cual establecieron una agenda de temas comunes a profundizar.<br>Capacitaci\u00f3n y experiencias locales en movilidad sostenible y urbanismo, transici\u00f3n energ\u00e9tica y turismo sostenible\u201d, a cargo del Centro Nacional de la Funci\u00f3n P\u00fablica Territorial de Francia (CNFPT) y la Direcci\u00f3n General de Cooperaci\u00f3n Internacional del Ministerio de Relaciones Exteriores y Culto de nuestro pa\u00eds.<br>La cooperaci\u00f3n en materia ambiental, movilidad sostenible y el turismo religioso y de convenciones fueron algunos de los puntos del di\u00e1logo.<br>Durante la audiencia, la Ing. Fuentes record\u00f3 la vinculaci\u00f3n que la ciudad mantiene desde fines del Siglo XIX con la Naci\u00f3n Francesa en el \u00e1mbito cultural, industrial y pol\u00edtico, ya que Pedro Saint Germes, dio origen al Ingenio Contreras, que produjo az\u00facar santiague\u00f1a premiada en la Exposici\u00f3n Universal de Par\u00eds de 1889.<br>Asimismo, destac\u00f3 la figura de Pablo Mazure, Emilio y Duncan Wagner; y en el \u00e1mbito pol\u00edtico, resalt\u00f3 la figura de Julien Santiago Tardieu, un pol\u00edtico franc\u00e9s nacido en Santiago del Estero, quien lleg\u00f3 a presidir el Concejo Municipal de Paris.<br>Finalmente, la embajadora manifest\u00f3 a la intendente Fuentes el deseo de conocer Santiago del Estero y poder compartir un encuentro con los descendientes de aquella inmigraci\u00f3n recibida durante el Siglo XIX.<\/p>\n","protected":false},"excerpt":{"rendered":"<p>El encuentro virtual fue producto de la participaci\u00f3n de funcionarios municipales en la Jornada \u201cGesti\u00f3n territorial en Francia: <\/p>\n","protected":false},"author":2,"featured_media":38540,"comment_status":"open","ping_status":"open","sticky":false,"template":"","format":"standard","meta":{"om_disable_all_campaigns":false,"_monsterinsights_skip_tracking":false,"_monsterinsights_sitenote_active":false,"_monsterinsights_sitenote_note":"","_monsterinsights_sitenote_category":0,"_uf_show_specific_survey":0,"_uf_disable_surveys":false,"jetpack_post_was_ever_published":false,"_jetpack_newsletter_access":"","_jetpack_dont_email_post_to_subs":false,"_jetpack_newsletter_tier_id":0,"_jetpack_memberships_contains_paywalled_content":false,"_jetpack_memberships_contains_paid_content":false,"footnotes":"","jetpack_publicize_message":"","jetpack_publicize_feature_enabled":true,"jetpack_social_post_already_shared":false,"jetpack_social_options":{"image_generator_settings":{"template":"highway","default_image_id":0,"font":"","enabled":false},"version":2}},"categories":[21],"tags":[],"class_list":["post-38536","post","type-post","status-publish","format-standard","has-post-thumbnail","hentry","category-locales"],"aioseo_notices":[],"views":10,"jetpack_publicize_connections":[],"jetpack_featured_media_url":"https:\/\/i0.wp.com\/elterritorialweb.com.ar\/web\/wp-content\/uploads\/2022\/04\/png_20220413_073552_0000.png?fit=2000%2C1600","jetpack_sharing_enabled":true,"_links":{"self":[{"href":"http:\/\/elterritorialweb.com.ar\/web\/wp-json\/wp\/v2\/posts\/38536","targetHints":{"allow":["GET"]}}],"collection":[{"href":"http:\/\/elterritorialweb.com.ar\/web\/wp-json\/wp\/v2\/posts"}],"about":[{"href":"http:\/\/elterritorialweb.com.ar\/web\/wp-json\/wp\/v2\/types\/post"}],"author":[{"embeddable":true,"href":"http:\/\/elterritorialweb.com.ar\/web\/wp-json\/wp\/v2\/users\/2"}],"replies":[{"embeddable":true,"href":"http:\/\/elterritorialweb.com.ar\/web\/wp-json\/wp\/v2\/comments?post=38536"}],"version-history":[{"count":1,"href":"http:\/\/elterritorialweb.com.ar\/web\/wp-json\/wp\/v2\/posts\/38536\/revisions"}],"predecessor-version":[{"id":38538,"href":"http:\/\/elterritorialweb.com.ar\/web\/wp-json\/wp\/v2\/posts\/38536\/revisions\/38538"}],"wp:featuredmedia":[{"embeddable":true,"href":"http:\/\/elterritorialweb.com.ar\/web\/wp-json\/wp\/v2\/media\/38540"}],"wp:attachment":[{"href":"http:\/\/elterritorialweb.com.ar\/web\/wp-json\/wp\/v2\/media?parent=38536"}],"wp:term":[{"taxonomy":"category","embeddable":true,"href":"http:\/\/elterritorialweb.com.ar\/web\/wp-json\/wp\/v2\/categories?post=38536"},{"taxonomy":"post_tag","embeddable":true,"href":"http:\/\/elterritorialweb.com.ar\/web\/wp-json\/wp\/v2\/tags?post=38536"}],"curies":[{"name":"wp","href":"https:\/\/api.w.org\/{rel}","templated":true}]}}