{"id":38586,"date":"2022-04-14T03:06:32","date_gmt":"2022-04-14T03:06:32","guid":{"rendered":"http:\/\/elterritorialweb.com.ar\/web\/?p=38586"},"modified":"2022-04-14T03:13:01","modified_gmt":"2022-04-14T03:13:01","slug":"la-inflacion-de-marzo-registro-un-incremento-de-67-en-argentina","status":"publish","type":"post","link":"http:\/\/elterritorialweb.com.ar\/web\/la-inflacion-de-marzo-registro-un-incremento-de-67-en-argentina\/","title":{"rendered":"LA INFLACI\u00d3N DE MARZO REGISTR\u00d3 UN INCREMENTO DE 6,7% EN ARGENTINA"},"content":{"rendered":"\n<p>El \u00edndice de precios al consumidor registr\u00f3 en marzo un incremento de 6,7%, con lo que la inflaci\u00f3n minorista acumul\u00f3 una suba del 16,1% en el primer trimestre del a\u00f1o y del 55,1% en los \u00faltimos 12 meses, inform\u00f3 este mi\u00e9rcoles el Instituto Nacional de Estad\u00edstica y Censos (Indec).<\/p>\n\n\n\n<p>Tres rubros lideraron la suba:&nbsp;<strong>Educaci\u00f3n<\/strong>, con un alza del&nbsp;<strong>23,6%<\/strong>&nbsp;debido al incremento de las cuotas de los colegios privados;&nbsp;<strong>Prendas de vestir y Calzado<\/strong>, con un avance del&nbsp;<strong>10,9%<\/strong>&nbsp;por el cambio de temporada; y&nbsp;<strong>Vivienda, agua, electricidad y gas<\/strong>, con un aumento de&nbsp;<strong>7,7%<\/strong>&nbsp;por el ajuste de tarifas.<\/p>\n\n\n\n<p>A esto se sum\u00f3 el aumento del&nbsp;<strong>7,2%<\/strong>&nbsp;en&nbsp;<strong>Alimentos y bebidas no alcoh\u00f3licas<\/strong>, la divisi\u00f3n que finalmente tuvo la mayor incidencia en el resultado de marzo del \u00edndice en todas las regiones del pa\u00eds.<\/p>\n\n\n\n<p>En este \u00edtem se destacaron el aumento de Pan y cereales; Leche, productos l\u00e1cteos y huevos; Carnes y derivados; y Az\u00facar, dulces, chocolate, golosinas, precis\u00f3 el Indec.<\/p>\n\n\n\n<figure class=\"wp-block-embed is-type-rich is-provider-twitter wp-block-embed-twitter\"><div class=\"wp-block-embed__wrapper\">\n<blockquote class=\"twitter-tweet\" data-width=\"550\" data-dnt=\"true\"><p lang=\"es\" dir=\"ltr\"><a href=\"https:\/\/twitter.com\/hashtag\/DatoINDEC?src=hash&amp;ref_src=twsrc%5Etfw\">#DatoINDEC<\/a><br>Los precios al consumidor (<a href=\"https:\/\/twitter.com\/hashtag\/IPC?src=hash&amp;ref_src=twsrc%5Etfw\">#IPC<\/a>) subieron 6,7% en marzo de 2022 respecto de febrero y 55,1% interanual. Acumularon un alza de 16,1% en el 1\u00b0 trimestre <a href=\"https:\/\/t.co\/EKX6m9uEoj\">https:\/\/t.co\/EKX6m9uEoj<\/a> <a href=\"https:\/\/t.co\/gROwLZIVmv\">pic.twitter.com\/gROwLZIVmv<\/a><\/p>&mdash; INDEC Argentina (@INDECArgentina) <a href=\"https:\/\/twitter.com\/INDECArgentina\/status\/1514317554336079872?ref_src=twsrc%5Etfw\">April 13, 2022<\/a><\/blockquote><script async src=\"https:\/\/platform.twitter.com\/widgets.js\" charset=\"utf-8\"><\/script>\n<\/div><\/figure>\n\n\n\n<p>Luego de que el Indec informara los datos de marzo, desde el Palacio de Hacienda se\u00f1alaron que la inflaci\u00f3n&nbsp;<strong>\u201cse aceler\u00f3 impulsada tambi\u00e9n por el contexto internacional\u00bb<\/strong>.<\/p>\n\n\n\n<p>En marzo,&nbsp;<strong>los precios \u201cRegulados\u201d aumentaron 8,4%&nbsp;<\/strong>y resultaron \u201cel mayor incremento\u00bb del mes, ya que, en promedio, aportaron 1,5 puntos porcentuales de la medici\u00f3n.<\/p>\n\n\n\n<p>Le sigui\u00f3 en importancia el IPC N\u00facleo, con el 6,4%, en tanto los productos y servicios Estacionales registraron un incremento de 6,2%, fundamentalmente por el alza de Prendas de vestir y calzado.<\/p>\n\n\n\n<p>Medido de otra manera, la suba del 6,7% registrada en marzo se explic\u00f3 en base a un&nbsp;<strong>alza del 4,28% en los precios de los bienes relevados y del 2,39% en los servicios<\/strong>.<\/p>\n\n\n\n<p>El lunes pasado, el ministro de Econom\u00eda, Mart\u00edn Guzm\u00e1n, anticip\u00f3 que \u201cla inflaci\u00f3n del mes de marzo va a ser la m\u00e1s alta del a\u00f1o, va a superar el 6%\u00bb.<\/p>\n\n\n\n<p><strong>La suba del 6,7% registrada en marzo es la m\u00e1s alta desde 2016 a la fecha.<\/strong><\/p>\n\n\n\n<p>En abril de 2016, el mayor registro se dio en septiembre de 2018, con una suba del 6,5 por ciento.<\/p>\n\n\n\n<p>En ese mes una corrida cambiaria y financiera deriv\u00f3 en una suba del d\u00f3lar, a lo que se sum\u00f3 una remarcaci\u00f3n de precios.<\/p>\n\n\n\n<p>Tras esta situaci\u00f3n lleg\u00f3 el anuncio de un segundo acuerdo con el Fondo Monetario Internacional (FMI), ya que el primero fue rubricado en junio, que elev\u00f3 el monto total del pr\u00e9stamo al pa\u00eds a US$57.000 millones.<\/p>\n\n\n\n<p>La segunda marca en nivel de importancia del IPC fue de 5,9 por ciento y se registr\u00f3 en septiembre de 2019, luego de que el d\u00f3lar pasara en agosto de ese a\u00f1o de $45 a $60 en un solo d\u00eda, tras la contundente victoria de la f\u00f3rmula del Frente de Todos sobre la lista oficialista que encabezaba Macri.<\/p>\n\n\n\n<p>En marzo pasado, la regi\u00f3n que registr\u00f3 el mayor nivel de inflaci\u00f3n fue la&nbsp;<strong>Patagonia&nbsp;<\/strong>con un incremento del 7,4%, seguida por las provincias del Noreste, con una suba de 7,2%.<\/p>\n\n\n\n<p>Tambi\u00e9n por encima del promedio general se ubicaron las provincias de Cuyo y del Noroeste, con un aumento de 6,8%.<\/p>\n\n\n\n<p>Por su parte, el&nbsp;<strong>\u00c1rea Metropolitana Buenos Aires<\/strong>&nbsp;-compuesta por la Ciudad de Buenos Aires y los partidos del conurbano bonaerense- marcaron un incremento promedio de 6,7%, mientras que en la regi\u00f3n Pampeana fue de 6,6%.<\/p>\n\n\n\n<p>En la&nbsp;<strong>Patagonia&nbsp;<\/strong>el rubro que mayor suba marc\u00f3 fue la Educaci\u00f3n, con un aumento del 42%, por el reajuste de las cuotas de los colegios privados; mientras que ese mismo \u00edtem en las provincias de Cuyo reflej\u00f3 una suba de 15%.<\/p>\n\n\n\n<p>En las provincias del&nbsp;<strong>Noreste<\/strong>, la divisi\u00f3n Vivienda, agua, gas y electricidad aument\u00f3 15,4%, el doble que el promedio nacional, que fue del 7,7% y casi el triple de lo registrado en el Noroeste, donde se ubic\u00f3 en el 5,6%.<\/p>\n\n\n\n<p>En los tres primeros meses del corriente a\u00f1o, el IPC general acumula a nivel pa\u00eds un incremento de 16,1%, con un alza del 20,9% en Alimentos y bebidas no alcoh\u00f3licas; 17,45% en Prendas de Vestir; 27,9% en Educaci\u00f3n;&nbsp;y 16,2% en Restaurantes y Hoteles, entre otros.<\/p>\n","protected":false},"excerpt":{"rendered":"<p>Los datos del organismo se\u00f1alan que en el primer trimestre del a\u00f1o acumula un alza del 16,1%, mientras que en la valor interanual asciende a  55,1%.<\/p>\n","protected":false},"author":2,"featured_media":38587,"comment_status":"open","ping_status":"open","sticky":false,"template":"","format":"standard","meta":{"om_disable_all_campaigns":false,"_monsterinsights_skip_tracking":false,"_monsterinsights_sitenote_active":false,"_monsterinsights_sitenote_note":"","_monsterinsights_sitenote_category":0,"_uf_show_specific_survey":0,"_uf_disable_surveys":false,"jetpack_post_was_ever_published":false,"_jetpack_newsletter_access":"","_jetpack_dont_email_post_to_subs":false,"_jetpack_newsletter_tier_id":0,"_jetpack_memberships_contains_paywalled_content":false,"_jetpack_memberships_contains_paid_content":false,"footnotes":"","jetpack_publicize_message":"","jetpack_publicize_feature_enabled":true,"jetpack_social_post_already_shared":false,"jetpack_social_options":{"image_generator_settings":{"template":"highway","default_image_id":0,"font":"","enabled":false},"version":2}},"categories":[4,2],"tags":[],"class_list":["post-38586","post","type-post","status-publish","format-standard","has-post-thumbnail","hentry","category-destacadas","category-economia"],"aioseo_notices":[],"views":8,"jetpack_publicize_connections":[],"jetpack_featured_media_url":"https:\/\/i0.wp.com\/elterritorialweb.com.ar\/web\/wp-content\/uploads\/2022\/04\/INFLACION-DE-MARZO-2022.jpg?fit=1023%2C682","jetpack_sharing_enabled":true,"_links":{"self":[{"href":"http:\/\/elterritorialweb.com.ar\/web\/wp-json\/wp\/v2\/posts\/38586","targetHints":{"allow":["GET"]}}],"collection":[{"href":"http:\/\/elterritorialweb.com.ar\/web\/wp-json\/wp\/v2\/posts"}],"about":[{"href":"http:\/\/elterritorialweb.com.ar\/web\/wp-json\/wp\/v2\/types\/post"}],"author":[{"embeddable":true,"href":"http:\/\/elterritorialweb.com.ar\/web\/wp-json\/wp\/v2\/users\/2"}],"replies":[{"embeddable":true,"href":"http:\/\/elterritorialweb.com.ar\/web\/wp-json\/wp\/v2\/comments?post=38586"}],"version-history":[{"count":2,"href":"http:\/\/elterritorialweb.com.ar\/web\/wp-json\/wp\/v2\/posts\/38586\/revisions"}],"predecessor-version":[{"id":38589,"href":"http:\/\/elterritorialweb.com.ar\/web\/wp-json\/wp\/v2\/posts\/38586\/revisions\/38589"}],"wp:featuredmedia":[{"embeddable":true,"href":"http:\/\/elterritorialweb.com.ar\/web\/wp-json\/wp\/v2\/media\/38587"}],"wp:attachment":[{"href":"http:\/\/elterritorialweb.com.ar\/web\/wp-json\/wp\/v2\/media?parent=38586"}],"wp:term":[{"taxonomy":"category","embeddable":true,"href":"http:\/\/elterritorialweb.com.ar\/web\/wp-json\/wp\/v2\/categories?post=38586"},{"taxonomy":"post_tag","embeddable":true,"href":"http:\/\/elterritorialweb.com.ar\/web\/wp-json\/wp\/v2\/tags?post=38586"}],"curies":[{"name":"wp","href":"https:\/\/api.w.org\/{rel}","templated":true}]}}