{"id":38590,"date":"2022-04-14T03:17:53","date_gmt":"2022-04-14T03:17:53","guid":{"rendered":"http:\/\/elterritorialweb.com.ar\/web\/?p=38590"},"modified":"2022-04-14T03:17:54","modified_gmt":"2022-04-14T03:17:54","slug":"se-reportaron-1-720-nuevos-casos-positivos-de-coronavirus-en-argentina","status":"publish","type":"post","link":"http:\/\/elterritorialweb.com.ar\/web\/se-reportaron-1-720-nuevos-casos-positivos-de-coronavirus-en-argentina\/","title":{"rendered":"SE REPORTARON 1.720 NUEVOS CASOS POSITIVOS DE CORONAVIRUS EN ARGENTINA"},"content":{"rendered":"\n<p>Fallecieron 17 personas y 1.720 fueron reportadas con coronavirus en las \u00faltimas 24 horas en la Argentina, con lo que<strong>&nbsp;suman 128.285 los fallecidos registrados oficialmente a nivel nacional y 9.057.923 los contagiados desde el inicio de la pandemia<\/strong>, inform\u00f3 este mi\u00e9rcoles el Ministerio de Salud.<\/p>\n\n\n\n<p>La cartera sanitaria indic\u00f3 que son 412 los internados con coronavirus en unidades de terapia intensiva, con un porcentaje de ocupaci\u00f3n de camas de adultos en el sector p\u00fablico y privado, para todas las patolog\u00edas, de 38% en el pa\u00eds y de 38,9% en el \u00c1rea Metropolitana de Buenos Aires.<\/p>\n\n\n\n<p>De acuerdo con el Monitor P\u00fablico de Vacunaci\u00f3n, el total de dosis aplicadas es de 97.506.637, de los cuales 40.669.751 corresponden a primeras dosis; 37.109.027 al esquema completo; 3.027.428 a una adicional y 16.700.431 a refuerzo, mientras que las vacunas distribuidas a las jurisdicciones llegan a 105.014.714 y las donadas a 5.083.000.<\/p>\n\n\n\n<p>De los 9.057.923 contagiados, 8.889.899 recibieron el alta y 39.739 son casos confirmados activos.<\/p>\n\n\n\n<p>El parte precis\u00f3 que murieron 12 hombres: 1 en Entre R\u00edos, 1 en Jujuy, 1 en Salta, 1 en Santa Cruz y 8 en Santa Fe.<\/p>\n\n\n\n<p>Tambi\u00e9n fallecieron 5 mujeres: 2 en la provincia de Buenos Aires, 1 en la Ciudad Aut\u00f3noma de Buenos Aires, 1 en Jujuy y 1 en Salta.<\/p>\n\n\n\n<p>Este mi\u00e9rcoles reportaron en la provincia de Buenos Aires 554 casos; en la Ciudad de Buenos Aires, 434; en Catamarca, 3; en Chaco, 2; en Chubut, 60; en Corrientes, 25; en C\u00f3rdoba, 119; en Entre R\u00edos, 22; en Formosa, 8; en Jujuy, 2; en La Pampa, 31; en La Rioja, 2; en Mendoza, 5; en Misiones, 214; en Neuqu\u00e9n, 23; en R\u00edo Negro, 33; en Salta, 4; en San Juan, 6; en San Luis, 32; en Santa Cruz, 40; en Santa Fe, 83; en Santiago del Estero, 2; en Tierra del Fuego, 1 y en Tucum\u00e1n, 15.<\/p>\n\n\n\n<p>El Ministerio indic\u00f3, adem\u00e1s, que se realizaron en las \u00faltimas 24 horas un total de 24.492 testeos y desde el inicio del brote ascienden a 35.681.964 las pruebas diagn\u00f3sticas para esta enfermedad.<\/p>\n\n\n\n<p>El total de acumulados por distrito indica para la provincia de Buenos Aires 3.549.129 casos; la Ciudad de Buenos Aires, 1.021.194; Catamarca, 86.969; Chaco, 167.671; Chubut, 118.367; Corrientes, 132.700; C\u00f3rdoba, 968.710; Entre R\u00edos, 201.197; Formosa, 113.976; Jujuy, 105.444; La Pampa, 106.630; La Rioja, 56.907; Mendoza, 272.321; Misiones, 68.096; Neuqu\u00e9n, 168.706; R\u00edo Negro, 147.193; Salta, 155.380; San Juan, 145.678; San Luis, 134.618; Santa Cruz, 88.093; Santa Fe, 739.588; Santiago del Estero, 124.881; Tierra del Fuego, 46.855; y Tucum\u00e1n, 337.622.<\/p>\n\n\n\n<p>Se incluyen casos existentes en las Islas Malvinas seg\u00fan informaci\u00f3n de prensa (debido a la ocupaci\u00f3n ilegal del Reino Unido, Gran Breta\u00f1a e Irlanda del Norte no es posible contar con informaci\u00f3n propia sobre el impacto de la Covid-19 en esa parte del territorio argentino).<\/p>\n","protected":false},"excerpt":{"rendered":"<p>Adem\u00e1s fallecieron 17 personas por lo que suman 128.285 los fallecidos registrados oficialmente a nivel nacional, mientras que los contagiados totalizan los 9.057.923 desde el inicio de la pandemia.<\/p>\n","protected":false},"author":2,"featured_media":38591,"comment_status":"open","ping_status":"open","sticky":false,"template":"","format":"standard","meta":{"om_disable_all_campaigns":false,"_monsterinsights_skip_tracking":false,"_monsterinsights_sitenote_active":false,"_monsterinsights_sitenote_note":"","_monsterinsights_sitenote_category":0,"_uf_show_specific_survey":0,"_uf_disable_surveys":false,"jetpack_post_was_ever_published":false,"_jetpack_newsletter_access":"","_jetpack_dont_email_post_to_subs":false,"_jetpack_newsletter_tier_id":0,"_jetpack_memberships_contains_paywalled_content":false,"_jetpack_memberships_contains_paid_content":false,"footnotes":"","jetpack_publicize_message":"","jetpack_publicize_feature_enabled":true,"jetpack_social_post_already_shared":false,"jetpack_social_options":{"image_generator_settings":{"template":"highway","default_image_id":0,"font":"","enabled":false},"version":2}},"categories":[3],"tags":[],"class_list":["post-38590","post","type-post","status-publish","format-standard","has-post-thumbnail","hentry","category-salud"],"aioseo_notices":[],"views":9,"jetpack_publicize_connections":[],"jetpack_featured_media_url":"https:\/\/i0.wp.com\/elterritorialweb.com.ar\/web\/wp-content\/uploads\/2022\/04\/REPORTE-DIARIO.jpg?fit=680%2C453","jetpack_sharing_enabled":true,"_links":{"self":[{"href":"http:\/\/elterritorialweb.com.ar\/web\/wp-json\/wp\/v2\/posts\/38590","targetHints":{"allow":["GET"]}}],"collection":[{"href":"http:\/\/elterritorialweb.com.ar\/web\/wp-json\/wp\/v2\/posts"}],"about":[{"href":"http:\/\/elterritorialweb.com.ar\/web\/wp-json\/wp\/v2\/types\/post"}],"author":[{"embeddable":true,"href":"http:\/\/elterritorialweb.com.ar\/web\/wp-json\/wp\/v2\/users\/2"}],"replies":[{"embeddable":true,"href":"http:\/\/elterritorialweb.com.ar\/web\/wp-json\/wp\/v2\/comments?post=38590"}],"version-history":[{"count":1,"href":"http:\/\/elterritorialweb.com.ar\/web\/wp-json\/wp\/v2\/posts\/38590\/revisions"}],"predecessor-version":[{"id":38592,"href":"http:\/\/elterritorialweb.com.ar\/web\/wp-json\/wp\/v2\/posts\/38590\/revisions\/38592"}],"wp:featuredmedia":[{"embeddable":true,"href":"http:\/\/elterritorialweb.com.ar\/web\/wp-json\/wp\/v2\/media\/38591"}],"wp:attachment":[{"href":"http:\/\/elterritorialweb.com.ar\/web\/wp-json\/wp\/v2\/media?parent=38590"}],"wp:term":[{"taxonomy":"category","embeddable":true,"href":"http:\/\/elterritorialweb.com.ar\/web\/wp-json\/wp\/v2\/categories?post=38590"},{"taxonomy":"post_tag","embeddable":true,"href":"http:\/\/elterritorialweb.com.ar\/web\/wp-json\/wp\/v2\/tags?post=38590"}],"curies":[{"name":"wp","href":"https:\/\/api.w.org\/{rel}","templated":true}]}}