{"id":38593,"date":"2022-04-14T03:31:15","date_gmt":"2022-04-14T03:31:15","guid":{"rendered":"http:\/\/elterritorialweb.com.ar\/web\/?p=38593"},"modified":"2022-04-14T03:33:01","modified_gmt":"2022-04-14T03:33:01","slug":"river-vencio-a-fortaleza-y-se-afianza-en-la-punta-del-grupo-f-de-la-libertadores","status":"publish","type":"post","link":"http:\/\/elterritorialweb.com.ar\/web\/river-vencio-a-fortaleza-y-se-afianza-en-la-punta-del-grupo-f-de-la-libertadores\/","title":{"rendered":"RIVER VENCI\u00d3 A FORTALEZA Y SE AFIANZA EN LA PUNTA DEL GRUPO F DE LA LIBERTADORES"},"content":{"rendered":"\n<p>River Plate venci\u00f3 a Fortaleza, de Brasil por 2 a 0, en la vuelta del publico al Monumental por Copa Libertadores despu\u00e9s de 30 meses, y se afianz\u00f3 como uno de los punteros del grupo F.<\/p>\n\n\n\n<figure class=\"wp-block-image size-full is-resized\"><a href=\"https:\/\/i0.wp.com\/elterritorialweb.com.ar\/web\/wp-content\/uploads\/2022\/04\/RIVER-1.jpg\"><img data-recalc-dims=\"1\" decoding=\"async\" data-src=\"https:\/\/i0.wp.com\/elterritorialweb.com.ar\/web\/wp-content\/uploads\/2022\/04\/RIVER-1.jpg?resize=640%2C426\" alt=\"\" class=\"wp-image-38595 lazyload\" width=\"640\" height=\"426\" data-srcset=\"https:\/\/i0.wp.com\/elterritorialweb.com.ar\/web\/wp-content\/uploads\/2022\/04\/RIVER-1.jpg?w=680 680w, https:\/\/i0.wp.com\/elterritorialweb.com.ar\/web\/wp-content\/uploads\/2022\/04\/RIVER-1.jpg?resize=300%2C200 300w\" data-sizes=\"(max-width: 640px) 100vw, 640px\" src=\"data:image\/svg+xml;base64,PHN2ZyB3aWR0aD0iMSIgaGVpZ2h0PSIxIiB4bWxucz0iaHR0cDovL3d3dy53My5vcmcvMjAwMC9zdmciPjwvc3ZnPg==\" style=\"--smush-placeholder-width: 640px; --smush-placeholder-aspect-ratio: 640\/426;\" \/><\/a><\/figure>\n\n\n\n<p>Enzo Fern\u00e1ndez y el uruguayo Nicol\u00e1s De La Cruz, con sendos remates de media distancia, marcaron los goles en un Monumental copado por m\u00e1s de 70 mil almas en la templada noche del barrio de Belgrano.<\/p>\n\n\n\n<figure class=\"wp-block-image size-full is-resized\"><a href=\"https:\/\/i0.wp.com\/elterritorialweb.com.ar\/web\/wp-content\/uploads\/2022\/04\/RIVER-2.jpg\"><img data-recalc-dims=\"1\" decoding=\"async\" data-src=\"https:\/\/i0.wp.com\/elterritorialweb.com.ar\/web\/wp-content\/uploads\/2022\/04\/RIVER-2.jpg?resize=640%2C426\" alt=\"\" class=\"wp-image-38596 lazyload\" width=\"640\" height=\"426\" data-srcset=\"https:\/\/i0.wp.com\/elterritorialweb.com.ar\/web\/wp-content\/uploads\/2022\/04\/RIVER-2.jpg?w=680 680w, https:\/\/i0.wp.com\/elterritorialweb.com.ar\/web\/wp-content\/uploads\/2022\/04\/RIVER-2.jpg?resize=300%2C200 300w\" data-sizes=\"(max-width: 640px) 100vw, 640px\" src=\"data:image\/svg+xml;base64,PHN2ZyB3aWR0aD0iMSIgaGVpZ2h0PSIxIiB4bWxucz0iaHR0cDovL3d3dy53My5vcmcvMjAwMC9zdmciPjwvc3ZnPg==\" style=\"--smush-placeholder-width: 640px; --smush-placeholder-aspect-ratio: 640\/426;\" \/><\/a><\/figure>\n\n\n\n<p>Con este resultado, River Plate suma 6 unidades y est\u00e1 puntero junto con Colo Colo de Chile que venci\u00f3 2-1 a Alianza Lima, en Santiago. El equipo de Marcelo Gallardo (+3) tiene mejor diferencia de gol que su par chileno (+2), al cual enfrentar\u00e1 en la pr\u00f3xima fecha, el 27 de abril, en la capital trasandina.<\/p>\n\n\n\n<figure class=\"wp-block-image size-full is-resized\"><a href=\"https:\/\/i0.wp.com\/elterritorialweb.com.ar\/web\/wp-content\/uploads\/2022\/04\/RIVER-3.jpg\"><img data-recalc-dims=\"1\" decoding=\"async\" data-src=\"https:\/\/i0.wp.com\/elterritorialweb.com.ar\/web\/wp-content\/uploads\/2022\/04\/RIVER-3.jpg?resize=640%2C426\" alt=\"\" class=\"wp-image-38597 lazyload\" width=\"640\" height=\"426\" data-srcset=\"https:\/\/i0.wp.com\/elterritorialweb.com.ar\/web\/wp-content\/uploads\/2022\/04\/RIVER-3.jpg?w=680 680w, https:\/\/i0.wp.com\/elterritorialweb.com.ar\/web\/wp-content\/uploads\/2022\/04\/RIVER-3.jpg?resize=300%2C200 300w\" data-sizes=\"(max-width: 640px) 100vw, 640px\" src=\"data:image\/svg+xml;base64,PHN2ZyB3aWR0aD0iMSIgaGVpZ2h0PSIxIiB4bWxucz0iaHR0cDovL3d3dy53My5vcmcvMjAwMC9zdmciPjwvc3ZnPg==\" style=\"--smush-placeholder-width: 640px; --smush-placeholder-aspect-ratio: 640\/426;\" \/><\/a><\/figure>\n\n\n\n<p>El \u00faltimo campe\u00f3n del f\u00fatbol argentino resolvi\u00f3 con dos golazos ante un rival que le present\u00f3 batalla en el campo de juego, con un mediocampo combativo, y un ataque r\u00e1pido en la contra.<\/p>\n\n\n\n<figure class=\"wp-block-image size-full is-resized\"><a href=\"https:\/\/i0.wp.com\/elterritorialweb.com.ar\/web\/wp-content\/uploads\/2022\/04\/RIVER-4.jpg\"><img data-recalc-dims=\"1\" decoding=\"async\" data-src=\"https:\/\/i0.wp.com\/elterritorialweb.com.ar\/web\/wp-content\/uploads\/2022\/04\/RIVER-4.jpg?resize=640%2C426\" alt=\"\" class=\"wp-image-38598 lazyload\" width=\"640\" height=\"426\" data-srcset=\"https:\/\/i0.wp.com\/elterritorialweb.com.ar\/web\/wp-content\/uploads\/2022\/04\/RIVER-4.jpg?w=680 680w, https:\/\/i0.wp.com\/elterritorialweb.com.ar\/web\/wp-content\/uploads\/2022\/04\/RIVER-4.jpg?resize=300%2C200 300w\" data-sizes=\"(max-width: 640px) 100vw, 640px\" src=\"data:image\/svg+xml;base64,PHN2ZyB3aWR0aD0iMSIgaGVpZ2h0PSIxIiB4bWxucz0iaHR0cDovL3d3dy53My5vcmcvMjAwMC9zdmciPjwvc3ZnPg==\" style=\"--smush-placeholder-width: 640px; --smush-placeholder-aspect-ratio: 640\/426;\" \/><\/a><\/figure>\n\n\n\n<p>Si bien River dispuso del control del juego en gran parte del encuentro, Fortaleza mostr\u00f3 los dientes en el inicio con Mois\u00e9s. Primero con un desborde sobre la franja cubierta por Andr\u00e9s Herrera para un centro que encontr\u00f3 a Renato Kayzer y Milton Casco despej\u00f3 sobre la l\u00ednea y luego con un remate que tap\u00f3 Franco Armani.<\/p>\n\n\n\n<figure class=\"wp-block-image size-full is-resized\"><a href=\"https:\/\/i0.wp.com\/elterritorialweb.com.ar\/web\/wp-content\/uploads\/2022\/04\/RIVER-5.jpg\"><img data-recalc-dims=\"1\" decoding=\"async\" data-src=\"https:\/\/i0.wp.com\/elterritorialweb.com.ar\/web\/wp-content\/uploads\/2022\/04\/RIVER-5.jpg?resize=640%2C426\" alt=\"\" class=\"wp-image-38599 lazyload\" width=\"640\" height=\"426\" data-srcset=\"https:\/\/i0.wp.com\/elterritorialweb.com.ar\/web\/wp-content\/uploads\/2022\/04\/RIVER-5.jpg?w=680 680w, https:\/\/i0.wp.com\/elterritorialweb.com.ar\/web\/wp-content\/uploads\/2022\/04\/RIVER-5.jpg?resize=300%2C200 300w\" data-sizes=\"(max-width: 640px) 100vw, 640px\" src=\"data:image\/svg+xml;base64,PHN2ZyB3aWR0aD0iMSIgaGVpZ2h0PSIxIiB4bWxucz0iaHR0cDovL3d3dy53My5vcmcvMjAwMC9zdmciPjwvc3ZnPg==\" style=\"--smush-placeholder-width: 640px; --smush-placeholder-aspect-ratio: 640\/426;\" \/><\/a><\/figure>\n\n\n\n<p>Fortaleza, del t\u00e9cnico argentino Juan Pablo Vojvoda cerr\u00f3 las bandas y River intent\u00f3 por el medio, pero una falla de Yago Pikachu posibilit\u00f3 el centro de De La Cruz para Mat\u00edas Su\u00e1rez. El rebote del delantero dej\u00f3 servida la pelota a Enzo Fern\u00e1ndez, quien sac\u00f3 un fuerte remate con pie derecho, junto al palo, inatajable para Max Walef.<\/p>\n\n\n\n<figure class=\"wp-block-image size-full is-resized\"><a href=\"https:\/\/i0.wp.com\/elterritorialweb.com.ar\/web\/wp-content\/uploads\/2022\/04\/RIVER-6.jpg\"><img data-recalc-dims=\"1\" decoding=\"async\" data-src=\"https:\/\/i0.wp.com\/elterritorialweb.com.ar\/web\/wp-content\/uploads\/2022\/04\/RIVER-6.jpg?resize=640%2C426\" alt=\"\" class=\"wp-image-38600 lazyload\" width=\"640\" height=\"426\" data-srcset=\"https:\/\/i0.wp.com\/elterritorialweb.com.ar\/web\/wp-content\/uploads\/2022\/04\/RIVER-6.jpg?w=680 680w, https:\/\/i0.wp.com\/elterritorialweb.com.ar\/web\/wp-content\/uploads\/2022\/04\/RIVER-6.jpg?resize=300%2C200 300w\" data-sizes=\"(max-width: 640px) 100vw, 640px\" src=\"data:image\/svg+xml;base64,PHN2ZyB3aWR0aD0iMSIgaGVpZ2h0PSIxIiB4bWxucz0iaHR0cDovL3d3dy53My5vcmcvMjAwMC9zdmciPjwvc3ZnPg==\" style=\"--smush-placeholder-width: 640px; --smush-placeholder-aspect-ratio: 640\/426;\" \/><\/a><\/figure>\n\n\n\n<p>River enhebraba jugadas colectivas entre Juli\u00e1n \u00c1lvarez, De La Cruz y Su\u00e1rez, pero no lograba conectar el \u00faltimo pase. Fortaleza continuaba como un rival de peligro, con el escurridizo Mois\u00e9s, pero el \u00abMillonario\u00bb ampli\u00f3 la ventaja con un gran remate de De La Cruz.<\/p>\n\n\n\n<p>El partido fue entretenido todo el tiempo. River fue por m\u00e1s y Fortaleza no se resign\u00f3.<\/p>\n\n\n\n<p>River tuvo el tercero antes de irse el descanso entre Su\u00e1rez y De La Cruz, y la visita respondi\u00f3 con Mois\u00e9s, en la salvada de Paulo D\u00edaz.<\/p>\n\n\n\n<figure class=\"wp-block-image size-large\"><a href=\"https:\/\/i0.wp.com\/elterritorialweb.com.ar\/web\/wp-content\/uploads\/2022\/04\/RIVER-9-scaled.jpg\"><img data-recalc-dims=\"1\" decoding=\"async\" width=\"640\" height=\"427\" data-src=\"https:\/\/i0.wp.com\/elterritorialweb.com.ar\/web\/wp-content\/uploads\/2022\/04\/RIVER-9.jpg?resize=640%2C427\" alt=\"\" class=\"wp-image-38601 lazyload\" data-srcset=\"https:\/\/i0.wp.com\/elterritorialweb.com.ar\/web\/wp-content\/uploads\/2022\/04\/RIVER-9-scaled.jpg?resize=1024%2C683 1024w, https:\/\/i0.wp.com\/elterritorialweb.com.ar\/web\/wp-content\/uploads\/2022\/04\/RIVER-9-scaled.jpg?resize=300%2C200 300w, https:\/\/i0.wp.com\/elterritorialweb.com.ar\/web\/wp-content\/uploads\/2022\/04\/RIVER-9-scaled.jpg?resize=768%2C512 768w, https:\/\/i0.wp.com\/elterritorialweb.com.ar\/web\/wp-content\/uploads\/2022\/04\/RIVER-9-scaled.jpg?resize=1536%2C1024 1536w, https:\/\/i0.wp.com\/elterritorialweb.com.ar\/web\/wp-content\/uploads\/2022\/04\/RIVER-9-scaled.jpg?resize=2048%2C1365 2048w, https:\/\/i0.wp.com\/elterritorialweb.com.ar\/web\/wp-content\/uploads\/2022\/04\/RIVER-9-scaled.jpg?w=1280 1280w, https:\/\/i0.wp.com\/elterritorialweb.com.ar\/web\/wp-content\/uploads\/2022\/04\/RIVER-9-scaled.jpg?w=1920 1920w\" data-sizes=\"(max-width: 640px) 100vw, 640px\" src=\"data:image\/svg+xml;base64,PHN2ZyB3aWR0aD0iMSIgaGVpZ2h0PSIxIiB4bWxucz0iaHR0cDovL3d3dy53My5vcmcvMjAwMC9zdmciPjwvc3ZnPg==\" style=\"--smush-placeholder-width: 640px; --smush-placeholder-aspect-ratio: 640\/427;\" \/><\/a><\/figure>\n\n\n\n<p>La paridad continu\u00f3 en el segundo tiempo. River empez\u00f3 con todo con dos disparos de Juli\u00e1n \u00c1lvarez y Fortaleza respondi\u00f3 con otra escapada de Mois\u00e9s que resolvi\u00f3 Armani.<\/p>\n\n\n\n<p>River estuvo muy cerca del tercero con el remate de Milton Casco, ovacionado por los hinchas, que dio en el travesa\u00f1o.<\/p>\n\n\n\n<p>El lateral jug\u00f3 un gran partido, con pinceladas de su calidad, en un equipo que tuvo a De La Cruz como figura, seguido por la jerarqu\u00eda de Enzo P\u00e9rez; la seguridad de Paulo D\u00edaz y Armani; y el confianza de Enzo Fern\u00e1ndez.<\/p>\n\n\n\n<figure class=\"wp-block-image size-large\"><a href=\"https:\/\/i0.wp.com\/elterritorialweb.com.ar\/web\/wp-content\/uploads\/2022\/04\/RIVER-8-scaled.jpg\"><img data-recalc-dims=\"1\" decoding=\"async\" width=\"640\" height=\"427\" data-src=\"https:\/\/i0.wp.com\/elterritorialweb.com.ar\/web\/wp-content\/uploads\/2022\/04\/RIVER-8.jpg?resize=640%2C427\" alt=\"\" class=\"wp-image-38603 lazyload\" data-srcset=\"https:\/\/i0.wp.com\/elterritorialweb.com.ar\/web\/wp-content\/uploads\/2022\/04\/RIVER-8-scaled.jpg?resize=1024%2C683 1024w, https:\/\/i0.wp.com\/elterritorialweb.com.ar\/web\/wp-content\/uploads\/2022\/04\/RIVER-8-scaled.jpg?resize=300%2C200 300w, https:\/\/i0.wp.com\/elterritorialweb.com.ar\/web\/wp-content\/uploads\/2022\/04\/RIVER-8-scaled.jpg?resize=768%2C512 768w, https:\/\/i0.wp.com\/elterritorialweb.com.ar\/web\/wp-content\/uploads\/2022\/04\/RIVER-8-scaled.jpg?resize=1536%2C1024 1536w, https:\/\/i0.wp.com\/elterritorialweb.com.ar\/web\/wp-content\/uploads\/2022\/04\/RIVER-8-scaled.jpg?resize=2048%2C1365 2048w, https:\/\/i0.wp.com\/elterritorialweb.com.ar\/web\/wp-content\/uploads\/2022\/04\/RIVER-8-scaled.jpg?w=1280 1280w, https:\/\/i0.wp.com\/elterritorialweb.com.ar\/web\/wp-content\/uploads\/2022\/04\/RIVER-8-scaled.jpg?w=1920 1920w\" data-sizes=\"(max-width: 640px) 100vw, 640px\" src=\"data:image\/svg+xml;base64,PHN2ZyB3aWR0aD0iMSIgaGVpZ2h0PSIxIiB4bWxucz0iaHR0cDovL3d3dy53My5vcmcvMjAwMC9zdmciPjwvc3ZnPg==\" style=\"--smush-placeholder-width: 640px; --smush-placeholder-aspect-ratio: 640\/427;\" \/><\/a><\/figure>\n\n\n\n<p>El ingreso de Juan Fernando Quintero por Mat\u00edas Su\u00e1rez le quit\u00f3 velocidad al ataque de River. El colombiano estuvo err\u00e1tico, pero coincidi\u00f3 en el momento donde Fortaleza, con cambios de por medio, sinti\u00f3 el gran desgaste del partido y ya no atac\u00f3 tanto.<\/p>\n\n\n\n<p>Sobre el final, David Mart\u00ednez despej\u00f3 sobre la l\u00ednea el descuento de Fortaleza en los pies del ex Independiente y Lan\u00fas, Silvio Romero.<\/p>\n\n\n\n<p>River vivi\u00f3 otra fiesta junto a su gente y se sac\u00f3 de encima un rival molesto, del que deber\u00e1 tener muy en cuenta cuando le toque enfrentarlo como visitante.<\/p>\n","protected":false},"excerpt":{"rendered":"<p>Los dirigidos por Marcelo Gallardo derrotaron 2-0 a Fortaleza, en uno de los duelos del grupo F del torneo continental. Enzo Fern\u00e1ndez y Nicol\u00e1s de la Cruz marcaron para el \u00abMillonario\u00bb.<\/p>\n","protected":false},"author":2,"featured_media":38594,"comment_status":"open","ping_status":"open","sticky":false,"template":"","format":"standard","meta":{"om_disable_all_campaigns":false,"_monsterinsights_skip_tracking":false,"_monsterinsights_sitenote_active":false,"_monsterinsights_sitenote_note":"","_monsterinsights_sitenote_category":0,"_uf_show_specific_survey":0,"_uf_disable_surveys":false,"jetpack_post_was_ever_published":false,"_jetpack_newsletter_access":"","_jetpack_dont_email_post_to_subs":false,"_jetpack_newsletter_tier_id":0,"_jetpack_memberships_contains_paywalled_content":false,"_jetpack_memberships_contains_paid_content":false,"footnotes":"","jetpack_publicize_message":"","jetpack_publicize_feature_enabled":true,"jetpack_social_post_already_shared":false,"jetpack_social_options":{"image_generator_settings":{"template":"highway","default_image_id":0,"font":"","enabled":false},"version":2}},"categories":[6],"tags":[],"class_list":["post-38593","post","type-post","status-publish","format-standard","has-post-thumbnail","hentry","category-deportes"],"aioseo_notices":[],"views":5,"jetpack_publicize_connections":[],"jetpack_featured_media_url":"https:\/\/i0.wp.com\/elterritorialweb.com.ar\/web\/wp-content\/uploads\/2022\/04\/RIVER.jpg?fit=680%2C453","jetpack_sharing_enabled":true,"_links":{"self":[{"href":"http:\/\/elterritorialweb.com.ar\/web\/wp-json\/wp\/v2\/posts\/38593","targetHints":{"allow":["GET"]}}],"collection":[{"href":"http:\/\/elterritorialweb.com.ar\/web\/wp-json\/wp\/v2\/posts"}],"about":[{"href":"http:\/\/elterritorialweb.com.ar\/web\/wp-json\/wp\/v2\/types\/post"}],"author":[{"embeddable":true,"href":"http:\/\/elterritorialweb.com.ar\/web\/wp-json\/wp\/v2\/users\/2"}],"replies":[{"embeddable":true,"href":"http:\/\/elterritorialweb.com.ar\/web\/wp-json\/wp\/v2\/comments?post=38593"}],"version-history":[{"count":2,"href":"http:\/\/elterritorialweb.com.ar\/web\/wp-json\/wp\/v2\/posts\/38593\/revisions"}],"predecessor-version":[{"id":38605,"href":"http:\/\/elterritorialweb.com.ar\/web\/wp-json\/wp\/v2\/posts\/38593\/revisions\/38605"}],"wp:featuredmedia":[{"embeddable":true,"href":"http:\/\/elterritorialweb.com.ar\/web\/wp-json\/wp\/v2\/media\/38594"}],"wp:attachment":[{"href":"http:\/\/elterritorialweb.com.ar\/web\/wp-json\/wp\/v2\/media?parent=38593"}],"wp:term":[{"taxonomy":"category","embeddable":true,"href":"http:\/\/elterritorialweb.com.ar\/web\/wp-json\/wp\/v2\/categories?post=38593"},{"taxonomy":"post_tag","embeddable":true,"href":"http:\/\/elterritorialweb.com.ar\/web\/wp-json\/wp\/v2\/tags?post=38593"}],"curies":[{"name":"wp","href":"https:\/\/api.w.org\/{rel}","templated":true}]}}