{"id":38606,"date":"2022-04-14T03:36:09","date_gmt":"2022-04-14T03:36:09","guid":{"rendered":"http:\/\/elterritorialweb.com.ar\/web\/?p=38606"},"modified":"2022-04-14T03:36:10","modified_gmt":"2022-04-14T03:36:10","slug":"la-municipalidad-organiza-el-encuentro-nacional-de-artesanos-en-el-parque-oeste","status":"publish","type":"post","link":"http:\/\/elterritorialweb.com.ar\/web\/la-municipalidad-organiza-el-encuentro-nacional-de-artesanos-en-el-parque-oeste\/","title":{"rendered":"LA MUNICIPALIDAD ORGANIZA EL ENCUENTRO NACIONAL DE ARTESANOS EN EL PARQUE OESTE"},"content":{"rendered":"\n<p>En un trabajo conjunto con la Asociaci\u00f3n de Artesanos de Santiago del Estero se prev\u00e9 la participaci\u00f3n de representantes de C\u00f3rdoba, Jujuy, Entre R\u00edos, Chaco y de Salta, adem\u00e1s de los locales.<\/p>\n\n\n\n<p>El espacio estar\u00e1 abierto de 16 a 24 horas se presentar\u00e1n sus producciones en diversos rubros como cer\u00e1mica, metales, hilados, tejidos, jugueter\u00eda, cueros, entre otros, y tendr\u00e1n el acompa\u00f1amiento de espect\u00e1culos musicales.<\/p>\n\n\n\n<p>Adem\u00e1s de los stands de exhibiciones y ventas se desarrollar\u00e1n demostraciones, talleres, conferencias y charlas.<\/p>\n\n\n\n<p>Se dictar\u00e1n talleres gratuitos de luter\u00eda, bajo la tem\u00e1tica de: Puesta a punto y mantenimiento de instrumentos de cuerda, el viernes de 19 a 20 y el s\u00e1bado, con Mantenimiento y afinado de instrumentos de cuerda el\u00e9ctricos, de 19 a 20.<\/p>\n\n\n\n<p>Tambi\u00e9n se brindar\u00e1 capacitaci\u00f3n sobre Cuchiller\u00eda con, afilados de cuchillos parte 1, el viernes de 17 a 18 y Afilados de cuchillos parte 2, el s\u00e1bado de 17 a 18.<\/p>\n\n\n\n<p>Otro taller ser\u00e1 el de Cer\u00e1mica, con modelado manual para ni\u00f1os, los d\u00edas viernes y s\u00e1bado, de 17.30 a 18.30 y Modelado en torno, el viernes y el s\u00e1bado, en el horario de 17.30&nbsp; a 18.30.<\/p>\n\n\n\n<p>El taller de Hilander\u00eda sobre hilado artesanal de lana ovina, se dictar\u00e1 el viernes y s\u00e1bado de 18 a 19 y el de Telar, ser\u00e1 el s\u00e1bado, de 18 a 19.30.<\/p>\n","protected":false},"excerpt":{"rendered":"<p>Desde este jueves 14 y hasta el domingo 17 de abril,  se desarrollar\u00e1 el Encuentro Nacional de Artesanos en el parque Oeste, organizado por la Municipalidad de la Capital,  enmarcado en las propuestas y actividades de accesos libres y gratuitos para la Semana Santa en la ciudad.<\/p>\n","protected":false},"author":2,"featured_media":38607,"comment_status":"open","ping_status":"open","sticky":false,"template":"","format":"standard","meta":{"om_disable_all_campaigns":false,"_monsterinsights_skip_tracking":false,"_monsterinsights_sitenote_active":false,"_monsterinsights_sitenote_note":"","_monsterinsights_sitenote_category":0,"_uf_show_specific_survey":0,"_uf_disable_surveys":false,"jetpack_post_was_ever_published":false,"_jetpack_newsletter_access":"","_jetpack_dont_email_post_to_subs":false,"_jetpack_newsletter_tier_id":0,"_jetpack_memberships_contains_paywalled_content":false,"_jetpack_memberships_contains_paid_content":false,"footnotes":"","jetpack_publicize_message":"","jetpack_publicize_feature_enabled":true,"jetpack_social_post_already_shared":false,"jetpack_social_options":{"image_generator_settings":{"template":"highway","default_image_id":0,"font":"","enabled":false},"version":2}},"categories":[21],"tags":[],"class_list":["post-38606","post","type-post","status-publish","format-standard","has-post-thumbnail","hentry","category-locales"],"aioseo_notices":[],"views":9,"jetpack_publicize_connections":[],"jetpack_featured_media_url":"https:\/\/i0.wp.com\/elterritorialweb.com.ar\/web\/wp-content\/uploads\/2022\/04\/Encuentro-de-artesanos-parque-Oeste.jpg?fit=1280%2C703","jetpack_sharing_enabled":true,"_links":{"self":[{"href":"http:\/\/elterritorialweb.com.ar\/web\/wp-json\/wp\/v2\/posts\/38606","targetHints":{"allow":["GET"]}}],"collection":[{"href":"http:\/\/elterritorialweb.com.ar\/web\/wp-json\/wp\/v2\/posts"}],"about":[{"href":"http:\/\/elterritorialweb.com.ar\/web\/wp-json\/wp\/v2\/types\/post"}],"author":[{"embeddable":true,"href":"http:\/\/elterritorialweb.com.ar\/web\/wp-json\/wp\/v2\/users\/2"}],"replies":[{"embeddable":true,"href":"http:\/\/elterritorialweb.com.ar\/web\/wp-json\/wp\/v2\/comments?post=38606"}],"version-history":[{"count":1,"href":"http:\/\/elterritorialweb.com.ar\/web\/wp-json\/wp\/v2\/posts\/38606\/revisions"}],"predecessor-version":[{"id":38608,"href":"http:\/\/elterritorialweb.com.ar\/web\/wp-json\/wp\/v2\/posts\/38606\/revisions\/38608"}],"wp:featuredmedia":[{"embeddable":true,"href":"http:\/\/elterritorialweb.com.ar\/web\/wp-json\/wp\/v2\/media\/38607"}],"wp:attachment":[{"href":"http:\/\/elterritorialweb.com.ar\/web\/wp-json\/wp\/v2\/media?parent=38606"}],"wp:term":[{"taxonomy":"category","embeddable":true,"href":"http:\/\/elterritorialweb.com.ar\/web\/wp-json\/wp\/v2\/categories?post=38606"},{"taxonomy":"post_tag","embeddable":true,"href":"http:\/\/elterritorialweb.com.ar\/web\/wp-json\/wp\/v2\/tags?post=38606"}],"curies":[{"name":"wp","href":"https:\/\/api.w.org\/{rel}","templated":true}]}}