{"id":38609,"date":"2022-04-14T03:48:38","date_gmt":"2022-04-14T03:48:38","guid":{"rendered":"http:\/\/elterritorialweb.com.ar\/web\/?p=38609"},"modified":"2022-04-14T03:58:12","modified_gmt":"2022-04-14T03:58:12","slug":"la-recoleccion-de-residuos-se-desarrollara-con-normalidad-y-habra-guardias-para-otros-servicios-durante-el-fin-de-semana-largo","status":"publish","type":"post","link":"http:\/\/elterritorialweb.com.ar\/web\/la-recoleccion-de-residuos-se-desarrollara-con-normalidad-y-habra-guardias-para-otros-servicios-durante-el-fin-de-semana-largo\/","title":{"rendered":"LA RECOLECCI\u00d3N DE RESIDUOS SE HAR\u00c1 CON NORMALIDAD Y HABR\u00c1 GUARDIAS PARA OTROS SERVICIOS DURANTE EL F\u00cdN DE SEMANA LARGO"},"content":{"rendered":"\n<p>En primer lugar, comunic\u00f3 que la Direcci\u00f3n de Servicios Urbanos realizar\u00e1 la recolecci\u00f3n de residuos domiciliaria correspondiente al d\u00eda viernes de forma normal .<\/p>\n\n\n\n<p>Por su parte, la Direcci\u00f3n de Tr\u00e1nsito indic\u00f3 que el transporte p\u00fablico de pasajeros funcionar\u00e1 el jueves con la circulaci\u00f3n similar a los d\u00edas s\u00e1bados (debido a la actividad comercial) mientras que, el viernes, funcionar\u00e1 con la frecuencia t\u00edpica de los d\u00edas domingos y feriados.<\/p>\n\n\n\n<p>En tanto, el cementerio La Piedad abrir\u00e1 sus puertas en el horario de 7:30 a 18 los cuatro d\u00edas, disponi\u00e9ndose para el Domingo de Pascuas un dispositivo especial de tr\u00e1nsito para ordenar la circulaci\u00f3n vehicular en la zona, ante la gran afluencia de visitantes que se espera.<\/p>\n\n\n\n<p>Del mismo modo, el \u00e1rea de Contralor de Espect\u00e1culos P\u00fablicos de la Direcci\u00f3n de Rentas trabajar\u00e1 para fiscalizar eventos que se desarrollen en la ciudad.<\/p>\n\n\n\n<p>Adem\u00e1s, de jueves a s\u00e1bado en horario comercial, permanecer\u00e1 abierta la Tienda Parque Oeste para que la puedan visitar los turistas. Esos mismos d\u00edas, de 16 a 21 estar\u00e1 presente la Oficina M\u00f3vil del Censo Digital en el Parque Oeste para que los vecinos puedan acercarse a cargar sus datos o realizar cualquier consulta relacionada con los formularios.<\/p>\n\n\n\n<p>A su vez, el \u00e1rea de Parques y Paseos destinar\u00e1 guardias que se encargar\u00e1n del mantenimiento y limpieza del Parque Aguirre, de 7 a 19. Las mismas tareas se cumplir\u00e1n en las plazas de acuerdo al siguiente cronograma: jueves y viernes en plaza Libertad y en Lugones, de 7 a 13 hs; s\u00e1bado de 7 a 12 en la San Mart\u00edn, Parque oeste y plaza Belgrano, de 18 a 23 en plaza Libertad; y domingo, de 7 a 13, en la plaza Libertad.<\/p>\n","protected":false},"excerpt":{"rendered":"<p>La  Capital inform\u00f3 c\u00f3mo funcionar\u00e1n sus dependencias durante los d\u00edas jueves, viernes, s\u00e1bado y domingo de Semana Santa en lo que respecta a la prestaci\u00f3n de servicios y dem\u00e1s actividades de mantenimiento de la ciudad.<\/p>\n","protected":false},"author":2,"featured_media":38610,"comment_status":"open","ping_status":"open","sticky":false,"template":"","format":"standard","meta":{"om_disable_all_campaigns":false,"_monsterinsights_skip_tracking":false,"_monsterinsights_sitenote_active":false,"_monsterinsights_sitenote_note":"","_monsterinsights_sitenote_category":0,"_uf_show_specific_survey":0,"_uf_disable_surveys":false,"jetpack_post_was_ever_published":false,"_jetpack_newsletter_access":"","_jetpack_dont_email_post_to_subs":false,"_jetpack_newsletter_tier_id":0,"_jetpack_memberships_contains_paywalled_content":false,"_jetpack_memberships_contains_paid_content":false,"footnotes":"","jetpack_publicize_message":"","jetpack_publicize_feature_enabled":true,"jetpack_social_post_already_shared":false,"jetpack_social_options":{"image_generator_settings":{"template":"highway","default_image_id":0,"font":"","enabled":false},"version":2}},"categories":[21],"tags":[],"class_list":["post-38609","post","type-post","status-publish","format-standard","has-post-thumbnail","hentry","category-locales"],"aioseo_notices":[],"views":7,"jetpack_publicize_connections":[],"jetpack_featured_media_url":"https:\/\/i0.wp.com\/elterritorialweb.com.ar\/web\/wp-content\/uploads\/2022\/04\/servicio-de-recoleccion-fin-de-semana-largo.jpg?fit=960%2C819","jetpack_sharing_enabled":true,"_links":{"self":[{"href":"http:\/\/elterritorialweb.com.ar\/web\/wp-json\/wp\/v2\/posts\/38609","targetHints":{"allow":["GET"]}}],"collection":[{"href":"http:\/\/elterritorialweb.com.ar\/web\/wp-json\/wp\/v2\/posts"}],"about":[{"href":"http:\/\/elterritorialweb.com.ar\/web\/wp-json\/wp\/v2\/types\/post"}],"author":[{"embeddable":true,"href":"http:\/\/elterritorialweb.com.ar\/web\/wp-json\/wp\/v2\/users\/2"}],"replies":[{"embeddable":true,"href":"http:\/\/elterritorialweb.com.ar\/web\/wp-json\/wp\/v2\/comments?post=38609"}],"version-history":[{"count":2,"href":"http:\/\/elterritorialweb.com.ar\/web\/wp-json\/wp\/v2\/posts\/38609\/revisions"}],"predecessor-version":[{"id":38612,"href":"http:\/\/elterritorialweb.com.ar\/web\/wp-json\/wp\/v2\/posts\/38609\/revisions\/38612"}],"wp:featuredmedia":[{"embeddable":true,"href":"http:\/\/elterritorialweb.com.ar\/web\/wp-json\/wp\/v2\/media\/38610"}],"wp:attachment":[{"href":"http:\/\/elterritorialweb.com.ar\/web\/wp-json\/wp\/v2\/media?parent=38609"}],"wp:term":[{"taxonomy":"category","embeddable":true,"href":"http:\/\/elterritorialweb.com.ar\/web\/wp-json\/wp\/v2\/categories?post=38609"},{"taxonomy":"post_tag","embeddable":true,"href":"http:\/\/elterritorialweb.com.ar\/web\/wp-json\/wp\/v2\/tags?post=38609"}],"curies":[{"name":"wp","href":"https:\/\/api.w.org\/{rel}","templated":true}]}}