{"id":38620,"date":"2022-04-14T04:17:18","date_gmt":"2022-04-14T04:17:18","guid":{"rendered":"http:\/\/elterritorialweb.com.ar\/web\/?p=38620"},"modified":"2022-04-14T04:17:18","modified_gmt":"2022-04-14T04:17:18","slug":"ricardo-montaner-anuncio-una-nueva-presentacion-en-el-luna-park","status":"publish","type":"post","link":"http:\/\/elterritorialweb.com.ar\/web\/ricardo-montaner-anuncio-una-nueva-presentacion-en-el-luna-park\/","title":{"rendered":"RICARDO MONTANER ANUNCI\u00d3 UNA NUEVA PRESENTACI\u00d3N EN EL LUNA PARK"},"content":{"rendered":"\n<p>El cantante Ricardo Montaner, quien regresar\u00e1 a la Argentina tras una pausa y se presentar\u00e1 el 18 y 19 de abril en el Luna Park,&nbsp;<strong>agreg\u00f3 otra fecha<\/strong>&nbsp;-el 24 de septiembre- en el estadio porte\u00f1o, por entradas agotadas.<\/p>\n\n\n\n<p>En estas presentaciones que se realizan en el marco del \u201cMontaner Tour 2022\u201d, el cantante, que lleva 40 a\u00f1os de trayectoria, har\u00e1 un recorrido por sus canciones conocidas y adem\u00e1s mostrar\u00e1 los temas que integran \u201cFe\u201d, su nuevo \u00e1lbum de estudio (2021).<\/p>\n\n\n\n<figure class=\"wp-block-embed is-type-rich is-provider-twitter wp-block-embed-twitter\"><div class=\"wp-block-embed__wrapper\">\n<blockquote class=\"twitter-tweet\" data-width=\"550\" data-dnt=\"true\"><p lang=\"es\" dir=\"ltr\">En esta semana tan hermosa para mi ,les quiero anunciar esta sorpresa \u2026 NUEVAfuncion <a href=\"https:\/\/twitter.com\/EstadioLunaPark?ref_src=twsrc%5Etfw\">@EstadioLunaPark<\/a> ,24 de SEPTIEMBRE <a href=\"https:\/\/twitter.com\/hashtag\/BUENOSAIRES?src=hash&amp;ref_src=twsrc%5Etfw\">#BUENOSAIRES<\/a> <a href=\"https:\/\/twitter.com\/hashtag\/ARGENTINA?src=hash&amp;ref_src=twsrc%5Etfw\">#ARGENTINA<\/a> <br>Entradas 19 de abril \u2026 <a href=\"https:\/\/t.co\/Sf4e7D6cvs\">pic.twitter.com\/Sf4e7D6cvs<\/a><\/p>&mdash; Ricardo Montaner (@montanertwiter) <a href=\"https:\/\/twitter.com\/montanertwiter\/status\/1513965383891533831?ref_src=twsrc%5Etfw\">April 12, 2022<\/a><\/blockquote><script async src=\"https:\/\/platform.twitter.com\/widgets.js\" charset=\"utf-8\"><\/script>\n<\/div><\/figure>\n\n\n\n<p>Montaner viene de participar en uno de los conciertos en streaming m\u00e1s importantes del mundo, \u201cLos Montaner\u201d,&nbsp;<strong>donde comparti\u00f3 escenario junto a sus hijos<\/strong>, y fue visto por m\u00e1s de un mill\u00f3n de personas.<\/p>\n\n\n\n<p>Recientemente present\u00f3 su versi\u00f3n de \u201cEl d\u00eda que me quieras\u201d (Gardel y Lepera), anticipo de su pr\u00f3ximo \u00e1lbum \u201cTango\u201d; la canci\u00f3n est\u00e1 acompa\u00f1ada por un videoclip filmado por Marlene Montaner y Lautaro Esp\u00f3sito y cuenta con producci\u00f3n de Diego Tucci en el emblem\u00e1tico Caf\u00e9 De Los Angelitos de Buenos Aires.<\/p>\n","protected":false},"excerpt":{"rendered":"<p>El cantante decidi\u00f3 incorporar, por entradas agotadas, una tercera presentaci\u00f3n por el lanzamiento de su nuevo \u00e1lbum de estudio \u00abFe\u00bb y har\u00e1, adem\u00e1s, un recorrido por las canci\u00f3nes m\u00e1s reconocidas de su carrera.<\/p>\n","protected":false},"author":2,"featured_media":38621,"comment_status":"open","ping_status":"open","sticky":false,"template":"","format":"standard","meta":{"om_disable_all_campaigns":false,"_monsterinsights_skip_tracking":false,"_monsterinsights_sitenote_active":false,"_monsterinsights_sitenote_note":"","_monsterinsights_sitenote_category":0,"_uf_show_specific_survey":0,"_uf_disable_surveys":false,"jetpack_post_was_ever_published":false,"_jetpack_newsletter_access":"","_jetpack_dont_email_post_to_subs":false,"_jetpack_newsletter_tier_id":0,"_jetpack_memberships_contains_paywalled_content":false,"_jetpack_memberships_contains_paid_content":false,"footnotes":"","jetpack_publicize_message":"","jetpack_publicize_feature_enabled":true,"jetpack_social_post_already_shared":false,"jetpack_social_options":{"image_generator_settings":{"template":"highway","default_image_id":0,"font":"","enabled":false},"version":2}},"categories":[20],"tags":[],"class_list":["post-38620","post","type-post","status-publish","format-standard","has-post-thumbnail","hentry","category-especysociales"],"aioseo_notices":[],"views":9,"jetpack_publicize_connections":[],"jetpack_featured_media_url":"https:\/\/i0.wp.com\/elterritorialweb.com.ar\/web\/wp-content\/uploads\/2022\/04\/RICARDO-MONTANER.jpg?fit=680%2C680","jetpack_sharing_enabled":true,"_links":{"self":[{"href":"http:\/\/elterritorialweb.com.ar\/web\/wp-json\/wp\/v2\/posts\/38620","targetHints":{"allow":["GET"]}}],"collection":[{"href":"http:\/\/elterritorialweb.com.ar\/web\/wp-json\/wp\/v2\/posts"}],"about":[{"href":"http:\/\/elterritorialweb.com.ar\/web\/wp-json\/wp\/v2\/types\/post"}],"author":[{"embeddable":true,"href":"http:\/\/elterritorialweb.com.ar\/web\/wp-json\/wp\/v2\/users\/2"}],"replies":[{"embeddable":true,"href":"http:\/\/elterritorialweb.com.ar\/web\/wp-json\/wp\/v2\/comments?post=38620"}],"version-history":[{"count":1,"href":"http:\/\/elterritorialweb.com.ar\/web\/wp-json\/wp\/v2\/posts\/38620\/revisions"}],"predecessor-version":[{"id":38622,"href":"http:\/\/elterritorialweb.com.ar\/web\/wp-json\/wp\/v2\/posts\/38620\/revisions\/38622"}],"wp:featuredmedia":[{"embeddable":true,"href":"http:\/\/elterritorialweb.com.ar\/web\/wp-json\/wp\/v2\/media\/38621"}],"wp:attachment":[{"href":"http:\/\/elterritorialweb.com.ar\/web\/wp-json\/wp\/v2\/media?parent=38620"}],"wp:term":[{"taxonomy":"category","embeddable":true,"href":"http:\/\/elterritorialweb.com.ar\/web\/wp-json\/wp\/v2\/categories?post=38620"},{"taxonomy":"post_tag","embeddable":true,"href":"http:\/\/elterritorialweb.com.ar\/web\/wp-json\/wp\/v2\/tags?post=38620"}],"curies":[{"name":"wp","href":"https:\/\/api.w.org\/{rel}","templated":true}]}}