{"id":38624,"date":"2022-04-14T18:26:20","date_gmt":"2022-04-14T18:26:20","guid":{"rendered":"http:\/\/elterritorialweb.com.ar\/web\/?p=38624"},"modified":"2022-04-14T18:26:21","modified_gmt":"2022-04-14T18:26:21","slug":"mirolo-visito-junto-a-nediani-la-reforma-de-la-estacion-de-trenes-de-la-banda","status":"publish","type":"post","link":"http:\/\/elterritorialweb.com.ar\/web\/mirolo-visito-junto-a-nediani-la-reforma-de-la-estacion-de-trenes-de-la-banda\/","title":{"rendered":"MIROLO VISIT\u00d3 JUNTO A NEDIANI LA REFORMA DE LA ESTACI\u00d3N DE TRENES DE LA BANDA"},"content":{"rendered":"\n<p>En la oportunidad, Mirolo destac\u00f3 lo siguiente: \u00abPrimero agradecer al intendente Nediani por recibirnos y acompa\u00f1arnos a recorrer esta importante obra que est\u00e1 realizando Ferrocarriles Argentinos desde hace un tiempo en la ciudad de La Banda que comprende un plan integral de mejoras de estaciones de trenes de todo el pa\u00eds; La Banda entr\u00f3 en este programa con la idea de ir mejorando todo el transporte ferroviario.<br>Para nosotros como hijos de esta tierra, c\u00f3mo bande\u00f1os es un orgullo, la estaci\u00f3n de trenes es un s\u00edmbolo de nuestra ciudad y desde su construcci\u00f3n esta es la primera vez que se est\u00e1 haciendo una reforma integral, se ha cambiado el 100% del techo, se ha mejorado notablemente su tachada y el interior que corresponde al museo, se ha vuelto a ser funcional la estaci\u00f3n de trenes porque no funcionaba, hoy en d\u00eda los pasajeros que viajan en el tren pueden ingresar a la estaci\u00f3n y pueden esperar en forma c\u00f3moda los trenes y a la vez se busc\u00f3 mejorar la comodidad de todos los trabajadores y trabajadoras de Trenes Argentinos con sus vestuarios, con las cocinas y dem\u00e1s. As\u00ed que bueno, esta reforma no s\u00f3lo es importante para La Banda sino tambi\u00e9n el trabajo integral que viene haciendo el Ministerio de Trasporte en todo el pa\u00eds\u00bb.<\/p>\n\n\n\n<figure class=\"wp-block-image size-large\"><a href=\"https:\/\/i0.wp.com\/elterritorialweb.com.ar\/web\/wp-content\/uploads\/2022\/04\/IMG-20220413-WA0030.jpg\"><img data-recalc-dims=\"1\" decoding=\"async\" width=\"640\" height=\"423\" data-src=\"https:\/\/i0.wp.com\/elterritorialweb.com.ar\/web\/wp-content\/uploads\/2022\/04\/IMG-20220413-WA0030.jpg?resize=640%2C423\" alt=\"\" class=\"wp-image-38626 lazyload\" data-srcset=\"https:\/\/i0.wp.com\/elterritorialweb.com.ar\/web\/wp-content\/uploads\/2022\/04\/IMG-20220413-WA0030.jpg?resize=1024%2C676 1024w, https:\/\/i0.wp.com\/elterritorialweb.com.ar\/web\/wp-content\/uploads\/2022\/04\/IMG-20220413-WA0030.jpg?resize=300%2C198 300w, https:\/\/i0.wp.com\/elterritorialweb.com.ar\/web\/wp-content\/uploads\/2022\/04\/IMG-20220413-WA0030.jpg?resize=768%2C507 768w, https:\/\/i0.wp.com\/elterritorialweb.com.ar\/web\/wp-content\/uploads\/2022\/04\/IMG-20220413-WA0030.jpg?w=1087 1087w\" data-sizes=\"(max-width: 640px) 100vw, 640px\" src=\"data:image\/svg+xml;base64,PHN2ZyB3aWR0aD0iMSIgaGVpZ2h0PSIxIiB4bWxucz0iaHR0cDovL3d3dy53My5vcmcvMjAwMC9zdmciPjwvc3ZnPg==\" style=\"--smush-placeholder-width: 640px; --smush-placeholder-aspect-ratio: 640\/423;\" \/><\/a><\/figure>\n\n\n\n<p>Agreg\u00f3: \u00abCalculamos que en 30 d\u00edas la obra estar\u00e1 terminada y lista para su inauguraci\u00f3n. Agradecer tambi\u00e9n al Ministerio de transporte porque en la ciudad de La Banda venimos con obras muy importantes en lo que tiene que ver con la construcci\u00f3n de la Miniterminal para Combis, se licit\u00f3 hace pocos d\u00edas la refacci\u00f3n de la Terminal de \u00d3mnibus y el Paseo de Trujillo; varias obras que se han podido gestionar a trav\u00e9s del Ministerio de Transporte y el Gobierno Nacional, y que seguramente lo vamos a seguir haciendo no solamente para el beneficio de la ciudad de La Banda sino tambi\u00e9n para Santiago del Estero como es el caso de la refacci\u00f3n de la Estaci\u00f3n de Trenes de la ciudad de Beltr\u00e1n con la idea de reflotar el servicio de trenes entre La Banda y Fern\u00e1ndez\u00bb, concluy\u00f3 Mirolo.<br>Por su parte, el jefe comunal se\u00f1al\u00f3: \u00abHoy estamos visitando esta importante obra junto al vicepresidente de Ferrocarriles Argentinos Sociedad del Estado, Pablo Mirolo, que casualmente durante su gesti\u00f3n municipal comenz\u00f3 la gesti\u00f3n de esta obra; hoy nos sentimos honrados por el acompa\u00f1amiento en esta visita de obra que lleva adelante la Secretar\u00eda de Obras P\u00fablicas\u00bb.<br>Agreg\u00f3: \u00abEn esta oportunidad tambi\u00e9n estamos dialogando con el compa\u00f1ero y amigo Pablo Mirolo sobre gesti\u00f3n para traer m\u00e1s obras para la ciudad de La Banda, se que est\u00e1 trabajando mucho en la Naci\u00f3n buscando que nuestra ciudad siga creciendo; una ciudad que ha crecido y se ha desarrollado gracias al presencia del tren que arrancaba en Buenos Aires y llegaba hasta Tucum\u00e1n.<br>As\u00ed que hoy La Banda est\u00e1 reflotando eso con las nuevas v\u00edas f\u00e9rreas y el trabajo de Pablo Mirolo en un lugar estrat\u00e9gico e importante\u00bb.<\/p>\n","protected":false},"excerpt":{"rendered":"<p>El vicepresidente de Ferrocarriles Argentinos Sociedad del Estado (FASE), Pablo Mirolo, junto al intendente Roger Nediani visit\u00f3 las obras de remodelaci\u00f3n de la estaci\u00f3n de trenes de la ciudad de La Banda.<\/p>\n","protected":false},"author":2,"featured_media":38625,"comment_status":"open","ping_status":"open","sticky":false,"template":"","format":"standard","meta":{"om_disable_all_campaigns":false,"_monsterinsights_skip_tracking":false,"_monsterinsights_sitenote_active":false,"_monsterinsights_sitenote_note":"","_monsterinsights_sitenote_category":0,"_uf_show_specific_survey":0,"_uf_disable_surveys":false,"jetpack_post_was_ever_published":false,"_jetpack_newsletter_access":"","_jetpack_dont_email_post_to_subs":false,"_jetpack_newsletter_tier_id":0,"_jetpack_memberships_contains_paywalled_content":false,"_jetpack_memberships_contains_paid_content":false,"footnotes":"","jetpack_publicize_message":"","jetpack_publicize_feature_enabled":true,"jetpack_social_post_already_shared":false,"jetpack_social_options":{"image_generator_settings":{"template":"highway","default_image_id":0,"font":"","enabled":false},"version":2}},"categories":[21],"tags":[],"class_list":["post-38624","post","type-post","status-publish","format-standard","has-post-thumbnail","hentry","category-locales"],"aioseo_notices":[],"views":7,"jetpack_publicize_connections":[],"jetpack_featured_media_url":"https:\/\/i0.wp.com\/elterritorialweb.com.ar\/web\/wp-content\/uploads\/2022\/04\/IMG-20220413-WA0031.jpg?fit=1087%2C718","jetpack_sharing_enabled":true,"_links":{"self":[{"href":"http:\/\/elterritorialweb.com.ar\/web\/wp-json\/wp\/v2\/posts\/38624","targetHints":{"allow":["GET"]}}],"collection":[{"href":"http:\/\/elterritorialweb.com.ar\/web\/wp-json\/wp\/v2\/posts"}],"about":[{"href":"http:\/\/elterritorialweb.com.ar\/web\/wp-json\/wp\/v2\/types\/post"}],"author":[{"embeddable":true,"href":"http:\/\/elterritorialweb.com.ar\/web\/wp-json\/wp\/v2\/users\/2"}],"replies":[{"embeddable":true,"href":"http:\/\/elterritorialweb.com.ar\/web\/wp-json\/wp\/v2\/comments?post=38624"}],"version-history":[{"count":1,"href":"http:\/\/elterritorialweb.com.ar\/web\/wp-json\/wp\/v2\/posts\/38624\/revisions"}],"predecessor-version":[{"id":38627,"href":"http:\/\/elterritorialweb.com.ar\/web\/wp-json\/wp\/v2\/posts\/38624\/revisions\/38627"}],"wp:featuredmedia":[{"embeddable":true,"href":"http:\/\/elterritorialweb.com.ar\/web\/wp-json\/wp\/v2\/media\/38625"}],"wp:attachment":[{"href":"http:\/\/elterritorialweb.com.ar\/web\/wp-json\/wp\/v2\/media?parent=38624"}],"wp:term":[{"taxonomy":"category","embeddable":true,"href":"http:\/\/elterritorialweb.com.ar\/web\/wp-json\/wp\/v2\/categories?post=38624"},{"taxonomy":"post_tag","embeddable":true,"href":"http:\/\/elterritorialweb.com.ar\/web\/wp-json\/wp\/v2\/tags?post=38624"}],"curies":[{"name":"wp","href":"https:\/\/api.w.org\/{rel}","templated":true}]}}