{"id":38630,"date":"2022-04-15T02:31:57","date_gmt":"2022-04-15T02:31:57","guid":{"rendered":"http:\/\/elterritorialweb.com.ar\/web\/?p=38630"},"modified":"2022-04-15T02:31:57","modified_gmt":"2022-04-15T02:31:57","slug":"el-programa-mis-primeros-1700-dias-llego-a-clodomira","status":"publish","type":"post","link":"http:\/\/elterritorialweb.com.ar\/web\/el-programa-mis-primeros-1700-dias-llego-a-clodomira\/","title":{"rendered":"EL PROGRAMA \u00abMIS PRIMEROS 1700 D\u00cdAS\u00bb LLEG\u00d3 A CLODOMIRA"},"content":{"rendered":"\n<p>En esta oportunidad se hizo la presentaci\u00f3n oficial del programa en la Municipalidad de la Ciudad de Clodomira (Dpto. Banda) que comenz\u00f3 con la&nbsp; participaci\u00f3n de madres, ni\u00f1os, vecinos y allegados de&nbsp; distintos parajes y localidades como 7 \u00c1rbol, Abra Grande, Ah\u00ed Veremos, Bajo, Cardialitos, Cerrillos, Charquina, Condor Huasi, El Cabao, El Rancho, Esquina Pozo, Gallo Corral, Huayamampa, Jume Parchina, Jumi Pozo, Jumialito, Km 613, La Aurora, La Cheschila, Las Chacras, Lomas Blanca, Los \u00c1ngeles, Los Herrera, Mistolito, Negra Muerta, Nuevo Luj\u00e1n, Palmares, Pozo Grande, Puestos Los Marcos, Rodeana, Rumioj, Saladillo, San Antonio, San Bartolo, San Isidro, San Javier, San Juan, San Lorenzo, San Nicol\u00e1s, San Ram\u00f3n, Sanja, Santo Domingo, Sarquiz, Simbol Ca\u00f1ada, Tramo 4, Bajo, Mar\u00eda Elena y Pampa Mayo.<\/p>\n\n\n\n<p>La presentaci\u00f3n estuvo a cargo del director del Programa \u201cMis primeros 1.700 d\u00edas\u201d, Dr. Benjam\u00edn Coria y acompa\u00f1aron el intendente de Clodomira, Daniel Ruiz; el director del Hospital de Clodomira Guillermo Rawson, Dr. Dar\u00edo Ocaranza e invitados.<\/p>\n\n\n\n<p>La bienvenida estuvo a cargo del Intendente de Clodomira, Daniel Ruiz quien salud\u00f3 a los vecinos de la ciudad,\u00a0 localidades vecinas y agradeci\u00f3 a la Direcci\u00f3n de Acci\u00f3n social que llevar\u00e1 a cabo el programa. Destac\u00f3 la presencia \u00abdel Dr. Coria y al personal que forma parte del programa, que es un programa revolucionario que atiende no solo a ni\u00f1os sino a mam\u00e1s en proceso de gestaci\u00f3n y lo convierte en fundamental para Clodomira y el futuro de nuestros ni\u00f1os\u00bb.<\/p>\n\n\n\n<figure class=\"wp-block-image size-large\"><a href=\"https:\/\/i0.wp.com\/elterritorialweb.com.ar\/web\/wp-content\/uploads\/2022\/04\/programma.jpg\"><img data-recalc-dims=\"1\" decoding=\"async\" width=\"640\" height=\"427\" data-src=\"https:\/\/i0.wp.com\/elterritorialweb.com.ar\/web\/wp-content\/uploads\/2022\/04\/programma.jpg?resize=640%2C427\" alt=\"\" class=\"wp-image-38632 lazyload\" data-srcset=\"https:\/\/i0.wp.com\/elterritorialweb.com.ar\/web\/wp-content\/uploads\/2022\/04\/programma.jpg?resize=1024%2C683 1024w, https:\/\/i0.wp.com\/elterritorialweb.com.ar\/web\/wp-content\/uploads\/2022\/04\/programma.jpg?resize=300%2C200 300w, https:\/\/i0.wp.com\/elterritorialweb.com.ar\/web\/wp-content\/uploads\/2022\/04\/programma.jpg?resize=768%2C512 768w, https:\/\/i0.wp.com\/elterritorialweb.com.ar\/web\/wp-content\/uploads\/2022\/04\/programma.jpg?resize=1536%2C1025 1536w, https:\/\/i0.wp.com\/elterritorialweb.com.ar\/web\/wp-content\/uploads\/2022\/04\/programma.jpg?resize=2048%2C1367 2048w, https:\/\/i0.wp.com\/elterritorialweb.com.ar\/web\/wp-content\/uploads\/2022\/04\/programma.jpg?w=1280 1280w, https:\/\/i0.wp.com\/elterritorialweb.com.ar\/web\/wp-content\/uploads\/2022\/04\/programma.jpg?w=1920 1920w\" data-sizes=\"(max-width: 640px) 100vw, 640px\" src=\"data:image\/svg+xml;base64,PHN2ZyB3aWR0aD0iMSIgaGVpZ2h0PSIxIiB4bWxucz0iaHR0cDovL3d3dy53My5vcmcvMjAwMC9zdmciPjwvc3ZnPg==\" style=\"--smush-placeholder-width: 640px; --smush-placeholder-aspect-ratio: 640\/427;\" \/><\/a><\/figure>\n\n\n\n<p>Posteriormente el Dr. Benjam\u00edn Coria se\u00f1al\u00f3 mi persona y la gente que me acompa\u00f1a est\u00e1 feliz de llegar a Clodomira en este d\u00eda de fiesta religiosa\u201d y transmiti\u00f3 el \u201cabrazo fraternal del Gobernador Gerardo Zamora\u201d y tambi\u00e9n&nbsp; \u201cles transmito las bendiciones, cari\u00f1os y besos en especial a las mam\u00e1s y a los chicos, de la Senadora Nacional Dra. Claudia de Zamora\u201d y agreg\u00f3 \u201custedes pasan a ser el primer eslab\u00f3n que tenemos en el programa que junto a la intendencia y el Hospital Rawson necesitamos llegar a la mayor\u00eda de gente de toda esta zona y por ello a trav\u00e9s de ustedes aprovechamos para decirles que sigan invitando a los familiares, vecinos, gente que conozcan y que ustedes crean que tienen una necesidad de este programa. Tambi\u00e9n invitamos a empadronarse a las personas mayores de 65 a\u00f1os de edad que necesitan de estos nutrientes\u201d y coment\u00f3 que \u201cvamos a seguir ampliando beneficiarios en el padr\u00f3n ya que se va a incluir a ni\u00f1os con capacidad diferente&nbsp; o problemas de salud y a todos hasta los 7 a\u00f1os de edad. Todos los primeros quince&nbsp; d\u00edas de cada mes podr\u00e1n venir a retirar su kit nutrientes\u201d, culmin\u00f3 el Dr. Coria.<\/p>\n\n\n\n<p>Como etapa final de la jornada,&nbsp; los beneficiarios recibieron las instrucciones del preparado adecuado de los alimentos por parte del equipo de nutricionistas adem\u00e1s de recomendaciones m\u00e9dicas por parte de los especialistas.<\/p>\n","protected":false},"excerpt":{"rendered":"<p>El Programa Provincial \u201cMis Primeros 1.700 d\u00edas\u201d mantiene su desarrollo en toda la provincia<\/p>\n","protected":false},"author":2,"featured_media":38631,"comment_status":"open","ping_status":"open","sticky":false,"template":"","format":"standard","meta":{"om_disable_all_campaigns":false,"_monsterinsights_skip_tracking":false,"_monsterinsights_sitenote_active":false,"_monsterinsights_sitenote_note":"","_monsterinsights_sitenote_category":0,"_uf_show_specific_survey":0,"_uf_disable_surveys":false,"jetpack_post_was_ever_published":false,"_jetpack_newsletter_access":"","_jetpack_dont_email_post_to_subs":false,"_jetpack_newsletter_tier_id":0,"_jetpack_memberships_contains_paywalled_content":false,"_jetpack_memberships_contains_paid_content":false,"footnotes":"","jetpack_publicize_message":"","jetpack_publicize_feature_enabled":true,"jetpack_social_post_already_shared":false,"jetpack_social_options":{"image_generator_settings":{"template":"highway","default_image_id":0,"font":"","enabled":false},"version":2}},"categories":[21],"tags":[],"class_list":["post-38630","post","type-post","status-publish","format-standard","has-post-thumbnail","hentry","category-locales"],"aioseo_notices":[],"views":7,"jetpack_publicize_connections":[],"jetpack_featured_media_url":"https:\/\/i0.wp.com\/elterritorialweb.com.ar\/web\/wp-content\/uploads\/2022\/04\/programa-.jpg?fit=2248%2C1500","jetpack_sharing_enabled":true,"_links":{"self":[{"href":"http:\/\/elterritorialweb.com.ar\/web\/wp-json\/wp\/v2\/posts\/38630","targetHints":{"allow":["GET"]}}],"collection":[{"href":"http:\/\/elterritorialweb.com.ar\/web\/wp-json\/wp\/v2\/posts"}],"about":[{"href":"http:\/\/elterritorialweb.com.ar\/web\/wp-json\/wp\/v2\/types\/post"}],"author":[{"embeddable":true,"href":"http:\/\/elterritorialweb.com.ar\/web\/wp-json\/wp\/v2\/users\/2"}],"replies":[{"embeddable":true,"href":"http:\/\/elterritorialweb.com.ar\/web\/wp-json\/wp\/v2\/comments?post=38630"}],"version-history":[{"count":1,"href":"http:\/\/elterritorialweb.com.ar\/web\/wp-json\/wp\/v2\/posts\/38630\/revisions"}],"predecessor-version":[{"id":38633,"href":"http:\/\/elterritorialweb.com.ar\/web\/wp-json\/wp\/v2\/posts\/38630\/revisions\/38633"}],"wp:featuredmedia":[{"embeddable":true,"href":"http:\/\/elterritorialweb.com.ar\/web\/wp-json\/wp\/v2\/media\/38631"}],"wp:attachment":[{"href":"http:\/\/elterritorialweb.com.ar\/web\/wp-json\/wp\/v2\/media?parent=38630"}],"wp:term":[{"taxonomy":"category","embeddable":true,"href":"http:\/\/elterritorialweb.com.ar\/web\/wp-json\/wp\/v2\/categories?post=38630"},{"taxonomy":"post_tag","embeddable":true,"href":"http:\/\/elterritorialweb.com.ar\/web\/wp-json\/wp\/v2\/tags?post=38630"}],"curies":[{"name":"wp","href":"https:\/\/api.w.org\/{rel}","templated":true}]}}