{"id":38634,"date":"2022-04-15T02:54:49","date_gmt":"2022-04-15T02:54:49","guid":{"rendered":"http:\/\/elterritorialweb.com.ar\/web\/?p=38634"},"modified":"2022-04-15T02:54:49","modified_gmt":"2022-04-15T02:54:49","slug":"nediani-inauguro-la-obra-de-pavimento-en-el-barrio-juan-felipe-ibarra","status":"publish","type":"post","link":"http:\/\/elterritorialweb.com.ar\/web\/nediani-inauguro-la-obra-de-pavimento-en-el-barrio-juan-felipe-ibarra\/","title":{"rendered":"NEDIANI INAUGUR\u00d3 LA OBRA DE PAVIMENTO EN EL BARRIO JUAN FELIPE IBARRA"},"content":{"rendered":"\n<p>Seg\u00fan se inform\u00f3, esta obra tiene una longitud de 800 metros y generar\u00e1 una mejor transitabilidad, revalorizar\u00e1 los terrenos y aportar\u00e1 un mejoramiento y crecimiento a este sector de la ciudad.<br>El intendente, acompa\u00f1ado por autoridades y vecinos, recorri\u00f3 la obra, momento que utiliz\u00f3 para dialogar con los vecinos del sector y conocer las situaciones de los mismo. En dicha oportunidad, uno de los vecinos con domicilio en mencionada calle, Rub\u00e9n Ledesma manifest\u00f3 al jefe comunal: \u201cEstoy muy agradecido con esta obra, ojal\u00e1 estos trabajos contin\u00faen y hoy tenemos el orgullo de que est\u00e9 aqu\u00ed\u201d.<br>En tanto que el intendente Nediani declar\u00f3 lo siguiente: \u00abEs una alegr\u00eda poder llegar hasta el barrio Juan Felipe Ibarra, visitar a los vecinos. Esta es una obra anhelada, tuve la posibilidad de inaugurar 800 metros de pavimento\u201d.<br>Y Agreg\u00f3: \u201cEn el barrio Cuarto Centenario se hizo un gran trabajo, de aporte de suelo, de base estabilizada, la posibilidad de tener una motoniveladora arreglando las calles y la colocaci\u00f3n de l\u00e1mparas tambi\u00e9n es importante\u201d; por lo que tambi\u00e9n desde la Secretaria de Obras P\u00fablicas, se realizar\u00e1 la colocaci\u00f3n de luces en las calles laterales que unen las Calles 1 y 2.<br>Adem\u00e1s, record\u00f3 que el ex intendente Pablo Mirolo inaugur\u00f3 hace poco tiempo la plaza saludable a la vera de la Ruta 1, destacando el gran n\u00famero de obras que se llevan adelante en todos los barrios de la ciudad, \u201cqueremos continuar trabajando y mejorando La Banda\u201d.<br>Por su parte, el vicepresidente de Trenes, Pablo Mirolo expres\u00f3 su agradecimiento al intendente a esta inauguraci\u00f3n que proyectaron los vecinos, es como trabajamos, de cara a la gente, un trabajo en conjunto\u00bb.<br>La presidenta de la Junta Vecinal, Noem\u00ed D\u00edaz agradeci\u00f3 la presencia de las autoridades. \u00abVer hecha realidad est\u00e1 plaza y el pavimento en nuestro barrio es un sue\u00f1o que hoy se concreta\u00bb.<br>\u00abEsta junta vecinal n\u00famero 23 trabajar\u00e1 fuertemente junto a usted intendente para que nuestro barrio siga creciendo\u00bb<br>Las actividades culminaron con shows musicales y las actuaciones especiales de Natali Jugo, Hugo Migueles; Academia de Danzas Folcl\u00f3ricas \u201cLa Telesita\u201d y el Taller Musical \u201cCiudad de La Banda\u201d.<\/p>\n","protected":false},"excerpt":{"rendered":"<p>En el marco del plan de pavimentaci\u00f3n, el intendente Roger Nediani inaugur\u00f3 la obra de pavimentaci\u00f3n de la Calle 2 del barrio Juan Felipe Ibarra (Ampliaci\u00f3n Parque Industrial) acompa\u00f1ado por autoridades municipales y vecinos.<\/p>\n","protected":false},"author":2,"featured_media":38635,"comment_status":"open","ping_status":"open","sticky":false,"template":"","format":"standard","meta":{"om_disable_all_campaigns":false,"_monsterinsights_skip_tracking":false,"_monsterinsights_sitenote_active":false,"_monsterinsights_sitenote_note":"","_monsterinsights_sitenote_category":0,"_uf_show_specific_survey":0,"_uf_disable_surveys":false,"jetpack_post_was_ever_published":false,"_jetpack_newsletter_access":"","_jetpack_dont_email_post_to_subs":false,"_jetpack_newsletter_tier_id":0,"_jetpack_memberships_contains_paywalled_content":false,"_jetpack_memberships_contains_paid_content":false,"footnotes":"","jetpack_publicize_message":"","jetpack_publicize_feature_enabled":true,"jetpack_social_post_already_shared":false,"jetpack_social_options":{"image_generator_settings":{"template":"highway","default_image_id":0,"font":"","enabled":false},"version":2}},"categories":[21],"tags":[],"class_list":["post-38634","post","type-post","status-publish","format-standard","has-post-thumbnail","hentry","category-locales"],"aioseo_notices":[],"views":7,"jetpack_publicize_connections":[],"jetpack_featured_media_url":"https:\/\/i0.wp.com\/elterritorialweb.com.ar\/web\/wp-content\/uploads\/2022\/04\/WhatsApp-Image-2022-04-14-at-6.44.43-PM-1.jpeg?fit=1042%2C688","jetpack_sharing_enabled":true,"_links":{"self":[{"href":"http:\/\/elterritorialweb.com.ar\/web\/wp-json\/wp\/v2\/posts\/38634","targetHints":{"allow":["GET"]}}],"collection":[{"href":"http:\/\/elterritorialweb.com.ar\/web\/wp-json\/wp\/v2\/posts"}],"about":[{"href":"http:\/\/elterritorialweb.com.ar\/web\/wp-json\/wp\/v2\/types\/post"}],"author":[{"embeddable":true,"href":"http:\/\/elterritorialweb.com.ar\/web\/wp-json\/wp\/v2\/users\/2"}],"replies":[{"embeddable":true,"href":"http:\/\/elterritorialweb.com.ar\/web\/wp-json\/wp\/v2\/comments?post=38634"}],"version-history":[{"count":1,"href":"http:\/\/elterritorialweb.com.ar\/web\/wp-json\/wp\/v2\/posts\/38634\/revisions"}],"predecessor-version":[{"id":38636,"href":"http:\/\/elterritorialweb.com.ar\/web\/wp-json\/wp\/v2\/posts\/38634\/revisions\/38636"}],"wp:featuredmedia":[{"embeddable":true,"href":"http:\/\/elterritorialweb.com.ar\/web\/wp-json\/wp\/v2\/media\/38635"}],"wp:attachment":[{"href":"http:\/\/elterritorialweb.com.ar\/web\/wp-json\/wp\/v2\/media?parent=38634"}],"wp:term":[{"taxonomy":"category","embeddable":true,"href":"http:\/\/elterritorialweb.com.ar\/web\/wp-json\/wp\/v2\/categories?post=38634"},{"taxonomy":"post_tag","embeddable":true,"href":"http:\/\/elterritorialweb.com.ar\/web\/wp-json\/wp\/v2\/tags?post=38634"}],"curies":[{"name":"wp","href":"https:\/\/api.w.org\/{rel}","templated":true}]}}