{"id":38637,"date":"2022-04-15T03:17:02","date_gmt":"2022-04-15T03:17:02","guid":{"rendered":"http:\/\/elterritorialweb.com.ar\/web\/?p=38637"},"modified":"2022-04-15T03:17:03","modified_gmt":"2022-04-15T03:17:03","slug":"el-ex-futbolista-freddy-rincon-murio-tras-un-accidente-automovilistico","status":"publish","type":"post","link":"http:\/\/elterritorialweb.com.ar\/web\/el-ex-futbolista-freddy-rincon-murio-tras-un-accidente-automovilistico\/","title":{"rendered":"EL EX FUTBOLISTA FREDDY RINCON MURI\u00d3 TR\u00c1S UN ACCIDENTE AUTOMOVIL\u00cdSTICO"},"content":{"rendered":"\n<p>El exfutbolista colombiano&nbsp;<strong>Freddy Rinc\u00f3n<\/strong>, quien hab\u00eda sufrido el pasado lunes un grave accidente automovil\u00edstico en la ciudad de Cali y permanec\u00eda internado en estado cr\u00edtico, falleci\u00f3 a los 55 a\u00f1os.<\/p>\n\n\n\n<p>\u00abLa Cl\u00ednica Imbanaco, previa autorizaci\u00f3n y en compa\u00f1\u00eda de sus familiares, se permite informar a la opini\u00f3n p\u00fablica que, pese a todos los esfuerzos realizados por nuestro equipo m\u00e9dico y asistencial, el paciente Freddy Eusebio Rinc\u00f3n Valencia, ha fallecido\u00bb, inform\u00f3 el centro m\u00e9dico, en un comunicado en el que precis\u00f3 que la muerte se produjo en el d\u00eda de ayer.<\/p>\n\n\n\n<figure class=\"wp-block-image size-full is-resized\"><a href=\"https:\/\/i0.wp.com\/elterritorialweb.com.ar\/web\/wp-content\/uploads\/2022\/04\/FREDY-RINCON-1-2.jpg\"><img data-recalc-dims=\"1\" decoding=\"async\" data-src=\"https:\/\/i0.wp.com\/elterritorialweb.com.ar\/web\/wp-content\/uploads\/2022\/04\/FREDY-RINCON-1-2.jpg?resize=640%2C309\" alt=\"\" class=\"wp-image-38640 lazyload\" width=\"640\" height=\"309\" data-srcset=\"https:\/\/i0.wp.com\/elterritorialweb.com.ar\/web\/wp-content\/uploads\/2022\/04\/FREDY-RINCON-1-2.jpg?w=525 525w, https:\/\/i0.wp.com\/elterritorialweb.com.ar\/web\/wp-content\/uploads\/2022\/04\/FREDY-RINCON-1-2.jpg?resize=300%2C145 300w\" data-sizes=\"(max-width: 640px) 100vw, 640px\" src=\"data:image\/svg+xml;base64,PHN2ZyB3aWR0aD0iMSIgaGVpZ2h0PSIxIiB4bWxucz0iaHR0cDovL3d3dy53My5vcmcvMjAwMC9zdmciPjwvc3ZnPg==\" style=\"--smush-placeholder-width: 640px; --smush-placeholder-aspect-ratio: 640\/309;\" \/><\/a><\/figure>\n\n\n\n<p>Rinc\u00f3n hab\u00eda sufrido un traumatismo craneoencef\u00e1lico \u00absevero\u00bb este lunes en un accidente automovil\u00edstico que protagoniz\u00f3 en la ciudad colombiana de Cali, en el que otras cuatro personas resultados heridas.<\/p>\n\n\n\n<p>Seg\u00fan la informaci\u00f3n que trascendi\u00f3, el autom\u00f3vil en el que viajaba el exjugador, de 55 a\u00f1os, choc\u00f3 contra un colectivo en el barrio San Fernando de la ciudad de Cali, Colombia, al pasar en rojo un sem\u00e1foro, de acuerdo con im\u00e1genes registradas en un video, un dato que luego fue confirmado por el alcalde de la ciudad, Jorge Iv\u00e1n Ospina, que detall\u00f3 que el exfutbolista no manejaba al momento del accidente.<\/p>\n\n\n\n<p>Rinc\u00f3n, nacido en Buenaventura, el puerto mar\u00edtimo m\u00e1s importante de Colombia, es una gloria del f\u00fatbol colombiano y&nbsp;<strong>form\u00f3 parte de la generaci\u00f3n del seleccionado que clasific\u00f3 a tres mundiales consecutivos, Italia 1990, Estados Unidos 1994 y Francia 1998.<\/strong><\/p>\n\n\n\n<figure class=\"wp-block-image size-full is-resized\"><a href=\"https:\/\/i0.wp.com\/elterritorialweb.com.ar\/web\/wp-content\/uploads\/2022\/04\/FREDY-RINCON-2.jpg\"><img data-recalc-dims=\"1\" decoding=\"async\" data-src=\"https:\/\/i0.wp.com\/elterritorialweb.com.ar\/web\/wp-content\/uploads\/2022\/04\/FREDY-RINCON-2.jpg?resize=640%2C845\" alt=\"\" class=\"wp-image-38639 lazyload\" width=\"640\" height=\"845\" data-srcset=\"https:\/\/i0.wp.com\/elterritorialweb.com.ar\/web\/wp-content\/uploads\/2022\/04\/FREDY-RINCON-2.jpg?w=515 515w, https:\/\/i0.wp.com\/elterritorialweb.com.ar\/web\/wp-content\/uploads\/2022\/04\/FREDY-RINCON-2.jpg?resize=227%2C300 227w\" data-sizes=\"(max-width: 640px) 100vw, 640px\" src=\"data:image\/svg+xml;base64,PHN2ZyB3aWR0aD0iMSIgaGVpZ2h0PSIxIiB4bWxucz0iaHR0cDovL3d3dy53My5vcmcvMjAwMC9zdmciPjwvc3ZnPg==\" style=\"--smush-placeholder-width: 640px; --smush-placeholder-aspect-ratio: 640\/845;\" \/><\/a><\/figure>\n\n\n\n<p>Rinc\u00f3n, un\u00a0<strong>prodigio de potencia f\u00edsica<\/strong>\u00a0(1,94 metros) y velocidad. Jug\u00f3 en el\u00a0<strong>Real Madrid<\/strong>\u00a0en 1995\/1996 con escasa relevancia, totalizando 26 encuentros y sin poder marcar goles, teniendo como DT a\u00a0<strong>Jorge Valdano<\/strong>.<\/p>\n\n\n\n<p>El goleador en Brasil brill\u00f3 en&nbsp;<strong>Palmeiras<\/strong>&nbsp;(campe\u00f3n paulista y brasile\u00f1o),&nbsp;<strong>Corinthians<\/strong>&nbsp;(campe\u00f3n paulista, brasile\u00f1o y mundial),&nbsp;<strong>Santos<\/strong>&nbsp;y&nbsp;<strong>Cruzeiro<\/strong>, adem\u00e1s de vestir la casaca celeste del N\u00e1poli entre 1994\/95.<\/p>\n\n\n\n<p>Tambi\u00e9n, dej\u00f3 notables actuaciones con el seleccionado de su pa\u00eds la primera en Italia 1990, cuando le marc\u00f3 el gol del empate ante Alemania (1-1) en el estadio Guisseppe Meazza de Milano, tras una notable habilitaci\u00f3n de Carlos \u00abEl pibe\u00bb Valderrama, en un equipo eliminado en octavos de final por Camer\u00fan. Jug\u00f3 10 cotejos mundialistas y ese fue el \u00fanico gol que se\u00f1al\u00f3.<\/p>\n\n\n\n<figure class=\"wp-block-image size-full is-resized\"><a href=\"https:\/\/i0.wp.com\/elterritorialweb.com.ar\/web\/wp-content\/uploads\/2022\/04\/FREDY-RINCON-3.jpg\"><img data-recalc-dims=\"1\" decoding=\"async\" data-src=\"https:\/\/i0.wp.com\/elterritorialweb.com.ar\/web\/wp-content\/uploads\/2022\/04\/FREDY-RINCON-3.jpg?resize=640%2C501\" alt=\"\" class=\"wp-image-38641 lazyload\" width=\"640\" height=\"501\" data-srcset=\"https:\/\/i0.wp.com\/elterritorialweb.com.ar\/web\/wp-content\/uploads\/2022\/04\/FREDY-RINCON-3.jpg?w=680 680w, https:\/\/i0.wp.com\/elterritorialweb.com.ar\/web\/wp-content\/uploads\/2022\/04\/FREDY-RINCON-3.jpg?resize=300%2C235 300w\" data-sizes=\"(max-width: 640px) 100vw, 640px\" src=\"data:image\/svg+xml;base64,PHN2ZyB3aWR0aD0iMSIgaGVpZ2h0PSIxIiB4bWxucz0iaHR0cDovL3d3dy53My5vcmcvMjAwMC9zdmciPjwvc3ZnPg==\" style=\"--smush-placeholder-width: 640px; --smush-placeholder-aspect-ratio: 640\/501;\" \/><\/a><\/figure>\n\n\n\n<p><strong>Otra relevante tarea de Rinc\u00f3n fue tambi\u00e9n un doloroso recuerdo para el f\u00fatbol argentino aquella tarde del 5 de setiembre de 1993, cuando Colombia gole\u00f3 a la Argentina, dirigida por Alfio Basile, por 5-0 en el estadio de River,<\/strong>&nbsp;en la eliminatoria para Estados Unidos 1994.<\/p>\n\n\n\n<p>En esa aciaga jornada para el f\u00fatbol argentino, Rinc\u00f3n fue una pesadilla para la defensa del seleccionado albiceleste, que era vigente bicampe\u00f3n de Am\u00e9rica, y marc\u00f3 dos goles a los 41 (1-0) y 72 minutos (3-0).<\/p>\n","protected":false},"excerpt":{"rendered":"<p>Hab\u00eda sufrido el pasado lunes un grave accidente automovil\u00edstico en la ciudad de Cali y permanec\u00eda internado en estado cr\u00edtico. Form\u00f3 parte de la generaci\u00f3n del seleccionado que clasific\u00f3 a tres mundiales consecutivos. <\/p>\n","protected":false},"author":2,"featured_media":38638,"comment_status":"open","ping_status":"open","sticky":false,"template":"","format":"standard","meta":{"om_disable_all_campaigns":false,"_monsterinsights_skip_tracking":false,"_monsterinsights_sitenote_active":false,"_monsterinsights_sitenote_note":"","_monsterinsights_sitenote_category":0,"_uf_show_specific_survey":0,"_uf_disable_surveys":false,"jetpack_post_was_ever_published":false,"_jetpack_newsletter_access":"","_jetpack_dont_email_post_to_subs":false,"_jetpack_newsletter_tier_id":0,"_jetpack_memberships_contains_paywalled_content":false,"_jetpack_memberships_contains_paid_content":false,"footnotes":"","jetpack_publicize_message":"","jetpack_publicize_feature_enabled":true,"jetpack_social_post_already_shared":false,"jetpack_social_options":{"image_generator_settings":{"template":"highway","default_image_id":0,"font":"","enabled":false},"version":2}},"categories":[6],"tags":[],"class_list":["post-38637","post","type-post","status-publish","format-standard","has-post-thumbnail","hentry","category-deportes"],"aioseo_notices":[],"views":8,"jetpack_publicize_connections":[],"jetpack_featured_media_url":"https:\/\/i0.wp.com\/elterritorialweb.com.ar\/web\/wp-content\/uploads\/2022\/04\/FREDY-RINCON.jpg?fit=680%2C453","jetpack_sharing_enabled":true,"_links":{"self":[{"href":"http:\/\/elterritorialweb.com.ar\/web\/wp-json\/wp\/v2\/posts\/38637","targetHints":{"allow":["GET"]}}],"collection":[{"href":"http:\/\/elterritorialweb.com.ar\/web\/wp-json\/wp\/v2\/posts"}],"about":[{"href":"http:\/\/elterritorialweb.com.ar\/web\/wp-json\/wp\/v2\/types\/post"}],"author":[{"embeddable":true,"href":"http:\/\/elterritorialweb.com.ar\/web\/wp-json\/wp\/v2\/users\/2"}],"replies":[{"embeddable":true,"href":"http:\/\/elterritorialweb.com.ar\/web\/wp-json\/wp\/v2\/comments?post=38637"}],"version-history":[{"count":1,"href":"http:\/\/elterritorialweb.com.ar\/web\/wp-json\/wp\/v2\/posts\/38637\/revisions"}],"predecessor-version":[{"id":38642,"href":"http:\/\/elterritorialweb.com.ar\/web\/wp-json\/wp\/v2\/posts\/38637\/revisions\/38642"}],"wp:featuredmedia":[{"embeddable":true,"href":"http:\/\/elterritorialweb.com.ar\/web\/wp-json\/wp\/v2\/media\/38638"}],"wp:attachment":[{"href":"http:\/\/elterritorialweb.com.ar\/web\/wp-json\/wp\/v2\/media?parent=38637"}],"wp:term":[{"taxonomy":"category","embeddable":true,"href":"http:\/\/elterritorialweb.com.ar\/web\/wp-json\/wp\/v2\/categories?post=38637"},{"taxonomy":"post_tag","embeddable":true,"href":"http:\/\/elterritorialweb.com.ar\/web\/wp-json\/wp\/v2\/tags?post=38637"}],"curies":[{"name":"wp","href":"https:\/\/api.w.org\/{rel}","templated":true}]}}