{"id":38643,"date":"2022-04-15T03:51:12","date_gmt":"2022-04-15T03:51:12","guid":{"rendered":"http:\/\/elterritorialweb.com.ar\/web\/?p=38643"},"modified":"2022-04-15T03:51:13","modified_gmt":"2022-04-15T03:51:13","slug":"brasil-argentina-tendra-un-15-mas-de-turistas-de-cruceros-en-2023","status":"publish","type":"post","link":"http:\/\/elterritorialweb.com.ar\/web\/brasil-argentina-tendra-un-15-mas-de-turistas-de-cruceros-en-2023\/","title":{"rendered":"BRASIL: ARGENTINA TENDR\u00c1 UN 15% M\u00c1S DE TURISTAS DE CRUCEROS EN 2023"},"content":{"rendered":"\n<p>La noticia se dio a conocer en el marco de WTM Latinoam\u00e9rica, la feria de turismo m\u00e1s importante del mercado de Brasil, como resultado de la reuni\u00f3n que el\u00a0<strong>Secretario Ejecutivo del INPROTUR, Ricardo Sosa\u00a0<\/strong>mantuvo con el CEO de la\u00a0<strong>Asociaci\u00f3n Internacional de L\u00edneas de Cruceros (CLIA), Marco Ferraz<\/strong>, donde se analiz\u00f3 la actual situaci\u00f3n de los cruceros y las proyecciones que se tienen en el marco de la reactivaci\u00f3n tur\u00edstica internacional. All\u00ed se confirm\u00f3 que el incremento en la cantidad de turistas se produce en base a la programaci\u00f3n de barcos m\u00e1s grandes y que estar\u00e1n m\u00e1s tiempo trabajando. Esto quiere decir que la temporada de cruceros entre Brasil y Argentina tendr\u00e1 170 d\u00edas.<br>\u00a0<br><strong>Ricardo Sosa<\/strong>\u00a0explic\u00f3: \u201c<em>Esto es una muestra del inter\u00e9s que existe hacia nuestro pa\u00eds y los avances en cuanto a la recuperaci\u00f3n del turismo receptivo. Se debe tener en cuenta que en la prepandemia Am\u00e9rica del Sur concentraba solamente el 2% de todos los cruceros del mundo, por lo que tenemos una gran potencialidad de crecimiento. Por eso, con CLIA tenemos un objetivo de trabajo de tener 93 nuevos barcos hasta 2027, donde vamos a trabajar en el desarrollo de nuevos destinos, tener barcos todo el a\u00f1o y gestionar una mayor cantidad de noches de estad\u00eda<\/em>\u00a0.<\/p>\n","protected":false},"excerpt":{"rendered":"<p>Seis compa\u00f1\u00edas de cruceros ya programan sus itinerarios por Argentina para la pr\u00f3xima temporada y entre el periodo de octubre 2022 y abril 2023 se proyecta que habr\u00e1 un 15% m\u00e1s de turistas de cruceros producto de que varias compa\u00f1\u00edas tendr\u00e1n barcos con mayor capacidad de pasajeros.<\/p>\n","protected":false},"author":2,"featured_media":38644,"comment_status":"open","ping_status":"open","sticky":false,"template":"","format":"standard","meta":{"om_disable_all_campaigns":false,"_monsterinsights_skip_tracking":false,"_monsterinsights_sitenote_active":false,"_monsterinsights_sitenote_note":"","_monsterinsights_sitenote_category":0,"_uf_show_specific_survey":0,"_uf_disable_surveys":false,"jetpack_post_was_ever_published":false,"_jetpack_newsletter_access":"","_jetpack_dont_email_post_to_subs":false,"_jetpack_newsletter_tier_id":0,"_jetpack_memberships_contains_paywalled_content":false,"_jetpack_memberships_contains_paid_content":false,"footnotes":"","jetpack_publicize_message":"","jetpack_publicize_feature_enabled":true,"jetpack_social_post_already_shared":false,"jetpack_social_options":{"image_generator_settings":{"template":"highway","default_image_id":0,"font":"","enabled":false},"version":2}},"categories":[29],"tags":[],"class_list":["post-38643","post","type-post","status-publish","format-standard","has-post-thumbnail","hentry","category-turismo"],"aioseo_notices":[],"views":7,"jetpack_publicize_connections":[],"jetpack_featured_media_url":"https:\/\/i0.wp.com\/elterritorialweb.com.ar\/web\/wp-content\/uploads\/2022\/04\/sosa.jpg?fit=1280%2C854","jetpack_sharing_enabled":true,"_links":{"self":[{"href":"http:\/\/elterritorialweb.com.ar\/web\/wp-json\/wp\/v2\/posts\/38643","targetHints":{"allow":["GET"]}}],"collection":[{"href":"http:\/\/elterritorialweb.com.ar\/web\/wp-json\/wp\/v2\/posts"}],"about":[{"href":"http:\/\/elterritorialweb.com.ar\/web\/wp-json\/wp\/v2\/types\/post"}],"author":[{"embeddable":true,"href":"http:\/\/elterritorialweb.com.ar\/web\/wp-json\/wp\/v2\/users\/2"}],"replies":[{"embeddable":true,"href":"http:\/\/elterritorialweb.com.ar\/web\/wp-json\/wp\/v2\/comments?post=38643"}],"version-history":[{"count":1,"href":"http:\/\/elterritorialweb.com.ar\/web\/wp-json\/wp\/v2\/posts\/38643\/revisions"}],"predecessor-version":[{"id":38645,"href":"http:\/\/elterritorialweb.com.ar\/web\/wp-json\/wp\/v2\/posts\/38643\/revisions\/38645"}],"wp:featuredmedia":[{"embeddable":true,"href":"http:\/\/elterritorialweb.com.ar\/web\/wp-json\/wp\/v2\/media\/38644"}],"wp:attachment":[{"href":"http:\/\/elterritorialweb.com.ar\/web\/wp-json\/wp\/v2\/media?parent=38643"}],"wp:term":[{"taxonomy":"category","embeddable":true,"href":"http:\/\/elterritorialweb.com.ar\/web\/wp-json\/wp\/v2\/categories?post=38643"},{"taxonomy":"post_tag","embeddable":true,"href":"http:\/\/elterritorialweb.com.ar\/web\/wp-json\/wp\/v2\/tags?post=38643"}],"curies":[{"name":"wp","href":"https:\/\/api.w.org\/{rel}","templated":true}]}}