{"id":38646,"date":"2022-04-15T04:19:11","date_gmt":"2022-04-15T04:19:11","guid":{"rendered":"http:\/\/elterritorialweb.com.ar\/web\/?p=38646"},"modified":"2022-05-09T18:00:20","modified_gmt":"2022-05-09T18:00:20","slug":"alberto-fernandez-y-fabiola-yanez-presentaron-a-su-hijo-francisco","status":"publish","type":"post","link":"http:\/\/elterritorialweb.com.ar\/web\/alberto-fernandez-y-fabiola-yanez-presentaron-a-su-hijo-francisco\/","title":{"rendered":"ALBERTO FERNANDEZ Y FABIOLA YA\u00d1EZ PRESENTARON A SU HIJO FRANCISCO"},"content":{"rendered":"\n<p>El presidente Alberto Fern\u00e1ndez y la primera dama Fabiola Ya\u00f1ez presentaron este jueves en sociedad&nbsp;<strong>a su primer hijo Francisco, que naci\u00f3 en la madrugada del lunes pasado<\/strong>, y&nbsp;<strong>fueron dados de alta del sanatorio en \u00abperfecto estado de salud\u00bb.<\/strong><\/p>\n\n\n\n<p>Tras recibir el alta m\u00e9dica este mediod\u00eda tras tres d\u00edas de internaci\u00f3n,&nbsp;<strong>el Presidente y la Primera Dama brindaron una conferencia de prensa en el sanatorio Otamendi&nbsp;<\/strong>para presentar a su primer hijo Francisco Fern\u00e1ndez Ya\u00f1ez, quien naci\u00f3 a la 1.21 de la madrugada del pasado lunes 11, por ces\u00e1rea, y con un peso de 3.510 gramos.<\/p>\n\n\n\n<p>Fern\u00e1ndez agradeci\u00f3 a todo el equipo m\u00e9dico de Presidencia y al personal de salud del sanatorio porte\u00f1o, como as\u00ed tambi\u00e9n a todos los que le enviaron las salutaciones y concluy\u00f3: \u00abBienvenido, Francisco\u00bb.<\/p>\n\n\n\n<p>En tanto, Fabiola Ya\u00f1ez tambi\u00e9n agradeci\u00f3 a los m\u00e9dicos y se\u00f1al\u00f3 que el nacimiento de su primog\u00e9nito \u00abes una alegr\u00eda enorme porque todo sali\u00f3 muy r\u00e1pido y perfecto\u00bb.<\/p>\n\n\n\n<p><strong>\u00abMejor imposible en las condiciones que naci\u00f3 Francisco, que fueron fant\u00e1sticas. Est\u00e1 san\u00edsimo y estamos muy felices\u00bb<\/strong>, agreg\u00f3 la Primera Dama.<\/p>\n\n\n\n<p>Minutos antes de la presentaci\u00f3n ante la prensa, se difundi\u00f3 un comunicado de la Unidad M\u00e9dica Presidencial, firmado por el director de la Unidad M\u00e9dica Presidencial, Federico Saavedra, en el que se inform\u00f3 que Ya\u00f1ez y Francisco recibieron esta ma\u00f1ana el alta m\u00e9dica por parte de los profesionales del sanatorio Otamendi y ambos se encuentran en<strong>&nbsp;\u00abperfecto estado de salud\u00bb.<\/strong><\/p>\n\n\n\n<h3 class=\"wp-block-heading\">El relato del nacimiento<\/h3>\n\n\n\n<p>Horas despu\u00e9s del nacimiento de su segundo hijo el lunes pasado, el Presidente manifest\u00f3 en declaraciones a radio Diez haber vivido el nacimiento como \u201cun momento de mucha felicidad y muy gratificante\u201d.<\/p>\n\n\n\n<p>\u00abEl nacimiento de un hijo es un momento \u00fanico. Yo dec\u00eda que el momento m\u00e1s feliz era cuando Tani (Estanislao) hab\u00eda nacido. Hoy fue un segundo momento igual a ese\u00bb, confi\u00f3 el Presidente sobre la llegada de Francisco el pasado lunes.<\/p>\n\n\n\n<p>Respecto a los momentos previos al nacimiento, relat\u00f3: \u00abSab\u00edamos que Fabiola estaba en fecha, sab\u00edamos que en cualquier momento ven\u00eda el nacimiento. Los m\u00e9dicos hab\u00edan previsto como fecha tope el 20 de abril y el domingo a la noche ella me dijo que sent\u00eda como que se le endurec\u00eda la panza y llamamos al m\u00e9dico\u00bb.<\/p>\n\n\n\n<p>A partir de ese momento, cont\u00f3:&nbsp;<strong>\u00abTodo fue muy r\u00e1pido\u00bb<\/strong>&nbsp;y el nacimiento se concret\u00f3 a la 1.21 de la madrugada del lunes.<\/p>\n\n\n\n<p>Sobre de la elecci\u00f3n del nombre del beb\u00e9,&nbsp;<strong>el Jefe de Estado lo relacion\u00f3 directamente con el del papa Francisco: \u00abEs bien sabido que reconozco en \u00e9l un l\u00edder moral de una estatura enorme\u00bb.<\/strong><\/p>\n\n\n\n<p>Ese d\u00eda, el mandatario anunci\u00f3 la noticia a trav\u00e9s de su cuenta de Instagram: \u00abNaci\u00f3 Francisco!!!, Con tu madre Fabiola estamos inmensamente felices. Bienvenido a la vida!!!\u00bb, y public\u00f3 una foto en la que pueden verse las huellas de los pies del beb\u00e9.<\/p>\n\n\n\n<p>\u00abFrancisco: aquel que ama la libertad. Hoy, 11 de abril, a las 01:21 hs naci\u00f3 nuestro hijo, a quien tanto esperamos y amamos desde el primer d\u00eda. Nos sentimos felices y afortunados de recibirlo rodeados de afecto en nuestra Argentina. Agradecemos todos los buenos deseos que nos transmitieron en estos meses, nos acompa\u00f1aron mucho. La realidad supera cualquiera de ellos, vivimos un sue\u00f1o que anhelamos hace tiempo y hoy abrazamos con amor\u00bb, escribi\u00f3 por su pare Fabiola.<\/p>\n\n\n\n<p>En esa oportunidad, desde la Unidad M\u00e9dica Presidencial se\u00f1alaron que Ya\u00f1ez ingres\u00f3 pasada la medianoche del lunes 11 al sanatorio Otamendi del barrio porte\u00f1o de Recoleta con \u201ccontracciones de trabajo de parto sin progresi\u00f3n del mismo, por lo cual se le efectu\u00f3 una operaci\u00f3n ces\u00e1rea\u201d.<\/p>\n\n\n\n<h3 class=\"wp-block-heading\">Los saludos<\/h3>\n\n\n\n<p>Luego de conocida la noticia, dirigentes pol\u00edticos y referentes del oficialismo, como la vicepresidenta Cristina Fern\u00e1ndez de Kirchner, saludaron por redes sociales a Fern\u00e1ndez y a Ya\u00f1ez, por el nacimiento de Francisco.<\/p>\n\n\n\n<p>Por su parte, el club Argentinos Juniors (AAAJ) lo inscribi\u00f3 ese mismo d\u00eda como socio con el n\u00famero 45.142 y en la categor\u00eda \u00abbebe pleno\u00bb.<\/p>\n\n\n\n<p>\u00abQueremos felicitar al Presidente Alberto Fern\u00e1ndez y a Fabiola Y\u00e1\u00f1ez por el nacimiento de su hijo Francisco y darle la bienvenida a #ElSemilleroDelMundo. \u00a1Ac\u00e1 va nuestro presente desde @SociosAAAJ!\u00bb, tuite\u00f3 desde la cuenta oficial el club del barrio de La Paternal.<\/p>\n\n\n\n<p>Al respecto, el Presidente agradeci\u00f3 el gesto a trav\u00e9s de sus redes sociales, donde manifest\u00f3 \u00abDel bicho como su pap\u00e1 \u00a1Gracias, @AAAJoficial!\u00bb.<\/p>\n","protected":false},"excerpt":{"rendered":"<p>Fue a la salida del sanatorio porte\u00f1o del que la primera dama y el ni\u00f1o, nacido el lunes, fueron dados de alta. <\/p>\n","protected":false},"author":2,"featured_media":38647,"comment_status":"open","ping_status":"open","sticky":false,"template":"","format":"standard","meta":{"om_disable_all_campaigns":false,"_monsterinsights_skip_tracking":false,"_monsterinsights_sitenote_active":false,"_monsterinsights_sitenote_note":"","_monsterinsights_sitenote_category":0,"_uf_show_specific_survey":0,"_uf_disable_surveys":false,"jetpack_post_was_ever_published":false,"_jetpack_newsletter_access":"","_jetpack_dont_email_post_to_subs":false,"_jetpack_newsletter_tier_id":0,"_jetpack_memberships_contains_paywalled_content":false,"_jetpack_memberships_contains_paid_content":false,"footnotes":"","jetpack_publicize_message":"","jetpack_publicize_feature_enabled":true,"jetpack_social_post_already_shared":false,"jetpack_social_options":{"image_generator_settings":{"template":"highway","default_image_id":0,"font":"","enabled":false},"version":2}},"categories":[7],"tags":[],"class_list":["post-38646","post","type-post","status-publish","format-standard","has-post-thumbnail","hentry","category-nacionales"],"aioseo_notices":[],"views":12,"jetpack_publicize_connections":[],"jetpack_featured_media_url":"https:\/\/i0.wp.com\/elterritorialweb.com.ar\/web\/wp-content\/uploads\/2022\/04\/ALBERTO-Y-FABIOLA.jpg?fit=661%2C370","jetpack_sharing_enabled":true,"_links":{"self":[{"href":"http:\/\/elterritorialweb.com.ar\/web\/wp-json\/wp\/v2\/posts\/38646","targetHints":{"allow":["GET"]}}],"collection":[{"href":"http:\/\/elterritorialweb.com.ar\/web\/wp-json\/wp\/v2\/posts"}],"about":[{"href":"http:\/\/elterritorialweb.com.ar\/web\/wp-json\/wp\/v2\/types\/post"}],"author":[{"embeddable":true,"href":"http:\/\/elterritorialweb.com.ar\/web\/wp-json\/wp\/v2\/users\/2"}],"replies":[{"embeddable":true,"href":"http:\/\/elterritorialweb.com.ar\/web\/wp-json\/wp\/v2\/comments?post=38646"}],"version-history":[{"count":2,"href":"http:\/\/elterritorialweb.com.ar\/web\/wp-json\/wp\/v2\/posts\/38646\/revisions"}],"predecessor-version":[{"id":39749,"href":"http:\/\/elterritorialweb.com.ar\/web\/wp-json\/wp\/v2\/posts\/38646\/revisions\/39749"}],"wp:featuredmedia":[{"embeddable":true,"href":"http:\/\/elterritorialweb.com.ar\/web\/wp-json\/wp\/v2\/media\/38647"}],"wp:attachment":[{"href":"http:\/\/elterritorialweb.com.ar\/web\/wp-json\/wp\/v2\/media?parent=38646"}],"wp:term":[{"taxonomy":"category","embeddable":true,"href":"http:\/\/elterritorialweb.com.ar\/web\/wp-json\/wp\/v2\/categories?post=38646"},{"taxonomy":"post_tag","embeddable":true,"href":"http:\/\/elterritorialweb.com.ar\/web\/wp-json\/wp\/v2\/tags?post=38646"}],"curies":[{"name":"wp","href":"https:\/\/api.w.org\/{rel}","templated":true}]}}