{"id":38649,"date":"2022-04-15T17:22:50","date_gmt":"2022-04-15T17:22:50","guid":{"rendered":"http:\/\/elterritorialweb.com.ar\/web\/?p=38649"},"modified":"2022-04-15T22:04:40","modified_gmt":"2022-04-15T22:04:40","slug":"la-intendente-fuentes-visito-el-encuentro-nacional-de-artesanos-en-el-parque-oeste","status":"publish","type":"post","link":"http:\/\/elterritorialweb.com.ar\/web\/la-intendente-fuentes-visito-el-encuentro-nacional-de-artesanos-en-el-parque-oeste\/","title":{"rendered":"LA INTENDENTE FUENTES VISIT\u00d3 EL ENCUENTRO NACIONAL DE ARTESANOS EN EL PARQUE OESTE"},"content":{"rendered":"\n<p>La propuesta re\u00fane a participantes locales, del interior santiague\u00f1o y de provincias de C\u00f3rdoba, Jujuy, Santa Fe, La Rioja, entre otros.<br>Adem\u00e1s de las producciones artesanales quienes visiten el parque podr\u00e1n apreciar shows en vivo de m\u00fasicos locales.<br>Las jornadas se desarrollan de 16 a 24, en las cuales tambi\u00e9n habr\u00e1 diversos talleres como de luther\u00eda, hilados, trabajos con cuchillos, entre otros.<\/p>\n","protected":false},"excerpt":{"rendered":"<p>La intendente de la Capital, Ing. Norma Fuentes, recorri\u00f3 los stands del Encuentro Nacional de Artesanos que se desarrolla en el Parque Oeste hasta el pr\u00f3ximo domingo, dentro de las actividades libres y gratuitas que organiz\u00f3 la Municipalidad para Semana Santa.<\/p>\n","protected":false},"author":2,"featured_media":38650,"comment_status":"open","ping_status":"open","sticky":false,"template":"","format":"standard","meta":{"om_disable_all_campaigns":false,"_monsterinsights_skip_tracking":false,"_monsterinsights_sitenote_active":false,"_monsterinsights_sitenote_note":"","_monsterinsights_sitenote_category":0,"_uf_show_specific_survey":0,"_uf_disable_surveys":false,"jetpack_post_was_ever_published":false,"_jetpack_newsletter_access":"","_jetpack_dont_email_post_to_subs":false,"_jetpack_newsletter_tier_id":0,"_jetpack_memberships_contains_paywalled_content":false,"_jetpack_memberships_contains_paid_content":false,"footnotes":"","jetpack_publicize_message":"","jetpack_publicize_feature_enabled":true,"jetpack_social_post_already_shared":false,"jetpack_social_options":{"image_generator_settings":{"template":"highway","default_image_id":0,"font":"","enabled":false},"version":2}},"categories":[21],"tags":[],"class_list":["post-38649","post","type-post","status-publish","format-standard","has-post-thumbnail","hentry","category-locales"],"aioseo_notices":[],"views":7,"jetpack_publicize_connections":[],"jetpack_featured_media_url":"https:\/\/i0.wp.com\/elterritorialweb.com.ar\/web\/wp-content\/uploads\/2022\/04\/visita-artesano-1.jpeg?fit=1280%2C854","jetpack_sharing_enabled":true,"_links":{"self":[{"href":"http:\/\/elterritorialweb.com.ar\/web\/wp-json\/wp\/v2\/posts\/38649","targetHints":{"allow":["GET"]}}],"collection":[{"href":"http:\/\/elterritorialweb.com.ar\/web\/wp-json\/wp\/v2\/posts"}],"about":[{"href":"http:\/\/elterritorialweb.com.ar\/web\/wp-json\/wp\/v2\/types\/post"}],"author":[{"embeddable":true,"href":"http:\/\/elterritorialweb.com.ar\/web\/wp-json\/wp\/v2\/users\/2"}],"replies":[{"embeddable":true,"href":"http:\/\/elterritorialweb.com.ar\/web\/wp-json\/wp\/v2\/comments?post=38649"}],"version-history":[{"count":1,"href":"http:\/\/elterritorialweb.com.ar\/web\/wp-json\/wp\/v2\/posts\/38649\/revisions"}],"predecessor-version":[{"id":38651,"href":"http:\/\/elterritorialweb.com.ar\/web\/wp-json\/wp\/v2\/posts\/38649\/revisions\/38651"}],"wp:featuredmedia":[{"embeddable":true,"href":"http:\/\/elterritorialweb.com.ar\/web\/wp-json\/wp\/v2\/media\/38650"}],"wp:attachment":[{"href":"http:\/\/elterritorialweb.com.ar\/web\/wp-json\/wp\/v2\/media?parent=38649"}],"wp:term":[{"taxonomy":"category","embeddable":true,"href":"http:\/\/elterritorialweb.com.ar\/web\/wp-json\/wp\/v2\/categories?post=38649"},{"taxonomy":"post_tag","embeddable":true,"href":"http:\/\/elterritorialweb.com.ar\/web\/wp-json\/wp\/v2\/tags?post=38649"}],"curies":[{"name":"wp","href":"https:\/\/api.w.org\/{rel}","templated":true}]}}