{"id":38656,"date":"2022-04-15T19:06:46","date_gmt":"2022-04-15T19:06:46","guid":{"rendered":"http:\/\/elterritorialweb.com.ar\/web\/?p=38656"},"modified":"2022-04-15T19:06:47","modified_gmt":"2022-04-15T19:06:47","slug":"nueva-reunion-de-directivos-de-la-unse-con-intendentes-y-comisionados-municipales","status":"publish","type":"post","link":"http:\/\/elterritorialweb.com.ar\/web\/nueva-reunion-de-directivos-de-la-unse-con-intendentes-y-comisionados-municipales\/","title":{"rendered":"NUEVA REUNI\u00d3N DE DIRECTIVOS DE LA UNSE CON INTENDENTES Y COMISIONADOS MUNICIPALES"},"content":{"rendered":"\n<p>Acompa\u00f1aron los directores de la Escuela para la Innovaci\u00f3n Educativa, Francisco Muratore, de la Escuela de Artes y Oficios, Eve Liz Coronel, y miembros del gabinete rectoral.<br>El encuentro significa los primeros acercamientos con estos municipios para conocer sus necesidades y avanzar en el sentido de acuerdos que generen posibilidades de respuestas acad\u00e9micas.<\/p>\n","protected":false},"excerpt":{"rendered":"<p>En la sala del Consejo Superior de la UNSE, la vicerrectora de la UNSE, Marcela Ju\u00e1rez, recibi\u00f3 al intendente Jos\u00e9 Roberto Nour de San Pedro de Guasay\u00e1n y a los comisionados municipales de El Bobadal, Emilio Llanos, y de Villa Hip\u00f3lita, Gerardo Alfredo D\u00edaz.<\/p>\n","protected":false},"author":2,"featured_media":38657,"comment_status":"open","ping_status":"open","sticky":false,"template":"","format":"standard","meta":{"om_disable_all_campaigns":false,"_monsterinsights_skip_tracking":false,"_monsterinsights_sitenote_active":false,"_monsterinsights_sitenote_note":"","_monsterinsights_sitenote_category":0,"_uf_show_specific_survey":0,"_uf_disable_surveys":false,"jetpack_post_was_ever_published":false,"_jetpack_newsletter_access":"","_jetpack_dont_email_post_to_subs":false,"_jetpack_newsletter_tier_id":0,"_jetpack_memberships_contains_paywalled_content":false,"_jetpack_memberships_contains_paid_content":false,"footnotes":"","jetpack_publicize_message":"","jetpack_publicize_feature_enabled":true,"jetpack_social_post_already_shared":false,"jetpack_social_options":{"image_generator_settings":{"template":"highway","default_image_id":0,"font":"","enabled":false},"version":2}},"categories":[19],"tags":[],"class_list":["post-38656","post","type-post","status-publish","format-standard","has-post-thumbnail","hentry","category-educacion"],"aioseo_notices":[],"views":11,"jetpack_publicize_connections":[],"jetpack_featured_media_url":"https:\/\/i0.wp.com\/elterritorialweb.com.ar\/web\/wp-content\/uploads\/2022\/04\/UNSE-CON-INTENDENTES.jpg?fit=1190%2C540","jetpack_sharing_enabled":true,"_links":{"self":[{"href":"http:\/\/elterritorialweb.com.ar\/web\/wp-json\/wp\/v2\/posts\/38656","targetHints":{"allow":["GET"]}}],"collection":[{"href":"http:\/\/elterritorialweb.com.ar\/web\/wp-json\/wp\/v2\/posts"}],"about":[{"href":"http:\/\/elterritorialweb.com.ar\/web\/wp-json\/wp\/v2\/types\/post"}],"author":[{"embeddable":true,"href":"http:\/\/elterritorialweb.com.ar\/web\/wp-json\/wp\/v2\/users\/2"}],"replies":[{"embeddable":true,"href":"http:\/\/elterritorialweb.com.ar\/web\/wp-json\/wp\/v2\/comments?post=38656"}],"version-history":[{"count":1,"href":"http:\/\/elterritorialweb.com.ar\/web\/wp-json\/wp\/v2\/posts\/38656\/revisions"}],"predecessor-version":[{"id":38658,"href":"http:\/\/elterritorialweb.com.ar\/web\/wp-json\/wp\/v2\/posts\/38656\/revisions\/38658"}],"wp:featuredmedia":[{"embeddable":true,"href":"http:\/\/elterritorialweb.com.ar\/web\/wp-json\/wp\/v2\/media\/38657"}],"wp:attachment":[{"href":"http:\/\/elterritorialweb.com.ar\/web\/wp-json\/wp\/v2\/media?parent=38656"}],"wp:term":[{"taxonomy":"category","embeddable":true,"href":"http:\/\/elterritorialweb.com.ar\/web\/wp-json\/wp\/v2\/categories?post=38656"},{"taxonomy":"post_tag","embeddable":true,"href":"http:\/\/elterritorialweb.com.ar\/web\/wp-json\/wp\/v2\/tags?post=38656"}],"curies":[{"name":"wp","href":"https:\/\/api.w.org\/{rel}","templated":true}]}}