{"id":38659,"date":"2022-04-15T19:15:24","date_gmt":"2022-04-15T19:15:24","guid":{"rendered":"http:\/\/elterritorialweb.com.ar\/web\/?p=38659"},"modified":"2022-04-15T21:23:44","modified_gmt":"2022-04-15T21:23:44","slug":"el-papa-francisco-encabeza-el-via-crusis-en-el-coliseo-romano","status":"publish","type":"post","link":"http:\/\/elterritorialweb.com.ar\/web\/el-papa-francisco-encabeza-el-via-crusis-en-el-coliseo-romano\/","title":{"rendered":"EL PAPA FRANCISCO ENCABEZA EL VIA CRUSIS EN EL COLISEO ROMANO"},"content":{"rendered":"\n<p>El papa Francisco encabeza en noche del Viernes Santo el V\u00eda Crucis, al final del cual hablar\u00e1 a los fieles congregados en el Coliseo Romano e impartir\u00e1 la Bendici\u00f3n Apost\u00f3lica.<\/p>\n\n\n\n<p>El V\u00eda Crucis vuelve a desarrollarse en el Coliseo Romano, despu\u00e9s de haberse celebrado en la Plaza de San Pedro durante dos a\u00f1os debido al coronavirus. La decisi\u00f3n se hab\u00eda anunciado en marzo.<\/p>\n\n\n\n<p>Este a\u00f1o, los textos de las oraciones y las meditaciones fueron elaborados por familias vinculadas a asociaciones cat\u00f3licas de voluntariado y asistencia. Tambi\u00e9n ser\u00e1n familias las que lleven la cruz entre estaciones, de acuerdo a lo que inform\u00f3 hace algunas semanas el director de la Oficina de Prensa del Vaticano, Matteo Bruni.<\/p>\n\n\n\n<p>La decisi\u00f3n de poner el foco en las familias es la celebraci\u00f3n de los cinco a\u00f1os de la exhortaci\u00f3n apost\u00f3lica Amoris Laetitia.<\/p>\n\n\n\n<p>Adem\u00e1s, esta semana el Vaticano anunci\u00f3 que en una de las estaciones la Cruz caracter\u00edstica de la celebraci\u00f3n ser\u00e1 llevada por una mujer rusa y una ucraniana, una decisi\u00f3n que sin embargo despert\u00f3 cr\u00edticas desde ambas naciones.<\/p>\n\n\n\n<figure class=\"wp-block-image size-full\"><a href=\"https:\/\/i0.wp.com\/elterritorialweb.com.ar\/web\/wp-content\/uploads\/2022\/04\/COLISEO-ROMANO.jpg\"><img data-recalc-dims=\"1\" decoding=\"async\" width=\"640\" height=\"356\" data-src=\"https:\/\/i0.wp.com\/elterritorialweb.com.ar\/web\/wp-content\/uploads\/2022\/04\/COLISEO-ROMANO.jpg?resize=640%2C356\" alt=\"\" class=\"wp-image-38662 lazyload\" data-srcset=\"https:\/\/i0.wp.com\/elterritorialweb.com.ar\/web\/wp-content\/uploads\/2022\/04\/COLISEO-ROMANO.jpg?w=900 900w, https:\/\/i0.wp.com\/elterritorialweb.com.ar\/web\/wp-content\/uploads\/2022\/04\/COLISEO-ROMANO.jpg?resize=300%2C167 300w, https:\/\/i0.wp.com\/elterritorialweb.com.ar\/web\/wp-content\/uploads\/2022\/04\/COLISEO-ROMANO.jpg?resize=768%2C427 768w\" data-sizes=\"(max-width: 640px) 100vw, 640px\" src=\"data:image\/svg+xml;base64,PHN2ZyB3aWR0aD0iMSIgaGVpZ2h0PSIxIiB4bWxucz0iaHR0cDovL3d3dy53My5vcmcvMjAwMC9zdmciPjwvc3ZnPg==\" style=\"--smush-placeholder-width: 640px; --smush-placeholder-aspect-ratio: 640\/356;\" \/><\/a><\/figure>\n\n\n\n<p>M\u00e1s temprano, el Sumo Pont\u00edfice encabez\u00f3 la celebraci\u00f3n de la Pasi\u00f3n del Se\u00f1or. All\u00ed en su homil\u00eda, el Cardenal Raniero Cantalamessa, Predicador de la Casa Pontificia, resalt\u00f3 que \u201cPascua significa tr\u00e1nsito\u201d. \u201cSolo hay una forma de escapar de la corriente del tiempo que arrastra todo detr\u00e1s de s\u00ed: \u00a1pasar a lo que no pasa!\u201d, afirm\u00f3, seg\u00fan consigna la agencia Vatican News.<\/p>\n\n\n\n<p>El Jueves Santo, Francisco presidi\u00f3 en el Vaticano la Misa Crismal. En su homil\u00eda rechaz\u00f3 el \u00abamor por las estad\u00edsticas\u00bb y pidi\u00f3 a los sacerdotes que se centren en las personas.<\/p>\n\n\n\n<p>Tras la Misa, el Papa visit\u00f3 una c\u00e1rcel en Civitavecchia, a 65 kil\u00f3metros del Vaticano, para lavar los pies de 12 hombres y mujeres, de las cerca de 500 personas privadas de su libertad del lugar.<\/p>\n\n\n\n<p>El s\u00e1bado, en tanto, Bergoglio tendr\u00e1 a su cargo la Vigilia de Pascua y el domingo, tras la Misa del denominado D\u00eda de Resurrecci\u00f3n, dar\u00e1 su mensaje Urbi et Orbi desde la Bas\u00edlica vaticana donde, como de costumbre, recorrer\u00e1 distintas problem\u00e1ticas mundiales.<\/p>\n","protected":false},"excerpt":{"rendered":"<p>Tras haber presidido la denominada Pasi\u00f3n en la Bas\u00edlica de San Pedro, el Papa participa del evento que este a\u00f1o est\u00e1 protagonizado por las familias y que tras la pandemia del coronavirus se realiza nuevamente en el Coliseo.<\/p>\n","protected":false},"author":2,"featured_media":38660,"comment_status":"open","ping_status":"open","sticky":false,"template":"","format":"standard","meta":{"om_disable_all_campaigns":false,"_monsterinsights_skip_tracking":false,"_monsterinsights_sitenote_active":false,"_monsterinsights_sitenote_note":"","_monsterinsights_sitenote_category":0,"_uf_show_specific_survey":0,"_uf_disable_surveys":false,"jetpack_post_was_ever_published":false,"_jetpack_newsletter_access":"","_jetpack_dont_email_post_to_subs":false,"_jetpack_newsletter_tier_id":0,"_jetpack_memberships_contains_paywalled_content":false,"_jetpack_memberships_contains_paid_content":false,"footnotes":"","jetpack_publicize_message":"","jetpack_publicize_feature_enabled":true,"jetpack_social_post_already_shared":false,"jetpack_social_options":{"image_generator_settings":{"template":"highway","default_image_id":0,"font":"","enabled":false},"version":2}},"categories":[4,10],"tags":[],"class_list":["post-38659","post","type-post","status-publish","format-standard","has-post-thumbnail","hentry","category-destacadas","category-internacionales"],"aioseo_notices":[],"views":8,"jetpack_publicize_connections":[],"jetpack_featured_media_url":"https:\/\/i0.wp.com\/elterritorialweb.com.ar\/web\/wp-content\/uploads\/2022\/04\/PAPA-FRANCISCO.jpg?fit=720%2C405","jetpack_sharing_enabled":true,"_links":{"self":[{"href":"http:\/\/elterritorialweb.com.ar\/web\/wp-json\/wp\/v2\/posts\/38659","targetHints":{"allow":["GET"]}}],"collection":[{"href":"http:\/\/elterritorialweb.com.ar\/web\/wp-json\/wp\/v2\/posts"}],"about":[{"href":"http:\/\/elterritorialweb.com.ar\/web\/wp-json\/wp\/v2\/types\/post"}],"author":[{"embeddable":true,"href":"http:\/\/elterritorialweb.com.ar\/web\/wp-json\/wp\/v2\/users\/2"}],"replies":[{"embeddable":true,"href":"http:\/\/elterritorialweb.com.ar\/web\/wp-json\/wp\/v2\/comments?post=38659"}],"version-history":[{"count":2,"href":"http:\/\/elterritorialweb.com.ar\/web\/wp-json\/wp\/v2\/posts\/38659\/revisions"}],"predecessor-version":[{"id":38664,"href":"http:\/\/elterritorialweb.com.ar\/web\/wp-json\/wp\/v2\/posts\/38659\/revisions\/38664"}],"wp:featuredmedia":[{"embeddable":true,"href":"http:\/\/elterritorialweb.com.ar\/web\/wp-json\/wp\/v2\/media\/38660"}],"wp:attachment":[{"href":"http:\/\/elterritorialweb.com.ar\/web\/wp-json\/wp\/v2\/media?parent=38659"}],"wp:term":[{"taxonomy":"category","embeddable":true,"href":"http:\/\/elterritorialweb.com.ar\/web\/wp-json\/wp\/v2\/categories?post=38659"},{"taxonomy":"post_tag","embeddable":true,"href":"http:\/\/elterritorialweb.com.ar\/web\/wp-json\/wp\/v2\/tags?post=38659"}],"curies":[{"name":"wp","href":"https:\/\/api.w.org\/{rel}","templated":true}]}}