{"id":38665,"date":"2022-04-15T19:30:35","date_gmt":"2022-04-15T19:30:35","guid":{"rendered":"http:\/\/elterritorialweb.com.ar\/web\/?p=38665"},"modified":"2022-04-15T19:30:36","modified_gmt":"2022-04-15T19:30:36","slug":"aerolineas-argentinas-presento-el-vuelo-roma-buenos-aires-con-fuerte-interes-por-parte-del-trade-italiano","status":"publish","type":"post","link":"http:\/\/elterritorialweb.com.ar\/web\/aerolineas-argentinas-presento-el-vuelo-roma-buenos-aires-con-fuerte-interes-por-parte-del-trade-italiano\/","title":{"rendered":"AEROL\u00cdNEAS ARGENTINAS PRESENT\u00d3 EL VUELO ROMA-BUENOS AIRES CON FUERTE INTER\u00c9S POR PARTE DEL TRADE ITALIANO"},"content":{"rendered":"\n<p>En otro avance de la conectividad a\u00e9rea de Argentina con el resto del mundo, el\u00a0<strong>Instituto Nacional de Promoci\u00f3n Tur\u00edstica (INPROTUR) y Aerol\u00edneas Argentinas presentaron el retorno del vuelo Roma-Buenos Aires en la Embajada de la Rep\u00fablica Argentina<\/strong>\u00a0en la capital italiana.<br>\u00a0<br>El encuentro, que cont\u00f3 con una participaci\u00f3n aproximada de<strong>\u00a050 tour operadores italianos y prensa local<\/strong>, fue dirigido por el\u00a0<strong>Embajador Argentino, Roberto Carl\u00e9s, el Director Comercial de Aerol\u00edneas Argentinas, Fabi\u00e1n Lombardo, y el Secretario Ejecutivo del INPROTUR, Ricardo Sosa<\/strong>.<br>\u00a0<br><em>\u201cEste vuelo simboliza el momento del relanzamiento de nuestra econom\u00eda. Que volvamos a tener vuelos con Italia es fundamental para el mundo de los negocios, es crucial para el turismo y forma parte del momento actual del pa\u00eds, con una gesti\u00f3n exitosa de la pandemia, de la campa\u00f1a de vacunaci\u00f3n y de la econom\u00eda\u201d<\/em>, sostuvo Carl\u00e9s.<br>\u00a0<br><em>\u201cMe sumo a las palabras del Embajador y agradezco al Secretario Ejecutivo del INROTUR por la difusi\u00f3n del vuelo\u201d<\/em>, declar\u00f3 Lombardo y, al mismo tiempo, puso en valor\u00a0<strong>el rol de Aerol\u00edneas Argentinas<\/strong>\u00a0para la conectividad dentro de Argentina\u00a0<em>\u201ccon inter tramos realizados de forma federal\u201d<\/em>.<\/p>\n\n\n\n<figure class=\"wp-block-image size-large\"><a href=\"https:\/\/i0.wp.com\/elterritorialweb.com.ar\/web\/wp-content\/uploads\/2022\/04\/SOSA-AEROLINEAS-1.jpg\"><img data-recalc-dims=\"1\" decoding=\"async\" width=\"640\" height=\"480\" data-src=\"https:\/\/i0.wp.com\/elterritorialweb.com.ar\/web\/wp-content\/uploads\/2022\/04\/SOSA-AEROLINEAS-1.jpg?resize=640%2C480\" alt=\"\" class=\"wp-image-38667 lazyload\" data-srcset=\"https:\/\/i0.wp.com\/elterritorialweb.com.ar\/web\/wp-content\/uploads\/2022\/04\/SOSA-AEROLINEAS-1.jpg?resize=1024%2C768 1024w, https:\/\/i0.wp.com\/elterritorialweb.com.ar\/web\/wp-content\/uploads\/2022\/04\/SOSA-AEROLINEAS-1.jpg?resize=300%2C225 300w, https:\/\/i0.wp.com\/elterritorialweb.com.ar\/web\/wp-content\/uploads\/2022\/04\/SOSA-AEROLINEAS-1.jpg?resize=768%2C576 768w, https:\/\/i0.wp.com\/elterritorialweb.com.ar\/web\/wp-content\/uploads\/2022\/04\/SOSA-AEROLINEAS-1.jpg?resize=1536%2C1152 1536w, https:\/\/i0.wp.com\/elterritorialweb.com.ar\/web\/wp-content\/uploads\/2022\/04\/SOSA-AEROLINEAS-1.jpg?w=1600 1600w, https:\/\/i0.wp.com\/elterritorialweb.com.ar\/web\/wp-content\/uploads\/2022\/04\/SOSA-AEROLINEAS-1.jpg?w=1280 1280w\" data-sizes=\"(max-width: 640px) 100vw, 640px\" src=\"data:image\/svg+xml;base64,PHN2ZyB3aWR0aD0iMSIgaGVpZ2h0PSIxIiB4bWxucz0iaHR0cDovL3d3dy53My5vcmcvMjAwMC9zdmciPjwvc3ZnPg==\" style=\"--smush-placeholder-width: 640px; --smush-placeholder-aspect-ratio: 640\/480;\" \/><\/a><\/figure>\n\n\n\n<p><em>\u00abEn la pre pandemia, Italia representaba el tercer mercado europeo m\u00e1s importante para el receptivo nacional y, desde noviembre de 2021, cuando reabrimos las fronteras para todo el mundo, ya ingresaron 20 mil italianos al pa\u00eds. Esto demuestra lo importante que es este mercado y, por eso, valoramos la iniciativa de Aerol\u00edneas Argentinas de reincorporar esta fundamental conexi\u00f3n a\u00e9rea entre Roma y Buenos Aires\u00bb<\/em>, destac\u00f3 Sosa.<br>\u00a0\u00a0\u00a0\u00a0\u00a0\u00a0\u00a0\u00a0\u00a0\u00a0\u00a0<br>El vuelo desde la capital italiana saldr\u00e1 los\u00a0<strong>lunes, mi\u00e9rcoles y viernes a las 19.15<\/strong>. De esta manera, la aerol\u00ednea de bandera, tras recuperar el vuelo de Madrid a Buenos Aires, vuelve a dar otro gran paso para la reactivaci\u00f3n tur\u00edstica del pa\u00eds.\u00a0<\/p>\n","protected":false},"excerpt":{"rendered":"<p>Alrededor de 50 tour operadores romanos, junto a prensa local, asistieron a la presentaci\u00f3n del vuelo en la Embajada Argentina en Italia. Se esperan fuertes vol\u00famenes de venta con la vuelta de la conectividad a\u00e9rea directa entre la capital italiana y la ciudad porte\u00f1a.<\/p>\n","protected":false},"author":2,"featured_media":38666,"comment_status":"open","ping_status":"open","sticky":false,"template":"","format":"standard","meta":{"om_disable_all_campaigns":false,"_monsterinsights_skip_tracking":false,"_monsterinsights_sitenote_active":false,"_monsterinsights_sitenote_note":"","_monsterinsights_sitenote_category":0,"_uf_show_specific_survey":0,"_uf_disable_surveys":false,"jetpack_post_was_ever_published":false,"_jetpack_newsletter_access":"","_jetpack_dont_email_post_to_subs":false,"_jetpack_newsletter_tier_id":0,"_jetpack_memberships_contains_paywalled_content":false,"_jetpack_memberships_contains_paid_content":false,"footnotes":"","jetpack_publicize_message":"","jetpack_publicize_feature_enabled":true,"jetpack_social_post_already_shared":false,"jetpack_social_options":{"image_generator_settings":{"template":"highway","default_image_id":0,"font":"","enabled":false},"version":2}},"categories":[29],"tags":[],"class_list":["post-38665","post","type-post","status-publish","format-standard","has-post-thumbnail","hentry","category-turismo"],"aioseo_notices":[],"views":12,"jetpack_publicize_connections":[],"jetpack_featured_media_url":"https:\/\/i0.wp.com\/elterritorialweb.com.ar\/web\/wp-content\/uploads\/2022\/04\/SOSA-AEROLINEAS.jpg?fit=1600%2C1200","jetpack_sharing_enabled":true,"_links":{"self":[{"href":"http:\/\/elterritorialweb.com.ar\/web\/wp-json\/wp\/v2\/posts\/38665","targetHints":{"allow":["GET"]}}],"collection":[{"href":"http:\/\/elterritorialweb.com.ar\/web\/wp-json\/wp\/v2\/posts"}],"about":[{"href":"http:\/\/elterritorialweb.com.ar\/web\/wp-json\/wp\/v2\/types\/post"}],"author":[{"embeddable":true,"href":"http:\/\/elterritorialweb.com.ar\/web\/wp-json\/wp\/v2\/users\/2"}],"replies":[{"embeddable":true,"href":"http:\/\/elterritorialweb.com.ar\/web\/wp-json\/wp\/v2\/comments?post=38665"}],"version-history":[{"count":1,"href":"http:\/\/elterritorialweb.com.ar\/web\/wp-json\/wp\/v2\/posts\/38665\/revisions"}],"predecessor-version":[{"id":38668,"href":"http:\/\/elterritorialweb.com.ar\/web\/wp-json\/wp\/v2\/posts\/38665\/revisions\/38668"}],"wp:featuredmedia":[{"embeddable":true,"href":"http:\/\/elterritorialweb.com.ar\/web\/wp-json\/wp\/v2\/media\/38666"}],"wp:attachment":[{"href":"http:\/\/elterritorialweb.com.ar\/web\/wp-json\/wp\/v2\/media?parent=38665"}],"wp:term":[{"taxonomy":"category","embeddable":true,"href":"http:\/\/elterritorialweb.com.ar\/web\/wp-json\/wp\/v2\/categories?post=38665"},{"taxonomy":"post_tag","embeddable":true,"href":"http:\/\/elterritorialweb.com.ar\/web\/wp-json\/wp\/v2\/tags?post=38665"}],"curies":[{"name":"wp","href":"https:\/\/api.w.org\/{rel}","templated":true}]}}