{"id":38673,"date":"2022-04-15T20:28:25","date_gmt":"2022-04-15T20:28:25","guid":{"rendered":"http:\/\/elterritorialweb.com.ar\/web\/?p=38673"},"modified":"2022-04-15T20:28:25","modified_gmt":"2022-04-15T20:28:25","slug":"se-registraron-1-428-nuevos-casos-de-coronavirus-en-argentina","status":"publish","type":"post","link":"http:\/\/elterritorialweb.com.ar\/web\/se-registraron-1-428-nuevos-casos-de-coronavirus-en-argentina\/","title":{"rendered":"SE REGISTRARON 1.428 NUEVOS CASOS DE CORONAVIRUS EN ARGENTINA"},"content":{"rendered":"\n<p>Fallecieron 21 personas y 1.428 fueron reportadas con coronavirus en las \u00faltimas 24 horas en la Argentina, con lo que&nbsp;<strong>suman 128.306 los fallecidos registrados oficialmente a nivel nacional y 9.059.351 los contagiados desde el inicio de la pandemia,<\/strong>&nbsp;inform\u00f3 este jueves el Ministerio de Salud.<\/p>\n\n\n\n<p>La cartera sanitaria indic\u00f3 que son 412 los internados con coronavirus en unidades de terapia intensiva, con un porcentaje de ocupaci\u00f3n de camas de adultos en el sector p\u00fablico y privado, para todas las patolog\u00edas, de 38,1% en el pa\u00eds y de 38,9% en el \u00c1rea Metropolitana de Buenos Aires.<\/p>\n\n\n\n<p>De acuerdo al Monitor P\u00fablico de Vacunaci\u00f3n, el total de dosis aplicadas asciende a 97.576.837, de los cuales 40.673.988 recibieron una dosis, 37.121.070 las dos, 3.027.451 una adicional y 16.754.328 una de refuerzo, mientras que las vacunas distribuidas a las jurisdicciones llegan a 105.014.714 y las donadas a 5.083.000.<\/p>\n\n\n\n<p>De los 9.059.351 contagiados, 8.889.899 recibieron el alta y 39.739 son casos confirmados activos.<\/p>\n\n\n\n<p>El Ministerio indic\u00f3 adem\u00e1s que se realizaron en las \u00faltimas 24 horas 14.425 testeos y desde el inicio del brote ascienden a 35.696.389 las pruebas diagn\u00f3sticas para esta enfermedad.<\/p>\n","protected":false},"excerpt":{"rendered":"<p>De esta manera, suman 128.306 los fallecidos registrados oficialmente a nivel nacional y 9.059.351 los contagiados desde el inicio de la pandemia.<\/p>\n","protected":false},"author":2,"featured_media":38674,"comment_status":"open","ping_status":"open","sticky":false,"template":"","format":"standard","meta":{"om_disable_all_campaigns":false,"_monsterinsights_skip_tracking":false,"_monsterinsights_sitenote_active":false,"_monsterinsights_sitenote_note":"","_monsterinsights_sitenote_category":0,"_uf_show_specific_survey":0,"_uf_disable_surveys":false,"jetpack_post_was_ever_published":false,"_jetpack_newsletter_access":"","_jetpack_dont_email_post_to_subs":false,"_jetpack_newsletter_tier_id":0,"_jetpack_memberships_contains_paywalled_content":false,"_jetpack_memberships_contains_paid_content":false,"footnotes":"","jetpack_publicize_message":"","jetpack_publicize_feature_enabled":true,"jetpack_social_post_already_shared":false,"jetpack_social_options":{"image_generator_settings":{"template":"highway","default_image_id":0,"font":"","enabled":false},"version":2}},"categories":[3],"tags":[],"class_list":["post-38673","post","type-post","status-publish","format-standard","has-post-thumbnail","hentry","category-salud"],"aioseo_notices":[],"views":10,"jetpack_publicize_connections":[],"jetpack_featured_media_url":"https:\/\/i0.wp.com\/elterritorialweb.com.ar\/web\/wp-content\/uploads\/2022\/04\/NUEVOS-CASOS-15-DE-ABRIL.jpg?fit=680%2C383","jetpack_sharing_enabled":true,"_links":{"self":[{"href":"http:\/\/elterritorialweb.com.ar\/web\/wp-json\/wp\/v2\/posts\/38673","targetHints":{"allow":["GET"]}}],"collection":[{"href":"http:\/\/elterritorialweb.com.ar\/web\/wp-json\/wp\/v2\/posts"}],"about":[{"href":"http:\/\/elterritorialweb.com.ar\/web\/wp-json\/wp\/v2\/types\/post"}],"author":[{"embeddable":true,"href":"http:\/\/elterritorialweb.com.ar\/web\/wp-json\/wp\/v2\/users\/2"}],"replies":[{"embeddable":true,"href":"http:\/\/elterritorialweb.com.ar\/web\/wp-json\/wp\/v2\/comments?post=38673"}],"version-history":[{"count":1,"href":"http:\/\/elterritorialweb.com.ar\/web\/wp-json\/wp\/v2\/posts\/38673\/revisions"}],"predecessor-version":[{"id":38675,"href":"http:\/\/elterritorialweb.com.ar\/web\/wp-json\/wp\/v2\/posts\/38673\/revisions\/38675"}],"wp:featuredmedia":[{"embeddable":true,"href":"http:\/\/elterritorialweb.com.ar\/web\/wp-json\/wp\/v2\/media\/38674"}],"wp:attachment":[{"href":"http:\/\/elterritorialweb.com.ar\/web\/wp-json\/wp\/v2\/media?parent=38673"}],"wp:term":[{"taxonomy":"category","embeddable":true,"href":"http:\/\/elterritorialweb.com.ar\/web\/wp-json\/wp\/v2\/categories?post=38673"},{"taxonomy":"post_tag","embeddable":true,"href":"http:\/\/elterritorialweb.com.ar\/web\/wp-json\/wp\/v2\/tags?post=38673"}],"curies":[{"name":"wp","href":"https:\/\/api.w.org\/{rel}","templated":true}]}}