{"id":38731,"date":"2022-04-17T01:17:16","date_gmt":"2022-04-17T01:17:16","guid":{"rendered":"http:\/\/elterritorialweb.com.ar\/web\/?p=38731"},"modified":"2022-04-17T01:18:39","modified_gmt":"2022-04-17T01:18:39","slug":"el-autodromo-internacional-de-termas-de-rio-hondo-volvio-a-rugir-en-semana-santa","status":"publish","type":"post","link":"http:\/\/elterritorialweb.com.ar\/web\/el-autodromo-internacional-de-termas-de-rio-hondo-volvio-a-rugir-en-semana-santa\/","title":{"rendered":"EL AUT\u00d3DROMO INTERNACIONAL DE TERMAS DE RIO HONDO VOLVI\u00d3 A RUGIR EN SEMANA SANTA"},"content":{"rendered":"\n<p>Un 30 % de los inscriptos son pilotos internacionales seg\u00fan los datos aportados por la organizaci\u00f3n. El ruido de motores y la actividad en pista no paso desapercibida para los turistas que se congregaron en las gradas para disfrutar del espect\u00e1culo de manera libre y gratuita.<\/p>\n\n\n\n<figure class=\"wp-block-image size-large\"><a href=\"https:\/\/i0.wp.com\/elterritorialweb.com.ar\/web\/wp-content\/uploads\/2022\/04\/autodromo-2.jpg\"><img data-recalc-dims=\"1\" decoding=\"async\" width=\"640\" height=\"426\" data-src=\"https:\/\/i0.wp.com\/elterritorialweb.com.ar\/web\/wp-content\/uploads\/2022\/04\/autodromo-2.jpg?resize=640%2C426\" alt=\"\" class=\"wp-image-38733 lazyload\" data-srcset=\"https:\/\/i0.wp.com\/elterritorialweb.com.ar\/web\/wp-content\/uploads\/2022\/04\/autodromo-2.jpg?resize=1024%2C682 1024w, https:\/\/i0.wp.com\/elterritorialweb.com.ar\/web\/wp-content\/uploads\/2022\/04\/autodromo-2.jpg?resize=300%2C200 300w, https:\/\/i0.wp.com\/elterritorialweb.com.ar\/web\/wp-content\/uploads\/2022\/04\/autodromo-2.jpg?resize=768%2C512 768w, https:\/\/i0.wp.com\/elterritorialweb.com.ar\/web\/wp-content\/uploads\/2022\/04\/autodromo-2.jpg?w=1280 1280w\" data-sizes=\"(max-width: 640px) 100vw, 640px\" src=\"data:image\/svg+xml;base64,PHN2ZyB3aWR0aD0iMSIgaGVpZ2h0PSIxIiB4bWxucz0iaHR0cDovL3d3dy53My5vcmcvMjAwMC9zdmciPjwvc3ZnPg==\" style=\"--smush-placeholder-width: 640px; --smush-placeholder-aspect-ratio: 640\/426;\" \/><\/a><\/figure>\n\n\n\n<p>De acuerdo a los organizadores la cantidad de inscriptos tambi\u00e9n convoca a unas 500 personas, entre familiares e integrantes de los equipos de cada competidor.<\/p>\n\n\n\n<figure class=\"wp-block-image size-large\"><a href=\"https:\/\/i0.wp.com\/elterritorialweb.com.ar\/web\/wp-content\/uploads\/2022\/04\/autodromo-3.jpg\"><img data-recalc-dims=\"1\" decoding=\"async\" width=\"640\" height=\"426\" data-src=\"https:\/\/i0.wp.com\/elterritorialweb.com.ar\/web\/wp-content\/uploads\/2022\/04\/autodromo-3.jpg?resize=640%2C426\" alt=\"\" class=\"wp-image-38734 lazyload\" data-srcset=\"https:\/\/i0.wp.com\/elterritorialweb.com.ar\/web\/wp-content\/uploads\/2022\/04\/autodromo-3.jpg?resize=1024%2C682 1024w, https:\/\/i0.wp.com\/elterritorialweb.com.ar\/web\/wp-content\/uploads\/2022\/04\/autodromo-3.jpg?resize=300%2C200 300w, https:\/\/i0.wp.com\/elterritorialweb.com.ar\/web\/wp-content\/uploads\/2022\/04\/autodromo-3.jpg?resize=768%2C512 768w, https:\/\/i0.wp.com\/elterritorialweb.com.ar\/web\/wp-content\/uploads\/2022\/04\/autodromo-3.jpg?w=1280 1280w\" data-sizes=\"(max-width: 640px) 100vw, 640px\" src=\"data:image\/svg+xml;base64,PHN2ZyB3aWR0aD0iMSIgaGVpZ2h0PSIxIiB4bWxucz0iaHR0cDovL3d3dy53My5vcmcvMjAwMC9zdmciPjwvc3ZnPg==\" style=\"--smush-placeholder-width: 640px; --smush-placeholder-aspect-ratio: 640\/426;\" \/><\/a><\/figure>\n\n\n\n<p>Adem\u00e1s y como siempre el Museo del Autom\u00f3vil sigui\u00f3 trabajando en plenitud ofreciendo la excelencia de siempre.<\/p>\n\n\n\n<figure class=\"wp-block-image size-large\"><a href=\"https:\/\/i0.wp.com\/elterritorialweb.com.ar\/web\/wp-content\/uploads\/2022\/04\/autodromo-4.jpg\"><img data-recalc-dims=\"1\" decoding=\"async\" width=\"640\" height=\"426\" data-src=\"https:\/\/i0.wp.com\/elterritorialweb.com.ar\/web\/wp-content\/uploads\/2022\/04\/autodromo-4.jpg?resize=640%2C426\" alt=\"\" class=\"wp-image-38735 lazyload\" data-srcset=\"https:\/\/i0.wp.com\/elterritorialweb.com.ar\/web\/wp-content\/uploads\/2022\/04\/autodromo-4.jpg?resize=1024%2C682 1024w, https:\/\/i0.wp.com\/elterritorialweb.com.ar\/web\/wp-content\/uploads\/2022\/04\/autodromo-4.jpg?resize=300%2C200 300w, https:\/\/i0.wp.com\/elterritorialweb.com.ar\/web\/wp-content\/uploads\/2022\/04\/autodromo-4.jpg?resize=768%2C512 768w, https:\/\/i0.wp.com\/elterritorialweb.com.ar\/web\/wp-content\/uploads\/2022\/04\/autodromo-4.jpg?w=1280 1280w\" data-sizes=\"(max-width: 640px) 100vw, 640px\" src=\"data:image\/svg+xml;base64,PHN2ZyB3aWR0aD0iMSIgaGVpZ2h0PSIxIiB4bWxucz0iaHR0cDovL3d3dy53My5vcmcvMjAwMC9zdmciPjwvc3ZnPg==\" style=\"--smush-placeholder-width: 640px; --smush-placeholder-aspect-ratio: 640\/426;\" \/><\/a><\/figure>\n","protected":false},"excerpt":{"rendered":"<p>Con una gran afluencia de turistas se concret\u00f3 durante el fin de semana largo de Semana Santa una nueva edici\u00f3n del RXP (Racing Experience Pilot) que convoc\u00f3 a m\u00e1s de 200 pilotos de Argentina,  Bol\u00edvia, Brasil, Uruguay, Chile, Paraguay y M\u00e9xico.<\/p>\n","protected":false},"author":2,"featured_media":38732,"comment_status":"open","ping_status":"open","sticky":false,"template":"","format":"standard","meta":{"om_disable_all_campaigns":false,"_monsterinsights_skip_tracking":false,"_monsterinsights_sitenote_active":false,"_monsterinsights_sitenote_note":"","_monsterinsights_sitenote_category":0,"_uf_show_specific_survey":0,"_uf_disable_surveys":false,"jetpack_post_was_ever_published":false,"_jetpack_newsletter_access":"","_jetpack_dont_email_post_to_subs":false,"_jetpack_newsletter_tier_id":0,"_jetpack_memberships_contains_paywalled_content":false,"_jetpack_memberships_contains_paid_content":false,"footnotes":"","jetpack_publicize_message":"","jetpack_publicize_feature_enabled":true,"jetpack_social_post_already_shared":false,"jetpack_social_options":{"image_generator_settings":{"template":"highway","default_image_id":0,"font":"","enabled":false},"version":2}},"categories":[4,29],"tags":[],"class_list":["post-38731","post","type-post","status-publish","format-standard","has-post-thumbnail","hentry","category-destacadas","category-turismo"],"aioseo_notices":[],"views":7,"jetpack_publicize_connections":[],"jetpack_featured_media_url":"https:\/\/i0.wp.com\/elterritorialweb.com.ar\/web\/wp-content\/uploads\/2022\/04\/autodromo.jpg?fit=1280%2C853","jetpack_sharing_enabled":true,"_links":{"self":[{"href":"http:\/\/elterritorialweb.com.ar\/web\/wp-json\/wp\/v2\/posts\/38731","targetHints":{"allow":["GET"]}}],"collection":[{"href":"http:\/\/elterritorialweb.com.ar\/web\/wp-json\/wp\/v2\/posts"}],"about":[{"href":"http:\/\/elterritorialweb.com.ar\/web\/wp-json\/wp\/v2\/types\/post"}],"author":[{"embeddable":true,"href":"http:\/\/elterritorialweb.com.ar\/web\/wp-json\/wp\/v2\/users\/2"}],"replies":[{"embeddable":true,"href":"http:\/\/elterritorialweb.com.ar\/web\/wp-json\/wp\/v2\/comments?post=38731"}],"version-history":[{"count":1,"href":"http:\/\/elterritorialweb.com.ar\/web\/wp-json\/wp\/v2\/posts\/38731\/revisions"}],"predecessor-version":[{"id":38736,"href":"http:\/\/elterritorialweb.com.ar\/web\/wp-json\/wp\/v2\/posts\/38731\/revisions\/38736"}],"wp:featuredmedia":[{"embeddable":true,"href":"http:\/\/elterritorialweb.com.ar\/web\/wp-json\/wp\/v2\/media\/38732"}],"wp:attachment":[{"href":"http:\/\/elterritorialweb.com.ar\/web\/wp-json\/wp\/v2\/media?parent=38731"}],"wp:term":[{"taxonomy":"category","embeddable":true,"href":"http:\/\/elterritorialweb.com.ar\/web\/wp-json\/wp\/v2\/categories?post=38731"},{"taxonomy":"post_tag","embeddable":true,"href":"http:\/\/elterritorialweb.com.ar\/web\/wp-json\/wp\/v2\/tags?post=38731"}],"curies":[{"name":"wp","href":"https:\/\/api.w.org\/{rel}","templated":true}]}}