{"id":38737,"date":"2022-04-17T01:32:27","date_gmt":"2022-04-17T01:32:27","guid":{"rendered":"http:\/\/elterritorialweb.com.ar\/web\/?p=38737"},"modified":"2022-04-17T01:32:28","modified_gmt":"2022-04-17T01:32:28","slug":"javier-colombo-gano-la-primera-fecha-de-la-f1-powerboat-en-termas","status":"publish","type":"post","link":"http:\/\/elterritorialweb.com.ar\/web\/javier-colombo-gano-la-primera-fecha-de-la-f1-powerboat-en-termas\/","title":{"rendered":"JAVIER COLOMBO GAN\u00d3 LA PRIMERA FECHA DE LA F1 POWERBOAT EN TERMAS"},"content":{"rendered":"\n<p>El triunfo fue para Javier Colombo despu\u00e9s de una re\u00f1ida carrera. El segundo puesto fue para Fernando Degiamma y el podio lo complet\u00f3 con el tercer lugar Alejandro Radetic.<\/p>\n\n\n\n<figure class=\"wp-block-image size-large\"><a href=\"https:\/\/i0.wp.com\/elterritorialweb.com.ar\/web\/wp-content\/uploads\/2022\/04\/JAVIER-COLOMBO-F1-POWER-BOAT-1.jpg\"><img data-recalc-dims=\"1\" decoding=\"async\" width=\"640\" height=\"426\" data-src=\"https:\/\/i0.wp.com\/elterritorialweb.com.ar\/web\/wp-content\/uploads\/2022\/04\/JAVIER-COLOMBO-F1-POWER-BOAT-1.jpg?resize=640%2C426\" alt=\"\" class=\"wp-image-38739 lazyload\" data-srcset=\"https:\/\/i0.wp.com\/elterritorialweb.com.ar\/web\/wp-content\/uploads\/2022\/04\/JAVIER-COLOMBO-F1-POWER-BOAT-1.jpg?resize=1024%2C682 1024w, https:\/\/i0.wp.com\/elterritorialweb.com.ar\/web\/wp-content\/uploads\/2022\/04\/JAVIER-COLOMBO-F1-POWER-BOAT-1.jpg?resize=300%2C200 300w, https:\/\/i0.wp.com\/elterritorialweb.com.ar\/web\/wp-content\/uploads\/2022\/04\/JAVIER-COLOMBO-F1-POWER-BOAT-1.jpg?resize=768%2C512 768w, https:\/\/i0.wp.com\/elterritorialweb.com.ar\/web\/wp-content\/uploads\/2022\/04\/JAVIER-COLOMBO-F1-POWER-BOAT-1.jpg?w=1280 1280w\" data-sizes=\"(max-width: 640px) 100vw, 640px\" src=\"data:image\/svg+xml;base64,PHN2ZyB3aWR0aD0iMSIgaGVpZ2h0PSIxIiB4bWxucz0iaHR0cDovL3d3dy53My5vcmcvMjAwMC9zdmciPjwvc3ZnPg==\" style=\"--smush-placeholder-width: 640px; --smush-placeholder-aspect-ratio: 640\/426;\" \/><\/a><\/figure>\n\n\n\n<p>En instantes previos a la premiaci\u00f3n el Subsecretario de Turismo Nelson Bravo, en nombre del gobernador Gerardo Zamora, entreg\u00f3 presentes al Director de la competencia Hern\u00e1n Diaz Fraga.<\/p>\n\n\n\n<figure class=\"wp-block-image size-large\"><a href=\"https:\/\/i0.wp.com\/elterritorialweb.com.ar\/web\/wp-content\/uploads\/2022\/04\/JAVIER-COLOMBO-F1-POWER-BOAT-2.jpg\"><img data-recalc-dims=\"1\" decoding=\"async\" width=\"640\" height=\"426\" data-src=\"https:\/\/i0.wp.com\/elterritorialweb.com.ar\/web\/wp-content\/uploads\/2022\/04\/JAVIER-COLOMBO-F1-POWER-BOAT-2.jpg?resize=640%2C426\" alt=\"\" class=\"wp-image-38740 lazyload\" data-srcset=\"https:\/\/i0.wp.com\/elterritorialweb.com.ar\/web\/wp-content\/uploads\/2022\/04\/JAVIER-COLOMBO-F1-POWER-BOAT-2.jpg?resize=1024%2C682 1024w, https:\/\/i0.wp.com\/elterritorialweb.com.ar\/web\/wp-content\/uploads\/2022\/04\/JAVIER-COLOMBO-F1-POWER-BOAT-2.jpg?resize=300%2C200 300w, https:\/\/i0.wp.com\/elterritorialweb.com.ar\/web\/wp-content\/uploads\/2022\/04\/JAVIER-COLOMBO-F1-POWER-BOAT-2.jpg?resize=768%2C512 768w, https:\/\/i0.wp.com\/elterritorialweb.com.ar\/web\/wp-content\/uploads\/2022\/04\/JAVIER-COLOMBO-F1-POWER-BOAT-2.jpg?w=1280 1280w\" data-sizes=\"(max-width: 640px) 100vw, 640px\" src=\"data:image\/svg+xml;base64,PHN2ZyB3aWR0aD0iMSIgaGVpZ2h0PSIxIiB4bWxucz0iaHR0cDovL3d3dy53My5vcmcvMjAwMC9zdmciPjwvc3ZnPg==\" style=\"--smush-placeholder-width: 640px; --smush-placeholder-aspect-ratio: 640\/426;\" \/><\/a><\/figure>\n\n\n\n<p>El premio al ganador fue entregado por el Intendente de Las Termas Jorge Mukdise, el segundo premio lo entreg\u00f3 el Secretario de Deportes Carlos Dapello y para completar el podio el premio fue entregado por el Subsecretario de Cultura Juan Leguizam\u00f3n.<\/p>\n\n\n\n<figure class=\"wp-block-image size-large\"><a href=\"https:\/\/i0.wp.com\/elterritorialweb.com.ar\/web\/wp-content\/uploads\/2022\/04\/JAVIER-COLOMBO-F1-POWER-BOAT-3.jpg\"><img data-recalc-dims=\"1\" decoding=\"async\" width=\"640\" height=\"426\" data-src=\"https:\/\/i0.wp.com\/elterritorialweb.com.ar\/web\/wp-content\/uploads\/2022\/04\/JAVIER-COLOMBO-F1-POWER-BOAT-3.jpg?resize=640%2C426\" alt=\"\" class=\"wp-image-38741 lazyload\" data-srcset=\"https:\/\/i0.wp.com\/elterritorialweb.com.ar\/web\/wp-content\/uploads\/2022\/04\/JAVIER-COLOMBO-F1-POWER-BOAT-3.jpg?resize=1024%2C682 1024w, https:\/\/i0.wp.com\/elterritorialweb.com.ar\/web\/wp-content\/uploads\/2022\/04\/JAVIER-COLOMBO-F1-POWER-BOAT-3.jpg?resize=300%2C200 300w, https:\/\/i0.wp.com\/elterritorialweb.com.ar\/web\/wp-content\/uploads\/2022\/04\/JAVIER-COLOMBO-F1-POWER-BOAT-3.jpg?resize=768%2C512 768w, https:\/\/i0.wp.com\/elterritorialweb.com.ar\/web\/wp-content\/uploads\/2022\/04\/JAVIER-COLOMBO-F1-POWER-BOAT-3.jpg?w=1280 1280w\" data-sizes=\"(max-width: 640px) 100vw, 640px\" src=\"data:image\/svg+xml;base64,PHN2ZyB3aWR0aD0iMSIgaGVpZ2h0PSIxIiB4bWxucz0iaHR0cDovL3d3dy53My5vcmcvMjAwMC9zdmciPjwvc3ZnPg==\" style=\"--smush-placeholder-width: 640px; --smush-placeholder-aspect-ratio: 640\/426;\" \/><\/a><\/figure>\n\n\n\n<p>Los turistas tambi\u00e9n pudieron disfrutar de la exposici\u00f3n de los fan\u00e1ticos de la Coupe Fuego, el espect\u00e1culo de Flyboard y la presencia del globo aerost\u00e1tico de Santiago del Estero del Club Aerost\u00e1tico Argentino. La fiesta tuvo su continuidad luego en el centro de la ciudad con espect\u00e1culos culturales de entrada libre y gratuita.<\/p>\n","protected":false},"excerpt":{"rendered":"<p>Con un extraordinario marco de p\u00fablico lleg\u00f3 a su fin el Gran Premio Apertura 2022 del F1 Powerboat en el Lago de Termas de R\u00edo Hondo en una tarde inolvidable d\u00f3nde el p\u00fablico pudo disfrutar de un gran espect\u00e1culo desde todos los \u00e1ngulos.<\/p>\n","protected":false},"author":2,"featured_media":38738,"comment_status":"open","ping_status":"open","sticky":false,"template":"","format":"standard","meta":{"om_disable_all_campaigns":false,"_monsterinsights_skip_tracking":false,"_monsterinsights_sitenote_active":false,"_monsterinsights_sitenote_note":"","_monsterinsights_sitenote_category":0,"_uf_show_specific_survey":0,"_uf_disable_surveys":false,"jetpack_post_was_ever_published":false,"_jetpack_newsletter_access":"","_jetpack_dont_email_post_to_subs":false,"_jetpack_newsletter_tier_id":0,"_jetpack_memberships_contains_paywalled_content":false,"_jetpack_memberships_contains_paid_content":false,"footnotes":"","jetpack_publicize_message":"","jetpack_publicize_feature_enabled":true,"jetpack_social_post_already_shared":false,"jetpack_social_options":{"image_generator_settings":{"template":"highway","default_image_id":0,"font":"","enabled":false},"version":2}},"categories":[6],"tags":[],"class_list":["post-38737","post","type-post","status-publish","format-standard","has-post-thumbnail","hentry","category-deportes"],"aioseo_notices":[],"views":7,"jetpack_publicize_connections":[],"jetpack_featured_media_url":"https:\/\/i0.wp.com\/elterritorialweb.com.ar\/web\/wp-content\/uploads\/2022\/04\/JAVIER-COLOMBO-F1-POWER-BOAT.jpg?fit=1280%2C853","jetpack_sharing_enabled":true,"_links":{"self":[{"href":"http:\/\/elterritorialweb.com.ar\/web\/wp-json\/wp\/v2\/posts\/38737","targetHints":{"allow":["GET"]}}],"collection":[{"href":"http:\/\/elterritorialweb.com.ar\/web\/wp-json\/wp\/v2\/posts"}],"about":[{"href":"http:\/\/elterritorialweb.com.ar\/web\/wp-json\/wp\/v2\/types\/post"}],"author":[{"embeddable":true,"href":"http:\/\/elterritorialweb.com.ar\/web\/wp-json\/wp\/v2\/users\/2"}],"replies":[{"embeddable":true,"href":"http:\/\/elterritorialweb.com.ar\/web\/wp-json\/wp\/v2\/comments?post=38737"}],"version-history":[{"count":1,"href":"http:\/\/elterritorialweb.com.ar\/web\/wp-json\/wp\/v2\/posts\/38737\/revisions"}],"predecessor-version":[{"id":38742,"href":"http:\/\/elterritorialweb.com.ar\/web\/wp-json\/wp\/v2\/posts\/38737\/revisions\/38742"}],"wp:featuredmedia":[{"embeddable":true,"href":"http:\/\/elterritorialweb.com.ar\/web\/wp-json\/wp\/v2\/media\/38738"}],"wp:attachment":[{"href":"http:\/\/elterritorialweb.com.ar\/web\/wp-json\/wp\/v2\/media?parent=38737"}],"wp:term":[{"taxonomy":"category","embeddable":true,"href":"http:\/\/elterritorialweb.com.ar\/web\/wp-json\/wp\/v2\/categories?post=38737"},{"taxonomy":"post_tag","embeddable":true,"href":"http:\/\/elterritorialweb.com.ar\/web\/wp-json\/wp\/v2\/tags?post=38737"}],"curies":[{"name":"wp","href":"https:\/\/api.w.org\/{rel}","templated":true}]}}