{"id":38743,"date":"2022-04-17T02:03:50","date_gmt":"2022-04-17T02:03:50","guid":{"rendered":"http:\/\/elterritorialweb.com.ar\/web\/?p=38743"},"modified":"2022-04-17T02:03:52","modified_gmt":"2022-04-17T02:03:52","slug":"andres-dalessandro-le-pone-punto-final-a-su-enorme-carrera-futbolistica","status":"publish","type":"post","link":"http:\/\/elterritorialweb.com.ar\/web\/andres-dalessandro-le-pone-punto-final-a-su-enorme-carrera-futbolistica\/","title":{"rendered":"ANDR\u00c9S D\u00b4ALESSANDRO LE PONE PUNTO FINAL A SU ENORME CARRERA FUTBOL\u00cdSTICA"},"content":{"rendered":"\n<p>El talentoso mediocampista argentino Andr\u00e9s D&#8217;Alessandro le pondr\u00e1 este domingo el punto final a su enorme carrera, en el partido que Internacional de Porto Alegre, club del que es \u00eddolo, jugar\u00e1 en su cancha con Fortaleza por la segunda fecha del \u00abBrasileirao\u00bb, el torneo de f\u00fatbol de primera divisi\u00f3n de Brasil.<\/p>\n\n\n\n<figure class=\"wp-block-image size-full is-resized\"><a href=\"https:\/\/i0.wp.com\/elterritorialweb.com.ar\/web\/wp-content\/uploads\/2022\/04\/D%C2%B4ALESSANDRO-1.jpg\"><img data-recalc-dims=\"1\" decoding=\"async\" data-src=\"https:\/\/i0.wp.com\/elterritorialweb.com.ar\/web\/wp-content\/uploads\/2022\/04\/D%C2%B4ALESSANDRO-1.jpg?resize=640%2C413\" alt=\"\" class=\"wp-image-38745 lazyload\" width=\"640\" height=\"413\" data-srcset=\"https:\/\/i0.wp.com\/elterritorialweb.com.ar\/web\/wp-content\/uploads\/2022\/04\/D%C2%B4ALESSANDRO-1.jpg?w=620 620w, https:\/\/i0.wp.com\/elterritorialweb.com.ar\/web\/wp-content\/uploads\/2022\/04\/D%C2%B4ALESSANDRO-1.jpg?resize=300%2C194 300w\" data-sizes=\"(max-width: 640px) 100vw, 640px\" src=\"data:image\/svg+xml;base64,PHN2ZyB3aWR0aD0iMSIgaGVpZ2h0PSIxIiB4bWxucz0iaHR0cDovL3d3dy53My5vcmcvMjAwMC9zdmciPjwvc3ZnPg==\" style=\"--smush-placeholder-width: 640px; --smush-placeholder-aspect-ratio: 640\/413;\" \/><\/a><\/figure>\n\n\n\n<p>Nacido el 15 de abril de 1981, con 41 a\u00f1os de edad,<strong>&nbsp;D&#8217;Alessandro debut\u00f3 en Primera Divisi\u00f3n en 2000 con la camiseta de River Plate, al que lleg\u00f3 a los 12 a\u00f1os desde Argentinos Juniors<\/strong>.<\/p>\n\n\n\n<p>Luego jug\u00f3 en Wolfsburgo (Alemania), Portsmouth (Inglaterra), Zaragoza (Espa\u00f1a), San Lorenzo de Almagro, Nacional (Uruguay) y el Inter de Porto Alegre, en el que transita su tercera etapa.<\/p>\n\n\n\n<figure class=\"wp-block-embed is-type-rich is-provider-twitter wp-block-embed-twitter\"><div class=\"wp-block-embed__wrapper\">\n<div class=\"embed-twitter\"><blockquote class=\"twitter-tweet\" data-width=\"550\" data-dnt=\"true\"><p lang=\"pt\" dir=\"ltr\">N\u00e3o estamos prontos \ud83e\udd7a<br><br>Neste domingo, o <a href=\"https:\/\/twitter.com\/dale10?ref_src=twsrc%5Etfw\">@dale10<\/a> ir\u00e1 se despedir dos gramados, mas antes a gente bateu um papo exclusivo com ele. Prepara o cora\u00e7\u00e3o porque t\u00e1 emocionante demais! \ud83d\ude22\ud83c\udde6\ud83c\uddf9<br><br>\ud83d\udd17 Assista ao v\u00eddeo completo no Canal do Inter: <a href=\"https:\/\/t.co\/93OUIWNreX\">https:\/\/t.co\/93OUIWNreX<\/a> <a href=\"https:\/\/t.co\/TnM8VhJ3cz\">pic.twitter.com\/TnM8VhJ3cz<\/a><\/p>&mdash; Sport Club Internacional (@SCInternacional) <a href=\"https:\/\/twitter.com\/SCInternacional\/status\/1515345769175334913?ref_src=twsrc%5Etfw\">April 16, 2022<\/a><\/blockquote><script async src=\"https:\/\/platform.twitter.com\/widgets.js\" charset=\"utf-8\"><\/script><\/div>\n<\/div><\/figure>\n\n\n\n<p>Con&nbsp;<strong>la camiseta del seleccionado argentino fue campe\u00f3n en el Mundial Sub 20 que se jug\u00f3 en el pa\u00eds en 2001 y gan\u00f3 la medalla de oro en los Juegos Ol\u00edmpicos de Atenas, Grecia, en 2004<\/strong>.<\/p>\n\n\n\n<p>En sus redes sociales, y desde que semanas atr\u00e1s adelant\u00f3 que ser\u00eda su despedida, D&#8217;Alessandro viene recogiendo diversas muestras de cari\u00f1o y ayer public\u00f3 una foto de lo que calific\u00f3 como su \u00ab\u00faltimo cumplea\u00f1os como jugador de f\u00fatbol\u00bb.<\/p>\n\n\n\n<figure class=\"wp-block-image size-full is-resized\"><a href=\"https:\/\/i0.wp.com\/elterritorialweb.com.ar\/web\/wp-content\/uploads\/2022\/04\/D%C2%B4ALESSANDRO-2.jpg\"><img data-recalc-dims=\"1\" decoding=\"async\" data-src=\"https:\/\/i0.wp.com\/elterritorialweb.com.ar\/web\/wp-content\/uploads\/2022\/04\/D%C2%B4ALESSANDRO-2.jpg?resize=640%2C426\" alt=\"\" class=\"wp-image-38746 lazyload\" width=\"640\" height=\"426\" data-srcset=\"https:\/\/i0.wp.com\/elterritorialweb.com.ar\/web\/wp-content\/uploads\/2022\/04\/D%C2%B4ALESSANDRO-2.jpg?w=680 680w, https:\/\/i0.wp.com\/elterritorialweb.com.ar\/web\/wp-content\/uploads\/2022\/04\/D%C2%B4ALESSANDRO-2.jpg?resize=300%2C200 300w\" data-sizes=\"(max-width: 640px) 100vw, 640px\" src=\"data:image\/svg+xml;base64,PHN2ZyB3aWR0aD0iMSIgaGVpZ2h0PSIxIiB4bWxucz0iaHR0cDovL3d3dy53My5vcmcvMjAwMC9zdmciPjwvc3ZnPg==\" style=\"--smush-placeholder-width: 640px; --smush-placeholder-aspect-ratio: 640\/426;\" \/><\/a><\/figure>\n\n\n\n<p>Este s\u00e1bado, adem\u00e1s, difundi\u00f3 un emotivo video de despedida en el que se \u00abquiebra\u00bb en llanto: \u00abEs dif\u00edcil&#8230; me prepar\u00e9 tanto para ser atleta que es dif\u00edcil de repente aceptar que se termina\u00bb.<\/p>\n\n\n\n<p>El partido entre Inter y Fortaleza, equipo dirigido por Juan Pablo Vojvoda y que viene de perder con River Plate en el Monumental por la Copa Libertadores, comenzar\u00e1 a las 18 (hora argentina).<\/p>\n","protected":false},"excerpt":{"rendered":"<p>El mediocampista argentino tendr\u00e1 este domingo su \u00faltimo partido cuando el Internacional de Porto Alegre, club del que es \u00eddolo, juegue en su cancha con Fortaleza.  \u00abEs dif\u00edcil&#8230; me prepar\u00e9 tanto para ser atleta que es dif\u00edcil de repente aceptar que se termina\u00bb, asegur\u00f3.<\/p>\n","protected":false},"author":2,"featured_media":38744,"comment_status":"open","ping_status":"open","sticky":false,"template":"","format":"standard","meta":{"om_disable_all_campaigns":false,"_monsterinsights_skip_tracking":false,"_monsterinsights_sitenote_active":false,"_monsterinsights_sitenote_note":"","_monsterinsights_sitenote_category":0,"_uf_show_specific_survey":0,"_uf_disable_surveys":false,"jetpack_post_was_ever_published":false,"_jetpack_newsletter_access":"","_jetpack_dont_email_post_to_subs":false,"_jetpack_newsletter_tier_id":0,"_jetpack_memberships_contains_paywalled_content":false,"_jetpack_memberships_contains_paid_content":false,"footnotes":"","jetpack_publicize_message":"","jetpack_publicize_feature_enabled":true,"jetpack_social_post_already_shared":false,"jetpack_social_options":{"image_generator_settings":{"template":"highway","default_image_id":0,"font":"","enabled":false},"version":2}},"categories":[6],"tags":[],"class_list":["post-38743","post","type-post","status-publish","format-standard","has-post-thumbnail","hentry","category-deportes"],"aioseo_notices":[],"views":10,"jetpack_publicize_connections":[],"jetpack_featured_media_url":"https:\/\/i0.wp.com\/elterritorialweb.com.ar\/web\/wp-content\/uploads\/2022\/04\/D%C2%B4ALESSANDRO.jpg?fit=670%2C400","jetpack_sharing_enabled":true,"_links":{"self":[{"href":"http:\/\/elterritorialweb.com.ar\/web\/wp-json\/wp\/v2\/posts\/38743","targetHints":{"allow":["GET"]}}],"collection":[{"href":"http:\/\/elterritorialweb.com.ar\/web\/wp-json\/wp\/v2\/posts"}],"about":[{"href":"http:\/\/elterritorialweb.com.ar\/web\/wp-json\/wp\/v2\/types\/post"}],"author":[{"embeddable":true,"href":"http:\/\/elterritorialweb.com.ar\/web\/wp-json\/wp\/v2\/users\/2"}],"replies":[{"embeddable":true,"href":"http:\/\/elterritorialweb.com.ar\/web\/wp-json\/wp\/v2\/comments?post=38743"}],"version-history":[{"count":1,"href":"http:\/\/elterritorialweb.com.ar\/web\/wp-json\/wp\/v2\/posts\/38743\/revisions"}],"predecessor-version":[{"id":38747,"href":"http:\/\/elterritorialweb.com.ar\/web\/wp-json\/wp\/v2\/posts\/38743\/revisions\/38747"}],"wp:featuredmedia":[{"embeddable":true,"href":"http:\/\/elterritorialweb.com.ar\/web\/wp-json\/wp\/v2\/media\/38744"}],"wp:attachment":[{"href":"http:\/\/elterritorialweb.com.ar\/web\/wp-json\/wp\/v2\/media?parent=38743"}],"wp:term":[{"taxonomy":"category","embeddable":true,"href":"http:\/\/elterritorialweb.com.ar\/web\/wp-json\/wp\/v2\/categories?post=38743"},{"taxonomy":"post_tag","embeddable":true,"href":"http:\/\/elterritorialweb.com.ar\/web\/wp-json\/wp\/v2\/tags?post=38743"}],"curies":[{"name":"wp","href":"https:\/\/api.w.org\/{rel}","templated":true}]}}