{"id":38749,"date":"2022-04-18T01:20:26","date_gmt":"2022-04-18T01:20:26","guid":{"rendered":"http:\/\/elterritorialweb.com.ar\/web\/?p=38749"},"modified":"2022-04-18T01:48:12","modified_gmt":"2022-04-18T01:48:12","slug":"casi-cinco-millones-de-personas-viajaron-por-el-pais-durante-el-feriado-de-semana-santa","status":"publish","type":"post","link":"http:\/\/elterritorialweb.com.ar\/web\/casi-cinco-millones-de-personas-viajaron-por-el-pais-durante-el-feriado-de-semana-santa\/","title":{"rendered":"CASI CINCO MILLONES DE PERSONAS VIAJARON POR EL PA\u00cdS DURANTE EL FERIADO DE SEMANA SANTA"},"content":{"rendered":"\n<p>Casi\u00a0<strong>cinco millones de personas se movilizaron por todo el pa\u00eds y gastaron m\u00e1s de 45.000 millones de pesos\u00a0<\/strong>durante el feriado de Semana Santa, lo cual represent\u00f3 casi un 18% m\u00e1s que en el mismo lapso de 2021, de acuerdo con un informe elaborado por la Confederaci\u00f3n Argentina de la Mediana Empresa (CAME).<\/p>\n\n\n\n<p>La entidad se\u00f1al\u00f3 que \u00ablos alojamientos quedaron colmados a pesar del aumento en la oferta para-hotelera del \u00faltimo a\u00f1o\u00bb, al tiempo que \u00abvolvi\u00f3 el turista internacional y&nbsp;<strong>se activaron al 100% los eventos y festividades<\/strong>, con el marco de un tiempo oto\u00f1al perfecto que ayud\u00f3 a la actividad\u00bb.<\/p>\n\n\n\n<p>La CAME detall\u00f3 que \u00abel feriado de Semana Santa dej\u00f3 un balance de 2.612.000 turistas y otros 2.350.800 de excursionistas que recorrieron m\u00e1s de 1.000 ciudades de la Argentina y que forman parte del circuito tur\u00edstico nacional, con un gasto de $45.101,3 millones al sumar a los excursionistas, monto que a precios constantes signific\u00f3 un crecimiento del 91,1% respecto de la misma celebraci\u00f3n en 2021\u00bb.<\/p>\n\n\n\n<figure class=\"wp-block-embed is-type-rich is-provider-twitter wp-block-embed-twitter\"><div class=\"wp-block-embed__wrapper\">\n<div class=\"embed-twitter\"><blockquote class=\"twitter-tweet\" data-width=\"550\" data-dnt=\"true\"><p lang=\"es\" dir=\"ltr\">\ud83d\udcc8 En esta Semana Santa, 2.600.000 turistas viajaron por Argentina y gastaron $39.736 millones.<br><br>\ud83e\uddf3 Los turistas gastaron 91,1% m\u00e1s en relaci\u00f3n con la Semana Santa de 2021, y viajaron 37,5% m\u00e1s de personas.<br><br>\ud83d\udd17 Le\u00e9 y compart\u00ed el informe completo desde ac\u00e1: <a href=\"https:\/\/t.co\/GFoGbX1LAt\">https:\/\/t.co\/GFoGbX1LAt<\/a> <a href=\"https:\/\/t.co\/pYlAcOoGT3\">pic.twitter.com\/pYlAcOoGT3<\/a><\/p>&mdash; CAME (@redcame) <a href=\"https:\/\/twitter.com\/redcame\/status\/1515668575050158084?ref_src=twsrc%5Etfw\">April 17, 2022<\/a><\/blockquote><script async src=\"https:\/\/platform.twitter.com\/widgets.js\" charset=\"utf-8\"><\/script><\/div>\n<\/div><\/figure>\n\n\n\n<p>La mayor\u00eda de los alojamientos tuvieron ocupaci\u00f3n completa, \u00aba pesar del aumento en la oferta para-hotelera del \u00faltimo a\u00f1o, a lo que se sum\u00f3 el retorno del turista internacional y se activaron al 100% los eventos y festividades\u00bb, destac\u00f3 el informe de CAME<\/p>\n\n\n\n<p>Durante el feriado largo de Semana Santa \u00abviajaron 37,5% m\u00e1s de turistas y 1,4% m\u00e1s de excursionistas\u00bb, sostuvo CAME, mientras que la estad\u00eda promedio aumento un 10% \u00aby el gasto diario creci\u00f3 considerablemente, m\u00e1s all\u00e1 del efecto inflaci\u00f3n\u00bb.<\/p>\n\n\n\n<p>\u00abCon una estad\u00eda media de 3,3 d\u00edas y un gasto diario per c\u00e1pita de $4.610, los 2,6 millones de turistas desembolsaron $39.736 millones el fin de semana, incluyendo hospedaje, transporte, comida y otros gastos\u00bb, por lo que frente a 2021, el consumo a precios constantes subi\u00f3 107,7%, sostuvo la entidad pyme.<\/p>\n\n\n\n<p>En el caso de los excursionistas, que \u00abdecidieron viajar por el d\u00eda a ciudades cercanas en busca de ocio, recreaci\u00f3n, deportes, festejos religiosos o encuentros familiares, estos gastaron en promedio $2.282 cada uno, sumando un desembolso total de $5.365 millones, que a precios constantes result\u00f3 19,9% mayor al mismo fin de semana de 2021\u00bb.<\/p>\n\n\n\n<p>Adem\u00e1s, \u00abseg\u00fan el Ministerio de Turismo y Deporte,&nbsp;<strong>alrededor de 300 mil personas viajaron con el Pre Viaje<\/strong>, el programa que devuelve el 50% de lo gastado en turismo en cr\u00e9dito para volver a usar en servicios del sector como gastronom\u00eda, excursiones o pasajes, y durante este fin de semana se not\u00f3 a pleno el regreso del turista internacional, especialmente residentes de pa\u00edses vecinos como Brasil, Chile, Uruguay y Paraguay, que se hicieron presentes en las grandes ciudades y aquellas cercanas a las fronteras\u00bb.<\/p>\n\n\n\n<p>Asimismo, el reporte resalta que\u00a0Aerol\u00edneas Argentinas\u00a0transport\u00f3 durante el fin de semana m\u00e1s de 300.000 pasajeros, batiendo el r\u00e9cord de 2018, que hab\u00eda sido hist\u00f3rico.<\/p>\n\n\n\n<figure class=\"wp-block-embed is-type-rich is-provider-twitter wp-block-embed-twitter\"><div class=\"wp-block-embed__wrapper\">\n<div class=\"embed-twitter\"><blockquote class=\"twitter-tweet\" data-width=\"550\" data-dnt=\"true\"><p lang=\"es\" dir=\"ltr\">\ud83d\udde3\ufe0f Semana Santa r\u00e9cord!!!! \ud83c\udde6\ud83c\uddf7 Te compartimos algunos n\u00fameros que dan cuenta del espectacular finde largo que tuvimos. Gracias por elegirnos, gracias por elegir volar mejor\u2708\ufe0f <a href=\"https:\/\/t.co\/ByHyBbLGHg\">pic.twitter.com\/ByHyBbLGHg<\/a><\/p>&mdash; Aerol\u00edneas Argentinas (@Aerolineas_AR) <a href=\"https:\/\/twitter.com\/Aerolineas_AR\/status\/1515326879905034242?ref_src=twsrc%5Etfw\">April 16, 2022<\/a><\/blockquote><script async src=\"https:\/\/platform.twitter.com\/widgets.js\" charset=\"utf-8\"><\/script><\/div>\n<\/div><\/figure>\n\n\n\n<figure class=\"wp-block-image size-large\"><a href=\"https:\/\/i0.wp.com\/elterritorialweb.com.ar\/web\/wp-content\/uploads\/2022\/04\/CABA.jpg\"><img data-recalc-dims=\"1\" decoding=\"async\" width=\"640\" height=\"360\" data-src=\"https:\/\/i0.wp.com\/elterritorialweb.com.ar\/web\/wp-content\/uploads\/2022\/04\/CABA.jpg?resize=640%2C360\" alt=\"\" class=\"wp-image-38750 lazyload\" data-srcset=\"https:\/\/i0.wp.com\/elterritorialweb.com.ar\/web\/wp-content\/uploads\/2022\/04\/CABA.jpg?resize=1024%2C576 1024w, https:\/\/i0.wp.com\/elterritorialweb.com.ar\/web\/wp-content\/uploads\/2022\/04\/CABA.jpg?resize=300%2C169 300w, https:\/\/i0.wp.com\/elterritorialweb.com.ar\/web\/wp-content\/uploads\/2022\/04\/CABA.jpg?resize=768%2C432 768w, https:\/\/i0.wp.com\/elterritorialweb.com.ar\/web\/wp-content\/uploads\/2022\/04\/CABA.jpg?w=1200 1200w\" data-sizes=\"(max-width: 640px) 100vw, 640px\" src=\"data:image\/svg+xml;base64,PHN2ZyB3aWR0aD0iMSIgaGVpZ2h0PSIxIiB4bWxucz0iaHR0cDovL3d3dy53My5vcmcvMjAwMC9zdmciPjwvc3ZnPg==\" style=\"--smush-placeholder-width: 640px; --smush-placeholder-aspect-ratio: 640\/360;\" \/><\/a><\/figure>\n\n\n\n<h3 class=\"wp-block-heading\">Provincia de Buenos Aires<\/h3>\n\n\n\n<p>Se registr\u00f3 un nivel de ocupaci\u00f3n del 90% con foco principal en Mar del Plata. En Caril\u00f3, Villa Gesell, Mar de las Pampas y Pinamar, el movimiento fue muy bueno. Otras localidades costeras concurridas fueron Mar del Tuy\u00fa, San Clemente del Tuy\u00fa, Las Toninas, Santa Teresita, Costa del Este y San Bernardo, con precios accesibles.<\/p>\n\n\n\n<figure class=\"wp-block-image size-full\"><a href=\"https:\/\/i0.wp.com\/elterritorialweb.com.ar\/web\/wp-content\/uploads\/2022\/04\/CORDOBA.jpg\"><img data-recalc-dims=\"1\" decoding=\"async\" width=\"640\" height=\"427\" data-src=\"https:\/\/i0.wp.com\/elterritorialweb.com.ar\/web\/wp-content\/uploads\/2022\/04\/CORDOBA.jpg?resize=640%2C427\" alt=\"\" class=\"wp-image-38751 lazyload\" data-srcset=\"https:\/\/i0.wp.com\/elterritorialweb.com.ar\/web\/wp-content\/uploads\/2022\/04\/CORDOBA.jpg?w=990 990w, https:\/\/i0.wp.com\/elterritorialweb.com.ar\/web\/wp-content\/uploads\/2022\/04\/CORDOBA.jpg?resize=300%2C200 300w, https:\/\/i0.wp.com\/elterritorialweb.com.ar\/web\/wp-content\/uploads\/2022\/04\/CORDOBA.jpg?resize=768%2C512 768w\" data-sizes=\"(max-width: 640px) 100vw, 640px\" src=\"data:image\/svg+xml;base64,PHN2ZyB3aWR0aD0iMSIgaGVpZ2h0PSIxIiB4bWxucz0iaHR0cDovL3d3dy53My5vcmcvMjAwMC9zdmciPjwvc3ZnPg==\" style=\"--smush-placeholder-width: 640px; --smush-placeholder-aspect-ratio: 640\/427;\" \/><\/a><\/figure>\n\n\n\n<h3 class=\"wp-block-heading\">C\u00f3rdoba<\/h3>\n\n\n\n<p>Las m\u00e1s de 160 mil plazas hoteleras quedaron casi colmadas con turistas de todo el pa\u00eds y el regreso de los visitantes internacionales. Adem\u00e1s, la ocupaci\u00f3n fue muy alta tambi\u00e9n en Valle de Punilla, Villa Carlos Paz, La Cumbre, La Falda, Capilla del Monte, Huerta Grande y Valle Hermoso, todas superando al 90%. Las localidades del Valle de Calamuchita relevadas informaron buen nivel de ocupaci\u00f3n, lo mismo polos como R\u00edo Ceballos, Alta Gracia o C\u00f3rdoba Capital. El gasto promedio diario de los turistas rond\u00f3 los $5.500, incluyendo transporte y alojamiento.<\/p>\n\n\n\n<p><\/p>\n\n\n\n<h3 class=\"wp-block-heading\">Corrientes<\/h3>\n\n\n\n<figure class=\"wp-block-image size-full\"><a href=\"https:\/\/i0.wp.com\/elterritorialweb.com.ar\/web\/wp-content\/uploads\/2022\/04\/CORRIENTES.jpg\"><img data-recalc-dims=\"1\" decoding=\"async\" width=\"640\" height=\"426\" data-src=\"https:\/\/i0.wp.com\/elterritorialweb.com.ar\/web\/wp-content\/uploads\/2022\/04\/CORRIENTES.jpg?resize=640%2C426\" alt=\"\" class=\"wp-image-38752 lazyload\" data-srcset=\"https:\/\/i0.wp.com\/elterritorialweb.com.ar\/web\/wp-content\/uploads\/2022\/04\/CORRIENTES.jpg?w=1000 1000w, https:\/\/i0.wp.com\/elterritorialweb.com.ar\/web\/wp-content\/uploads\/2022\/04\/CORRIENTES.jpg?resize=300%2C200 300w, https:\/\/i0.wp.com\/elterritorialweb.com.ar\/web\/wp-content\/uploads\/2022\/04\/CORRIENTES.jpg?resize=768%2C511 768w\" data-sizes=\"(max-width: 640px) 100vw, 640px\" src=\"data:image\/svg+xml;base64,PHN2ZyB3aWR0aD0iMSIgaGVpZ2h0PSIxIiB4bWxucz0iaHR0cDovL3d3dy53My5vcmcvMjAwMC9zdmciPjwvc3ZnPg==\" style=\"--smush-placeholder-width: 640px; --smush-placeholder-aspect-ratio: 640\/426;\" \/><\/a><\/figure>\n\n\n\n<p>Con los Esteros del Iber\u00e1 como protagonista, tuvo un muy buen fin de semana, con la vuelta del visitante extranjero. La provincia estuvo trabajando con mucha velocidad en la recuperaci\u00f3n de las zonas tur\u00edsticas tras los devastadores incendios, con programas como el Renacer Iber\u00e1.<\/p>\n\n\n\n<figure class=\"wp-block-image size-large\"><a href=\"https:\/\/i0.wp.com\/elterritorialweb.com.ar\/web\/wp-content\/uploads\/2022\/04\/MENDOZA.jpg\"><img data-recalc-dims=\"1\" decoding=\"async\" width=\"640\" height=\"363\" data-src=\"https:\/\/i0.wp.com\/elterritorialweb.com.ar\/web\/wp-content\/uploads\/2022\/04\/MENDOZA.jpg?resize=640%2C363\" alt=\"\" class=\"wp-image-38753 lazyload\" data-srcset=\"https:\/\/i0.wp.com\/elterritorialweb.com.ar\/web\/wp-content\/uploads\/2022\/04\/MENDOZA.jpg?resize=1024%2C580 1024w, https:\/\/i0.wp.com\/elterritorialweb.com.ar\/web\/wp-content\/uploads\/2022\/04\/MENDOZA.jpg?resize=300%2C170 300w, https:\/\/i0.wp.com\/elterritorialweb.com.ar\/web\/wp-content\/uploads\/2022\/04\/MENDOZA.jpg?resize=768%2C435 768w, https:\/\/i0.wp.com\/elterritorialweb.com.ar\/web\/wp-content\/uploads\/2022\/04\/MENDOZA.jpg?w=1500 1500w, https:\/\/i0.wp.com\/elterritorialweb.com.ar\/web\/wp-content\/uploads\/2022\/04\/MENDOZA.jpg?w=1280 1280w\" data-sizes=\"(max-width: 640px) 100vw, 640px\" src=\"data:image\/svg+xml;base64,PHN2ZyB3aWR0aD0iMSIgaGVpZ2h0PSIxIiB4bWxucz0iaHR0cDovL3d3dy53My5vcmcvMjAwMC9zdmciPjwvc3ZnPg==\" style=\"--smush-placeholder-width: 640px; --smush-placeholder-aspect-ratio: 640\/363;\" \/><\/a><\/figure>\n\n\n\n<h3 class=\"wp-block-heading\">Mendoza<\/h3>\n\n\n\n<p>Los turistas ocuparon desde el mi\u00e9rcoles por la noche las 35 mil plazas disponibles del distrito. Se sum\u00f3 esta vez el visitante internacional, especialmente el chileno, que nuevamente marc\u00f3 presencia en la regi\u00f3n. Gran Mendoza, Potrerillos, San Rafael y Malarg\u00fce, estuvieron entre los destinos m\u00e1s concurridos. El gasto promedio diario se ubic\u00f3 en $5.200, destac\u00e1ndose recorridos como el Parque Aconcagua. Este a\u00f1o, Semana Santa coincidi\u00f3 con el D\u00eda Mundial del Malbec.<\/p>\n\n\n\n<figure class=\"wp-block-image size-full\"><a href=\"https:\/\/i0.wp.com\/elterritorialweb.com.ar\/web\/wp-content\/uploads\/2022\/04\/TUCUMAN.jpg\"><img data-recalc-dims=\"1\" decoding=\"async\" width=\"640\" height=\"360\" data-src=\"https:\/\/i0.wp.com\/elterritorialweb.com.ar\/web\/wp-content\/uploads\/2022\/04\/TUCUMAN.jpg?resize=640%2C360\" alt=\"\" class=\"wp-image-38754 lazyload\" data-srcset=\"https:\/\/i0.wp.com\/elterritorialweb.com.ar\/web\/wp-content\/uploads\/2022\/04\/TUCUMAN.jpg?w=1024 1024w, https:\/\/i0.wp.com\/elterritorialweb.com.ar\/web\/wp-content\/uploads\/2022\/04\/TUCUMAN.jpg?resize=300%2C169 300w, https:\/\/i0.wp.com\/elterritorialweb.com.ar\/web\/wp-content\/uploads\/2022\/04\/TUCUMAN.jpg?resize=768%2C432 768w\" data-sizes=\"(max-width: 640px) 100vw, 640px\" src=\"data:image\/svg+xml;base64,PHN2ZyB3aWR0aD0iMSIgaGVpZ2h0PSIxIiB4bWxucz0iaHR0cDovL3d3dy53My5vcmcvMjAwMC9zdmciPjwvc3ZnPg==\" style=\"--smush-placeholder-width: 640px; --smush-placeholder-aspect-ratio: 640\/360;\" \/><\/a><\/figure>\n\n\n\n<h3 class=\"wp-block-heading\">Tucum\u00e1n<\/h3>\n\n\n\n<p>Con un gasto diario que promedi\u00f3 los $4.400 por persona, el fin de semana fue muy bueno. San Miguel de Tucum\u00e1n, Taf\u00ed del Valle, San Pedro de Colalao, San Javier, Yerba Buena, El Cadillal, Taf\u00ed Viejo, todas finalizaron con niveles de ocupaci\u00f3n cercanos al 90%. Los turistas, adem\u00e1s de los recorridos de la naturaleza, disfrutaron de eventos como el 14\u00b0 Festival Regional del Lazo en Taf\u00ed del Valle, el 44\u00b0 festival de la Nuez en San Pedro de Colalao o el v\u00eda crucis con antorchas en San Javier.<\/p>\n\n\n\n<figure class=\"wp-block-image is-resized\"><img data-recalc-dims=\"1\" decoding=\"async\" data-src=\"https:\/\/i0.wp.com\/misionescuatro.com\/wp-content\/uploads\/2022\/04\/CABA-espera-mas-de-75-mil-turistas-en-Semana-Santa-2-813x458.jpeg?resize=640%2C360&#038;ssl=1\" alt=\"CABA espera m\u00e1s de 75 mil turistas en Semana Santa\" width=\"640\" height=\"360\" src=\"data:image\/svg+xml;base64,PHN2ZyB3aWR0aD0iMSIgaGVpZ2h0PSIxIiB4bWxucz0iaHR0cDovL3d3dy53My5vcmcvMjAwMC9zdmciPjwvc3ZnPg==\" class=\"lazyload\" style=\"--smush-placeholder-width: 640px; --smush-placeholder-aspect-ratio: 640\/360;\" \/><\/figure>\n\n\n\n<h3 class=\"wp-block-heading\">CABA<\/h3>\n\n\n\n<p>Casi 100 mil turistas nacionales e internacionales llegaron por el fin de semana, con niveles de ocupaci\u00f3n hotelera y para-hotelera que alcanzaron un pico de 91%. Con un gasto total de casi $3.100 millones, los viajeros pudieron elegir entre una oferta de 7.000 bares y restaurantes, 287 teatros, 380 librer\u00edas y 150 museos.<\/p>\n\n\n\n<figure class=\"wp-block-image\"><img data-recalc-dims=\"1\" decoding=\"async\" data-src=\"https:\/\/i0.wp.com\/media.airedesantafe.com.ar\/p\/1a1ef5d67eda8c53d7079381c8a6bc06\/adjuntos\/268\/imagenes\/003\/513\/0003513143\/los-mejores-destinos-visitar-argentina-semana-santa-2022.png?w=640&#038;ssl=1\" alt=\"Los mejores destinos para visitar en Argentina durante Semana Santa 2022\" src=\"data:image\/svg+xml;base64,PHN2ZyB3aWR0aD0iMSIgaGVpZ2h0PSIxIiB4bWxucz0iaHR0cDovL3d3dy53My5vcmcvMjAwMC9zdmciPjwvc3ZnPg==\" class=\"lazyload\" \/><\/figure>\n\n\n\n<h3 class=\"wp-block-heading\">Salta<\/h3>\n\n\n\n<p>Recibi\u00f3 a los visitantes con m\u00e1s de 200 actividades religiosas y culturales m\u00e1s las visitas guiadas en museos e iglesias, adem\u00e1s de las ferias de artesanos, gastron\u00f3micas y otras actividades. Cuatro de cada cinco turistas que llegaron consumieron con el Pre Viaje. La ciudad capital, Cafayate, Cachi y Coronel Moldes, tuvieron niveles de ocupaci\u00f3n buenos.<\/p>\n\n\n\n<figure class=\"wp-block-image size-large\"><a href=\"https:\/\/i0.wp.com\/elterritorialweb.com.ar\/web\/wp-content\/uploads\/2022\/04\/SANTIAGO-DEL-ESTERO.jpg\"><img data-recalc-dims=\"1\" decoding=\"async\" width=\"640\" height=\"428\" data-src=\"https:\/\/i0.wp.com\/elterritorialweb.com.ar\/web\/wp-content\/uploads\/2022\/04\/SANTIAGO-DEL-ESTERO-1024x684.jpg?resize=640%2C428\" alt=\"\" class=\"wp-image-38756 lazyload\" data-srcset=\"https:\/\/i0.wp.com\/elterritorialweb.com.ar\/web\/wp-content\/uploads\/2022\/04\/SANTIAGO-DEL-ESTERO.jpg?resize=1024%2C684 1024w, https:\/\/i0.wp.com\/elterritorialweb.com.ar\/web\/wp-content\/uploads\/2022\/04\/SANTIAGO-DEL-ESTERO.jpg?resize=300%2C200 300w, https:\/\/i0.wp.com\/elterritorialweb.com.ar\/web\/wp-content\/uploads\/2022\/04\/SANTIAGO-DEL-ESTERO.jpg?resize=768%2C513 768w, https:\/\/i0.wp.com\/elterritorialweb.com.ar\/web\/wp-content\/uploads\/2022\/04\/SANTIAGO-DEL-ESTERO.jpg?w=1280 1280w\" data-sizes=\"(max-width: 640px) 100vw, 640px\" src=\"data:image\/svg+xml;base64,PHN2ZyB3aWR0aD0iMSIgaGVpZ2h0PSIxIiB4bWxucz0iaHR0cDovL3d3dy53My5vcmcvMjAwMC9zdmciPjwvc3ZnPg==\" style=\"--smush-placeholder-width: 640px; --smush-placeholder-aspect-ratio: 640\/428;\" \/><\/a><\/figure>\n\n\n\n<h3 class=\"wp-block-heading\">Santiago del Estero<\/h3>\n\n\n\n<p>El fin de semana fue muy bueno, con much\u00edsima actividad tur\u00edstica-religiosa, como el v\u00eda crucis en bicicleta del viernes en la ciudad capital, que recorri\u00f3 15 capillas y parroquias. Termas de R\u00edo Hondo fue el punto m\u00e1s visitado, especialmente por turistas de Tucum\u00e1n, C\u00f3rdoba y Buenos Aires, con muchas actividades, deportivas en al aut\u00f3dromo con la nueva edici\u00f3n del RXP (Racing Experience Pilot), y el Gran Premio Apertura 2022 del F1 Powerboat en el Lago de Termas de R\u00edo Hondo.<\/p>\n\n\n\n<figure class=\"wp-block-image size-full is-resized\"><a href=\"https:\/\/i0.wp.com\/elterritorialweb.com.ar\/web\/wp-content\/uploads\/2022\/04\/SAN-JUAN.jpg\"><img data-recalc-dims=\"1\" decoding=\"async\" data-src=\"https:\/\/i0.wp.com\/elterritorialweb.com.ar\/web\/wp-content\/uploads\/2022\/04\/SAN-JUAN.jpg?resize=640%2C360\" alt=\"\" class=\"wp-image-38757 lazyload\" width=\"640\" height=\"360\" data-srcset=\"https:\/\/i0.wp.com\/elterritorialweb.com.ar\/web\/wp-content\/uploads\/2022\/04\/SAN-JUAN.jpg?w=608 608w, https:\/\/i0.wp.com\/elterritorialweb.com.ar\/web\/wp-content\/uploads\/2022\/04\/SAN-JUAN.jpg?resize=300%2C169 300w\" data-sizes=\"(max-width: 640px) 100vw, 640px\" src=\"data:image\/svg+xml;base64,PHN2ZyB3aWR0aD0iMSIgaGVpZ2h0PSIxIiB4bWxucz0iaHR0cDovL3d3dy53My5vcmcvMjAwMC9zdmciPjwvc3ZnPg==\" style=\"--smush-placeholder-width: 640px; --smush-placeholder-aspect-ratio: 640\/360;\" \/><\/a><\/figure>\n\n\n\n<h3 class=\"wp-block-heading\">San Juan<\/h3>\n\n\n\n<p>Con un gasto diario que promedi\u00f3 los $4.000, la ocupaci\u00f3n fue plena en ciudades como Iglesias, Valle F\u00e9rtil y Calingasta. La provincia se movi\u00f3 con mucho turismo regional.<\/p>\n\n\n\n<figure class=\"wp-block-image size-large\"><a href=\"https:\/\/i0.wp.com\/elterritorialweb.com.ar\/web\/wp-content\/uploads\/2022\/04\/LA-RIOJA.jpg\"><img data-recalc-dims=\"1\" decoding=\"async\" width=\"640\" height=\"291\" data-src=\"https:\/\/i0.wp.com\/elterritorialweb.com.ar\/web\/wp-content\/uploads\/2022\/04\/LA-RIOJA.jpg?resize=640%2C291\" alt=\"\" class=\"wp-image-38758 lazyload\" data-srcset=\"https:\/\/i0.wp.com\/elterritorialweb.com.ar\/web\/wp-content\/uploads\/2022\/04\/LA-RIOJA.jpg?resize=1024%2C465 1024w, https:\/\/i0.wp.com\/elterritorialweb.com.ar\/web\/wp-content\/uploads\/2022\/04\/LA-RIOJA.jpg?resize=300%2C136 300w, https:\/\/i0.wp.com\/elterritorialweb.com.ar\/web\/wp-content\/uploads\/2022\/04\/LA-RIOJA.jpg?resize=768%2C349 768w, https:\/\/i0.wp.com\/elterritorialweb.com.ar\/web\/wp-content\/uploads\/2022\/04\/LA-RIOJA.jpg?w=1200 1200w\" data-sizes=\"(max-width: 640px) 100vw, 640px\" src=\"data:image\/svg+xml;base64,PHN2ZyB3aWR0aD0iMSIgaGVpZ2h0PSIxIiB4bWxucz0iaHR0cDovL3d3dy53My5vcmcvMjAwMC9zdmciPjwvc3ZnPg==\" style=\"--smush-placeholder-width: 640px; --smush-placeholder-aspect-ratio: 640\/291;\" \/><\/a><\/figure>\n\n\n\n<h3 class=\"wp-block-heading\">La Rioja<\/h3>\n\n\n\n<p>Las reservas provinciales de Laguna Brava y Los Colorados y Quebrada del C\u00f3ndor, el Parque Provincial El Chifl\u00f3n, el Parque de Dinosaurios y las Termas de Santa Teresita recibieron centenares de turistas y excursionistas.<\/p>\n\n\n\n<p>Se ocuparon el 90% de las 30 mil plazas hoteleras del Neuqu\u00e9n y entre algunas de las ciudades destacadas estuvieron Alumin\u00e9, San Mart\u00edn de los Andes, Jun\u00edn de los Andes, Villa La Angostura y Villa Pehuenia, con un gasto promedio cercano a los $6.500.<\/p>\n\n\n\n<figure class=\"wp-block-image\"><img data-recalc-dims=\"1\" decoding=\"async\" data-src=\"https:\/\/i0.wp.com\/www.rionegro.com.ar\/wp-content\/uploads\/2019\/04\/BCHE-Fiesta-Chocolate-2019-Mitre-001.jpg?w=640&#038;ssl=1\" alt=\"Bariloche y El Bols\u00f3n tientan a los turistas de Semana Santa con chocolate  y gastronom\u00eda\" src=\"data:image\/svg+xml;base64,PHN2ZyB3aWR0aD0iMSIgaGVpZ2h0PSIxIiB4bWxucz0iaHR0cDovL3d3dy53My5vcmcvMjAwMC9zdmciPjwvc3ZnPg==\" class=\"lazyload\" \/><\/figure>\n\n\n\n<h3 class=\"wp-block-heading\">R\u00edo Negro<\/h3>\n\n\n\n<p>Lo m\u00e1s sobresaliente fue Bariloche, con 20 mil turistas que recorrieron la ciudad y una agenda abundante que acompa\u00f1\u00f3 a la tradicional Fiesta Nacional del Chocolate. La ocupaci\u00f3n rond\u00f3 el 95%. Otros polos muy concurridos fueron El Bols\u00f3n, con 90% de ocupaci\u00f3n, Las Grutas con 80% y Playas Doradas.<\/p>\n\n\n\n<figure class=\"wp-block-image\"><img data-recalc-dims=\"1\" decoding=\"async\" data-src=\"https:\/\/i0.wp.com\/www.cronica.com.ar\/__export\/1649098601814\/sites\/cronica\/img\/2022\/04\/04\/vacaciones_argentina_x1x_crop1649098453917.jpg_543804098.jpg?w=640&#038;ssl=1\" alt=\"Semana Santa: 5 destinos poco visitados para disfrutar de la naturaleza |  Cr\u00f3nica | Firme junto al pueblo\" src=\"data:image\/svg+xml;base64,PHN2ZyB3aWR0aD0iMSIgaGVpZ2h0PSIxIiB4bWxucz0iaHR0cDovL3d3dy53My5vcmcvMjAwMC9zdmciPjwvc3ZnPg==\" class=\"lazyload\" \/><\/figure>\n\n\n\n<h3 class=\"wp-block-heading\">Chubut<\/h3>\n\n\n\n<p>Se registr\u00f3 una ocupaci\u00f3n cercana al el 84% de las 7000 camas disponibles en hoteles. Se distingui\u00f3 Puerto Madryn, con el tradicional \u00abV\u00eda Crucis Submarino\u00bb y tambi\u00e9n Esquel atrajo su p\u00fablico, lo mismo que El Doradillo, que en esta \u00e9poca se comenzaron a observar las primeras ballenas.<\/p>\n\n\n\n<h3 class=\"wp-block-heading\">Santa Cruz<\/h3>\n\n\n\n<p>La ciudad estrella fue El Calafate, que arranc\u00f3 el fin de semana con 85% de reservas y lleg\u00f3 a casi 100% de ocupaci\u00f3n viernes y s\u00e1bado. Las 15 mil plazas hoteleras de la provincia quedaron colmadas en esos d\u00edas.<\/p>\n\n\n\n<figure class=\"wp-block-image\"><img data-recalc-dims=\"1\" decoding=\"async\" data-src=\"https:\/\/i0.wp.com\/ushuaia24.com.ar\/download\/multimedia.normal.a7b9a7705faf25c8.74757269736d6f202832295f6e6f726d616c2e6a706567.jpeg?w=640&#038;ssl=1\" alt=\"Tierra del Fuego tuvo buena actividad tur\u00edstica por Semana Santa\" src=\"data:image\/svg+xml;base64,PHN2ZyB3aWR0aD0iMSIgaGVpZ2h0PSIxIiB4bWxucz0iaHR0cDovL3d3dy53My5vcmcvMjAwMC9zdmciPjwvc3ZnPg==\" class=\"lazyload\" \/><\/figure>\n\n\n\n<h3 class=\"wp-block-heading\">Tierra del Fuego<\/h3>\n\n\n\n<p>Se destacaron la vuelta del turista internacional, de los cruceros y el aumento en las frecuencias de vuelos. El visitante hizo base especialmente en Ushuaia, y adem\u00e1s de su naturaleza, se sum\u00f3 a los festejos religiosos, y las propuestas del fin de semana, como ferias de precios populares.<\/p>\n\n\n\n<figure class=\"wp-block-image is-resized\"><img data-recalc-dims=\"1\" decoding=\"async\" data-src=\"https:\/\/i0.wp.com\/media.elancasti.com.ar\/p\/c203ec2fc877207ca10ca504ed6af487\/adjuntos\/325\/imagenes\/000\/234\/0000234107\/790x0\/smart\/shincal-jueves-santo-2jpeg.jpeg?resize=640%2C462&#038;ssl=1\" alt=\"Catamarca vive una Semana Santa con buen movimiento de turistas\" width=\"640\" height=\"462\" src=\"data:image\/svg+xml;base64,PHN2ZyB3aWR0aD0iMSIgaGVpZ2h0PSIxIiB4bWxucz0iaHR0cDovL3d3dy53My5vcmcvMjAwMC9zdmciPjwvc3ZnPg==\" class=\"lazyload\" style=\"--smush-placeholder-width: 640px; --smush-placeholder-aspect-ratio: 640\/462;\" \/><\/figure>\n\n\n\n<h3 class=\"wp-block-heading\">Catamarca<\/h3>\n\n\n\n<p>Los principales destinos tur\u00edsticos vivieron a pleno el fin de semana largo, registrando muchos de ellos 100% de ocupaci\u00f3n. Andalgal\u00e1, Antofagasta de la Sierra, Bel\u00e9n, Las Juntas, El Rodeo, Fiambal\u00e1, Pacl\u00edn, Santa Mar\u00eda, Santa Rosa y Tinogasta, tuvieron sus plazas colmadas.<\/p>\n\n\n\n<figure class=\"wp-block-image\"><img data-recalc-dims=\"1\" decoding=\"async\" data-src=\"https:\/\/i0.wp.com\/canalc.com.ar\/wp-content\/uploads\/2021\/03\/formosa.jpeg?w=640&#038;ssl=1\" alt=\"Por rebrote, la ciudad de Formosa vuelve a fase 1 \u2022 Canal C\" src=\"data:image\/svg+xml;base64,PHN2ZyB3aWR0aD0iMSIgaGVpZ2h0PSIxIiB4bWxucz0iaHR0cDovL3d3dy53My5vcmcvMjAwMC9zdmciPjwvc3ZnPg==\" class=\"lazyload\" \/><\/figure>\n\n\n\n<h3 class=\"wp-block-heading\">Formosa<\/h3>\n\n\n\n<p>El Ba\u00f1ado La Estrella fue de los paisajes preferido por los amantes de la fotograf\u00eda de naturaleza y avistaje de aves de todo el mundo. Formosa celebr\u00f3 este a\u00f1o el 25\u00b0 ejercicio del V\u00eda Crucis por posta con el lema \u00abPor la Cruz a la Luz\u00bb, considerado el m\u00e1s largo del mundo con m\u00e1s de 500 km; seg\u00fan el Libro Guinness de los r\u00e9cords.<\/p>\n\n\n\n<figure class=\"wp-block-image is-resized\"><img data-recalc-dims=\"1\" decoding=\"async\" data-src=\"https:\/\/i0.wp.com\/www.chacodiapordia.com\/wp-content\/uploads\/2022\/04\/bicibotes-1-696x496.jpg?resize=640%2C456&#038;ssl=1\" alt=\"Semana Santa en Resistencia: volvieron los paseos en bici y bicibotes en  lagunas recuperadas | CHACO D\u00cdA POR D\u00cdA\" width=\"640\" height=\"456\" src=\"data:image\/svg+xml;base64,PHN2ZyB3aWR0aD0iMSIgaGVpZ2h0PSIxIiB4bWxucz0iaHR0cDovL3d3dy53My5vcmcvMjAwMC9zdmciPjwvc3ZnPg==\" class=\"lazyload\" style=\"--smush-placeholder-width: 640px; --smush-placeholder-aspect-ratio: 640\/456;\" \/><\/figure>\n\n\n\n<h3 class=\"wp-block-heading\">Chaco<\/h3>\n\n\n\n<p>La ocupaci\u00f3n hotelera rond\u00f3 el 70% y los visitantes tuvieron un desembolso promedio diario de $3.900.<\/p>\n","protected":false},"excerpt":{"rendered":"<p>Lo adelant\u00f3 la Confederaci\u00f3n Argentina de la Mediana Empresa (CAME) en un informe donde tambi\u00e9n se adelant\u00f3 que este fin de semana largo los turistas desembolsaron casi un 18% m\u00e1s que en el mismo lapso de 2021.<\/p>\n","protected":false},"author":2,"featured_media":38759,"comment_status":"open","ping_status":"open","sticky":false,"template":"","format":"standard","meta":{"om_disable_all_campaigns":false,"_monsterinsights_skip_tracking":false,"_monsterinsights_sitenote_active":false,"_monsterinsights_sitenote_note":"","_monsterinsights_sitenote_category":0,"_uf_show_specific_survey":0,"_uf_disable_surveys":false,"jetpack_post_was_ever_published":false,"_jetpack_newsletter_access":"","_jetpack_dont_email_post_to_subs":false,"_jetpack_newsletter_tier_id":0,"_jetpack_memberships_contains_paywalled_content":false,"_jetpack_memberships_contains_paid_content":false,"footnotes":"","jetpack_publicize_message":"","jetpack_publicize_feature_enabled":true,"jetpack_social_post_already_shared":false,"jetpack_social_options":{"image_generator_settings":{"template":"highway","default_image_id":0,"font":"","enabled":false},"version":2}},"categories":[4,29],"tags":[],"class_list":["post-38749","post","type-post","status-publish","format-standard","has-post-thumbnail","hentry","category-destacadas","category-turismo"],"aioseo_notices":[],"views":7,"jetpack_publicize_connections":[],"jetpack_featured_media_url":"https:\/\/i0.wp.com\/elterritorialweb.com.ar\/web\/wp-content\/uploads\/2022\/04\/TURISMO-SEMANA-SANTA.jpg?fit=1296%2C864","jetpack_sharing_enabled":true,"_links":{"self":[{"href":"http:\/\/elterritorialweb.com.ar\/web\/wp-json\/wp\/v2\/posts\/38749","targetHints":{"allow":["GET"]}}],"collection":[{"href":"http:\/\/elterritorialweb.com.ar\/web\/wp-json\/wp\/v2\/posts"}],"about":[{"href":"http:\/\/elterritorialweb.com.ar\/web\/wp-json\/wp\/v2\/types\/post"}],"author":[{"embeddable":true,"href":"http:\/\/elterritorialweb.com.ar\/web\/wp-json\/wp\/v2\/users\/2"}],"replies":[{"embeddable":true,"href":"http:\/\/elterritorialweb.com.ar\/web\/wp-json\/wp\/v2\/comments?post=38749"}],"version-history":[{"count":2,"href":"http:\/\/elterritorialweb.com.ar\/web\/wp-json\/wp\/v2\/posts\/38749\/revisions"}],"predecessor-version":[{"id":38762,"href":"http:\/\/elterritorialweb.com.ar\/web\/wp-json\/wp\/v2\/posts\/38749\/revisions\/38762"}],"wp:featuredmedia":[{"embeddable":true,"href":"http:\/\/elterritorialweb.com.ar\/web\/wp-json\/wp\/v2\/media\/38759"}],"wp:attachment":[{"href":"http:\/\/elterritorialweb.com.ar\/web\/wp-json\/wp\/v2\/media?parent=38749"}],"wp:term":[{"taxonomy":"category","embeddable":true,"href":"http:\/\/elterritorialweb.com.ar\/web\/wp-json\/wp\/v2\/categories?post=38749"},{"taxonomy":"post_tag","embeddable":true,"href":"http:\/\/elterritorialweb.com.ar\/web\/wp-json\/wp\/v2\/tags?post=38749"}],"curies":[{"name":"wp","href":"https:\/\/api.w.org\/{rel}","templated":true}]}}