{"id":38763,"date":"2022-04-18T01:47:08","date_gmt":"2022-04-18T01:47:08","guid":{"rendered":"http:\/\/elterritorialweb.com.ar\/web\/?p=38763"},"modified":"2022-04-18T01:48:38","modified_gmt":"2022-04-18T01:48:38","slug":"boca-empato-con-lanus-y-sigue-sin-poder-ganar-de-local-en-la-liga-profesional","status":"publish","type":"post","link":"http:\/\/elterritorialweb.com.ar\/web\/boca-empato-con-lanus-y-sigue-sin-poder-ganar-de-local-en-la-liga-profesional\/","title":{"rendered":"BOCA EMPAT\u00d3 CON LANUS Y SIGUE SIN PODER GANAR DE LOCAL EN LA LIGA PROFESIONAL"},"content":{"rendered":"\n<p>Boca sigue sufriendo cada vez que por la Copa de la Liga Profesional debe jugar ante sus hinchas, ya que todav\u00eda no pudo ganar en 2022 en la Bombonera por este certamen, y esto se repiti\u00f3 esta noche en el partido por la d\u00e9cima fecha de la Zona 2 frente a Lan\u00fas, \u00faltimo en las posiciones del grupo, con el que termin\u00f3 empatando 1 a 1.<\/p>\n\n\n\n<figure class=\"wp-block-image size-large\"><a href=\"https:\/\/i0.wp.com\/elterritorialweb.com.ar\/web\/wp-content\/uploads\/2022\/04\/BOCA-LANUS-1-scaled.jpg\"><img data-recalc-dims=\"1\" decoding=\"async\" width=\"640\" height=\"466\" data-src=\"https:\/\/i0.wp.com\/elterritorialweb.com.ar\/web\/wp-content\/uploads\/2022\/04\/BOCA-LANUS-1.jpg?resize=640%2C466\" alt=\"\" class=\"wp-image-38765 lazyload\" data-srcset=\"https:\/\/i0.wp.com\/elterritorialweb.com.ar\/web\/wp-content\/uploads\/2022\/04\/BOCA-LANUS-1-scaled.jpg?resize=1024%2C745 1024w, https:\/\/i0.wp.com\/elterritorialweb.com.ar\/web\/wp-content\/uploads\/2022\/04\/BOCA-LANUS-1-scaled.jpg?resize=300%2C218 300w, https:\/\/i0.wp.com\/elterritorialweb.com.ar\/web\/wp-content\/uploads\/2022\/04\/BOCA-LANUS-1-scaled.jpg?resize=768%2C558 768w, https:\/\/i0.wp.com\/elterritorialweb.com.ar\/web\/wp-content\/uploads\/2022\/04\/BOCA-LANUS-1-scaled.jpg?resize=1536%2C1117 1536w, https:\/\/i0.wp.com\/elterritorialweb.com.ar\/web\/wp-content\/uploads\/2022\/04\/BOCA-LANUS-1-scaled.jpg?resize=2048%2C1489 2048w, https:\/\/i0.wp.com\/elterritorialweb.com.ar\/web\/wp-content\/uploads\/2022\/04\/BOCA-LANUS-1-scaled.jpg?w=1280 1280w, https:\/\/i0.wp.com\/elterritorialweb.com.ar\/web\/wp-content\/uploads\/2022\/04\/BOCA-LANUS-1-scaled.jpg?w=1920 1920w\" data-sizes=\"(max-width: 640px) 100vw, 640px\" src=\"data:image\/svg+xml;base64,PHN2ZyB3aWR0aD0iMSIgaGVpZ2h0PSIxIiB4bWxucz0iaHR0cDovL3d3dy53My5vcmcvMjAwMC9zdmciPjwvc3ZnPg==\" style=\"--smush-placeholder-width: 640px; --smush-placeholder-aspect-ratio: 640\/466;\" \/><\/a><\/figure>\n\n\n\n<p>Carlos Zambrano, Nicol\u00e1s Figal, Gabriel Aranda y Carlos Izquierdoz est\u00e1n lesionados y Marcos Rojo suspendido por la Libertadores. A ellos hoy se sum\u00f3, tambi\u00e9n lastimado, Gast\u00f3n \u00c1vila, que debi\u00f3 retirarse antes de la media hora del primer tiempo.<\/p>\n\n\n\n<figure class=\"wp-block-image size-large\"><a href=\"https:\/\/i0.wp.com\/elterritorialweb.com.ar\/web\/wp-content\/uploads\/2022\/04\/BOCA-LANUS-2-scaled.jpg\"><img data-recalc-dims=\"1\" decoding=\"async\" width=\"640\" height=\"466\" data-src=\"https:\/\/i0.wp.com\/elterritorialweb.com.ar\/web\/wp-content\/uploads\/2022\/04\/BOCA-LANUS-2.jpg?resize=640%2C466\" alt=\"\" class=\"wp-image-38766 lazyload\" data-srcset=\"https:\/\/i0.wp.com\/elterritorialweb.com.ar\/web\/wp-content\/uploads\/2022\/04\/BOCA-LANUS-2-scaled.jpg?resize=1024%2C745 1024w, https:\/\/i0.wp.com\/elterritorialweb.com.ar\/web\/wp-content\/uploads\/2022\/04\/BOCA-LANUS-2-scaled.jpg?resize=300%2C218 300w, https:\/\/i0.wp.com\/elterritorialweb.com.ar\/web\/wp-content\/uploads\/2022\/04\/BOCA-LANUS-2-scaled.jpg?resize=768%2C559 768w, https:\/\/i0.wp.com\/elterritorialweb.com.ar\/web\/wp-content\/uploads\/2022\/04\/BOCA-LANUS-2-scaled.jpg?resize=1536%2C1118 1536w, https:\/\/i0.wp.com\/elterritorialweb.com.ar\/web\/wp-content\/uploads\/2022\/04\/BOCA-LANUS-2-scaled.jpg?resize=2048%2C1490 2048w, https:\/\/i0.wp.com\/elterritorialweb.com.ar\/web\/wp-content\/uploads\/2022\/04\/BOCA-LANUS-2-scaled.jpg?w=1280 1280w, https:\/\/i0.wp.com\/elterritorialweb.com.ar\/web\/wp-content\/uploads\/2022\/04\/BOCA-LANUS-2-scaled.jpg?w=1920 1920w\" data-sizes=\"(max-width: 640px) 100vw, 640px\" src=\"data:image\/svg+xml;base64,PHN2ZyB3aWR0aD0iMSIgaGVpZ2h0PSIxIiB4bWxucz0iaHR0cDovL3d3dy53My5vcmcvMjAwMC9zdmciPjwvc3ZnPg==\" style=\"--smush-placeholder-width: 640px; --smush-placeholder-aspect-ratio: 640\/466;\" \/><\/a><\/figure>\n\n\n\n<p>Por eso el t\u00e9cnico Sebasti\u00e1n Battaglia,<strong>&nbsp;ante el mal de ausencias que tiene de marcadores centrales, debi\u00f3 improvisar con Luis Adv\u00edncula de marcador central<\/strong>, ingresando Marcelo Weingandt a ocupar el lateral derecho.<\/p>\n\n\n\n<figure class=\"wp-block-image size-full is-resized\"><a href=\"https:\/\/i0.wp.com\/elterritorialweb.com.ar\/web\/wp-content\/uploads\/2022\/04\/BOCA-LANUS-3.jpg\"><img data-recalc-dims=\"1\" decoding=\"async\" data-src=\"https:\/\/i0.wp.com\/elterritorialweb.com.ar\/web\/wp-content\/uploads\/2022\/04\/BOCA-LANUS-3.jpg?resize=640%2C469\" alt=\"\" class=\"wp-image-38767 lazyload\" width=\"640\" height=\"469\" data-srcset=\"https:\/\/i0.wp.com\/elterritorialweb.com.ar\/web\/wp-content\/uploads\/2022\/04\/BOCA-LANUS-3.jpg?w=679 679w, https:\/\/i0.wp.com\/elterritorialweb.com.ar\/web\/wp-content\/uploads\/2022\/04\/BOCA-LANUS-3.jpg?resize=300%2C220 300w\" data-sizes=\"(max-width: 640px) 100vw, 640px\" src=\"data:image\/svg+xml;base64,PHN2ZyB3aWR0aD0iMSIgaGVpZ2h0PSIxIiB4bWxucz0iaHR0cDovL3d3dy53My5vcmcvMjAwMC9zdmciPjwvc3ZnPg==\" style=\"--smush-placeholder-width: 640px; --smush-placeholder-aspect-ratio: 640\/469;\" \/><\/a><\/figure>\n\n\n\n<p>Para entonces el partido estaba ya 1 a 1 por el tanto reciente de Jos\u00e9 Sand (el 301 de su carrera), que a los 41 a\u00f1os y nueve meses exactos (cumplir\u00e1 42 el 17 de julio) se convirti\u00f3 en el jugador m\u00e1s veterano de la historia en anotar un gol en la Bombonera. \u00ab<strong>Con este le anot\u00e9 50 a los equipos grandes de Argentina\u00bb,<\/strong>\u00a0confes\u00f3 al t\u00e9rmino del encuentro.<\/p>\n\n\n\n<figure class=\"wp-block-image size-full is-resized\"><a href=\"https:\/\/i0.wp.com\/elterritorialweb.com.ar\/web\/wp-content\/uploads\/2022\/04\/BOCA-LANUS-4.jpg\"><img data-recalc-dims=\"1\" decoding=\"async\" data-src=\"https:\/\/i0.wp.com\/elterritorialweb.com.ar\/web\/wp-content\/uploads\/2022\/04\/BOCA-LANUS-4.jpg?resize=640%2C467\" alt=\"\" class=\"wp-image-38768 lazyload\" width=\"640\" height=\"467\" data-srcset=\"https:\/\/i0.wp.com\/elterritorialweb.com.ar\/web\/wp-content\/uploads\/2022\/04\/BOCA-LANUS-4.jpg?w=680 680w, https:\/\/i0.wp.com\/elterritorialweb.com.ar\/web\/wp-content\/uploads\/2022\/04\/BOCA-LANUS-4.jpg?resize=300%2C219 300w\" data-sizes=\"(max-width: 640px) 100vw, 640px\" src=\"data:image\/svg+xml;base64,PHN2ZyB3aWR0aD0iMSIgaGVpZ2h0PSIxIiB4bWxucz0iaHR0cDovL3d3dy53My5vcmcvMjAwMC9zdmciPjwvc3ZnPg==\" style=\"--smush-placeholder-width: 640px; --smush-placeholder-aspect-ratio: 640\/467;\" \/><\/a><\/figure>\n\n\n\n<p>Esa motivaci\u00f3n referida de los dirigidos por Jorge Almir\u00f3n tambi\u00e9n tuvo que ver con la forma en que se dio el gol del empate \u00abgranate\u00bb, ya que hab\u00eda sido anulado por el \u00e1rbitro Facundo Tello a instancias del \u00e1rbitro asistente Maximiliano Castelli, por una presunta posici\u00f3n adelantada de Brian Aguirre en la jugada previa, pero luego la revisi\u00f3n del VAR le termin\u00f3 dando como v\u00e1lida la conquista al \u00abPepe\u00bb correntino.<\/p>\n\n\n\n<figure class=\"wp-block-image size-full is-resized\"><a href=\"https:\/\/i0.wp.com\/elterritorialweb.com.ar\/web\/wp-content\/uploads\/2022\/04\/BOCA-LANUS-5.jpg\"><img data-recalc-dims=\"1\" decoding=\"async\" data-src=\"https:\/\/i0.wp.com\/elterritorialweb.com.ar\/web\/wp-content\/uploads\/2022\/04\/BOCA-LANUS-5.jpg?resize=640%2C495\" alt=\"\" class=\"wp-image-38769 lazyload\" width=\"640\" height=\"495\" data-srcset=\"https:\/\/i0.wp.com\/elterritorialweb.com.ar\/web\/wp-content\/uploads\/2022\/04\/BOCA-LANUS-5.jpg?w=680 680w, https:\/\/i0.wp.com\/elterritorialweb.com.ar\/web\/wp-content\/uploads\/2022\/04\/BOCA-LANUS-5.jpg?resize=300%2C232 300w\" data-sizes=\"(max-width: 640px) 100vw, 640px\" src=\"data:image\/svg+xml;base64,PHN2ZyB3aWR0aD0iMSIgaGVpZ2h0PSIxIiB4bWxucz0iaHR0cDovL3d3dy53My5vcmcvMjAwMC9zdmciPjwvc3ZnPg==\" style=\"--smush-placeholder-width: 640px; --smush-placeholder-aspect-ratio: 640\/495;\" \/><\/a><\/figure>\n\n\n\n<p>El VAR volver\u00eda a ser gravitante sobre el final del encuentro, cuando un disparo del colombiano Frank Fabra dio en el codo derecho del ingresado \u00c1ngel Gonz\u00e1lez dentro del \u00e1rea visitante, pero desde el predio afista de Ezeiza no consideraron esa acci\u00f3n como un penal para el \u00abxeneize\u00bb.<\/p>\n\n\n\n<figure class=\"wp-block-image size-full is-resized\"><a href=\"https:\/\/i0.wp.com\/elterritorialweb.com.ar\/web\/wp-content\/uploads\/2022\/04\/BOCA-LANUS-6.jpg\"><img data-recalc-dims=\"1\" decoding=\"async\" data-src=\"https:\/\/i0.wp.com\/elterritorialweb.com.ar\/web\/wp-content\/uploads\/2022\/04\/BOCA-LANUS-6.jpg?resize=640%2C426\" alt=\"\" class=\"wp-image-38770 lazyload\" width=\"640\" height=\"426\" data-srcset=\"https:\/\/i0.wp.com\/elterritorialweb.com.ar\/web\/wp-content\/uploads\/2022\/04\/BOCA-LANUS-6.jpg?w=680 680w, https:\/\/i0.wp.com\/elterritorialweb.com.ar\/web\/wp-content\/uploads\/2022\/04\/BOCA-LANUS-6.jpg?resize=300%2C200 300w\" data-sizes=\"(max-width: 640px) 100vw, 640px\" src=\"data:image\/svg+xml;base64,PHN2ZyB3aWR0aD0iMSIgaGVpZ2h0PSIxIiB4bWxucz0iaHR0cDovL3d3dy53My5vcmcvMjAwMC9zdmciPjwvc3ZnPg==\" style=\"--smush-placeholder-width: 640px; --smush-placeholder-aspect-ratio: 640\/426;\" \/><\/a><\/figure>\n\n\n\n<p>El gol de Sebasti\u00e1n Villa, muy ovacionado por los hinchas boquenses, apenas a los cinco minutos de iniciado el juego, tras un afortunado remate desde afuera del \u00e1rea que se desvi\u00f3 en Mat\u00edas P\u00e9rez, parec\u00eda encaminar la noche para los locales frente al \u00faltimo de la Zona 2, al que le llevan 10 puntos en la misma cantidad de fechas.<\/p>\n\n\n\n<figure class=\"wp-block-image size-full is-resized\"><a href=\"https:\/\/i0.wp.com\/elterritorialweb.com.ar\/web\/wp-content\/uploads\/2022\/04\/BOCA-LANUS-7.jpg\"><img data-recalc-dims=\"1\" decoding=\"async\" data-src=\"https:\/\/i0.wp.com\/elterritorialweb.com.ar\/web\/wp-content\/uploads\/2022\/04\/BOCA-LANUS-7.jpg?resize=640%2C467\" alt=\"\" class=\"wp-image-38771 lazyload\" width=\"640\" height=\"467\" data-srcset=\"https:\/\/i0.wp.com\/elterritorialweb.com.ar\/web\/wp-content\/uploads\/2022\/04\/BOCA-LANUS-7.jpg?w=680 680w, https:\/\/i0.wp.com\/elterritorialweb.com.ar\/web\/wp-content\/uploads\/2022\/04\/BOCA-LANUS-7.jpg?resize=300%2C219 300w\" data-sizes=\"(max-width: 640px) 100vw, 640px\" src=\"data:image\/svg+xml;base64,PHN2ZyB3aWR0aD0iMSIgaGVpZ2h0PSIxIiB4bWxucz0iaHR0cDovL3d3dy53My5vcmcvMjAwMC9zdmciPjwvc3ZnPg==\" style=\"--smush-placeholder-width: 640px; --smush-placeholder-aspect-ratio: 640\/467;\" \/><\/a><\/figure>\n\n\n\n<p>Y esto le permit\u00eda adem\u00e1s a los dirigidos por Sebasti\u00e1n Battaglia estirar a cinco puntos la diferencia con el quinto en las posiciones, Col\u00f3n, con el que est\u00e1 peleando mano a mano el cuarto y \u00faltimo lugar entre los clasificados a los cuartos de final de este certamen al que le quedan solamente 12 en juego.<\/p>\n\n\n\n<p>Pero ese tanto pareci\u00f3 tener un efecto inverso para Boca, porque impelido por la desventaja comenz\u00f3 a manejarle la pelota a Boca hasta lograr la igualdad mencionado, y reci\u00e9n pudo retomarle el pulso al partido en el cuarto de hora final de la primera etapa.<\/p>\n\n\n\n<figure class=\"wp-block-image size-full is-resized\"><a href=\"https:\/\/i0.wp.com\/elterritorialweb.com.ar\/web\/wp-content\/uploads\/2022\/04\/BOCA-LANUS-9.jpg\"><img data-recalc-dims=\"1\" decoding=\"async\" data-src=\"https:\/\/i0.wp.com\/elterritorialweb.com.ar\/web\/wp-content\/uploads\/2022\/04\/BOCA-LANUS-9.jpg?resize=640%2C367\" alt=\"\" class=\"wp-image-38772 lazyload\" width=\"640\" height=\"367\" data-srcset=\"https:\/\/i0.wp.com\/elterritorialweb.com.ar\/web\/wp-content\/uploads\/2022\/04\/BOCA-LANUS-9.jpg?w=680 680w, https:\/\/i0.wp.com\/elterritorialweb.com.ar\/web\/wp-content\/uploads\/2022\/04\/BOCA-LANUS-9.jpg?resize=300%2C172 300w\" data-sizes=\"(max-width: 640px) 100vw, 640px\" src=\"data:image\/svg+xml;base64,PHN2ZyB3aWR0aD0iMSIgaGVpZ2h0PSIxIiB4bWxucz0iaHR0cDovL3d3dy53My5vcmcvMjAwMC9zdmciPjwvc3ZnPg==\" style=\"--smush-placeholder-width: 640px; --smush-placeholder-aspect-ratio: 640\/367;\" \/><\/a><\/figure>\n\n\n\n<p>Despu\u00e9s, ya en el complemento, Battaglia hizo un retoque fundamental en la mitad de la cancha para impedirle a la visita el contralor del bal\u00f3n en esa zona, y aunque no abandon\u00f3 el 4-3-3 con el que ya hab\u00eda salido a jugarle a Always Ready, de Bolivia, por la Copa Libertadores, si sac\u00f3 a un elemento de ofensiva como el paraguayo \u00d3scar Romero para hacer ingresar en su lugar a alguien con marca como el colombiano Jorman Campuzano.<\/p>\n\n\n\n<p>Con eso se equilibr\u00f3 la mitad de la cancha y Boca, ganando esa zona y perforando por los costados con el mencionado Villa y el nuevamente figura de la cancha, Exequiel Zeballos, cont\u00f3 con algunas acciones de riesgo como para llevarse la victoria, aunque en esta ocasi\u00f3n choc\u00f3 con una buena noche del arquero Fernando Monetti.<\/p>\n\n\n\n<p>De esta manera la \u00abmaldici\u00f3n\u00bb que persigue a Boca en este a\u00f1o en el que todav\u00eda no gan\u00f3 ning\u00fan partido por el torneo local se prolong\u00f3 una fecha m\u00e1s (la quinta seguida), mientras ese mal de ausencias mencionado sum\u00f3 hoy a \u00c1vila en una zona tan sensible como lo es la zaga central.<\/p>\n\n\n\n<figure class=\"wp-block-embed is-type-rich is-provider-twitter wp-block-embed-twitter\"><div class=\"wp-block-embed__wrapper\">\n<div class=\"embed-twitter\"><blockquote class=\"twitter-tweet\" data-width=\"550\" data-dnt=\"true\"><p lang=\"es\" dir=\"ltr\">\ud83c\uddf1\ud83c\uddfb Las acciones m\u00e1s destacadas del empate 1-1 contra Boca, en La Bombonera. Ya pensamos en el mi\u00e9rcoles, Grana \ud83d\udc4a <a href=\"https:\/\/t.co\/yyD4hqYOx6\">pic.twitter.com\/yyD4hqYOx6<\/a><\/p>&mdash; Club Lan\u00fas (@clublanus) <a href=\"https:\/\/twitter.com\/clublanus\/status\/1515866488888037381?ref_src=twsrc%5Etfw\">April 18, 2022<\/a><\/blockquote><script async src=\"https:\/\/platform.twitter.com\/widgets.js\" charset=\"utf-8\"><\/script><\/div>\n<\/div><\/figure>\n\n\n\n<p>Aunque en otros sectores de la cancha deben agregarse los marginados (por distintas razones) Agust\u00edn Almendra, Cristian Pav\u00f3n y Eduardo Salvio (estuvo presente en el estadio). Y otro que \u00abfalt\u00f3 sin aviso\u00bb, aunque estuvo dentro del campo, fue el goleador Dar\u00edo Benedetto, que parece rendir m\u00e1s en la Libertadores que en la Copa de la Liga.<\/p>\n\n\n\n<p>Para el mi\u00e9rcoles pr\u00f3ximo ante Godoy Cruz en Mendoza, por la und\u00e9cima fecha, Battaglia planea poner el cancha un equipo con todos los titulares como este domingo, para rotar reci\u00e9n el s\u00e1bado, por la duod\u00e9cima, como local frente a Central C\u00f3rdoba, de Santiago del Estero, pensando por supuesto en el compromiso del martes 26 en Brasil ante Corinthians, por Copa Libertadores.<\/p>\n\n\n\n<p>Para Lan\u00fas, que tambi\u00e9n propuso un 4-3-3 en la Bombonera, bien al estilo de su t\u00e9cnico, Almir\u00f3n, la mira est\u00e1 puesta en la Copa Sudamericana, ya que como qued\u00f3 dicho, en el torneo aut\u00f3ctono no tiene chances de nada hace rato.<\/p>\n","protected":false},"excerpt":{"rendered":"<p>El Xeneize no pudo sostener la ventaja tempranera gracias a un gol de Sebasti\u00e1n Villa (5m PT). El Granate lo igual\u00f3 a trav\u00e9s de Jos\u00e9 Sand (26m PT), en un tanto que en principio fue anulado por posici\u00f3n adelantada pero luego fue convalidado tras el chequeo del VAR. <\/p>\n","protected":false},"author":2,"featured_media":38764,"comment_status":"open","ping_status":"open","sticky":false,"template":"","format":"standard","meta":{"om_disable_all_campaigns":false,"_monsterinsights_skip_tracking":false,"_monsterinsights_sitenote_active":false,"_monsterinsights_sitenote_note":"","_monsterinsights_sitenote_category":0,"_uf_show_specific_survey":0,"_uf_disable_surveys":false,"jetpack_post_was_ever_published":false,"_jetpack_newsletter_access":"","_jetpack_dont_email_post_to_subs":false,"_jetpack_newsletter_tier_id":0,"_jetpack_memberships_contains_paywalled_content":false,"_jetpack_memberships_contains_paid_content":false,"footnotes":"","jetpack_publicize_message":"","jetpack_publicize_feature_enabled":true,"jetpack_social_post_already_shared":false,"jetpack_social_options":{"image_generator_settings":{"template":"highway","default_image_id":0,"font":"","enabled":false},"version":2}},"categories":[6],"tags":[],"class_list":["post-38763","post","type-post","status-publish","format-standard","has-post-thumbnail","hentry","category-deportes"],"aioseo_notices":[],"views":6,"jetpack_publicize_connections":[],"jetpack_featured_media_url":"https:\/\/i0.wp.com\/elterritorialweb.com.ar\/web\/wp-content\/uploads\/2022\/04\/BOCA-LANUS-scaled.jpg?fit=2560%2C1863","jetpack_sharing_enabled":true,"_links":{"self":[{"href":"http:\/\/elterritorialweb.com.ar\/web\/wp-json\/wp\/v2\/posts\/38763","targetHints":{"allow":["GET"]}}],"collection":[{"href":"http:\/\/elterritorialweb.com.ar\/web\/wp-json\/wp\/v2\/posts"}],"about":[{"href":"http:\/\/elterritorialweb.com.ar\/web\/wp-json\/wp\/v2\/types\/post"}],"author":[{"embeddable":true,"href":"http:\/\/elterritorialweb.com.ar\/web\/wp-json\/wp\/v2\/users\/2"}],"replies":[{"embeddable":true,"href":"http:\/\/elterritorialweb.com.ar\/web\/wp-json\/wp\/v2\/comments?post=38763"}],"version-history":[{"count":1,"href":"http:\/\/elterritorialweb.com.ar\/web\/wp-json\/wp\/v2\/posts\/38763\/revisions"}],"predecessor-version":[{"id":38773,"href":"http:\/\/elterritorialweb.com.ar\/web\/wp-json\/wp\/v2\/posts\/38763\/revisions\/38773"}],"wp:featuredmedia":[{"embeddable":true,"href":"http:\/\/elterritorialweb.com.ar\/web\/wp-json\/wp\/v2\/media\/38764"}],"wp:attachment":[{"href":"http:\/\/elterritorialweb.com.ar\/web\/wp-json\/wp\/v2\/media?parent=38763"}],"wp:term":[{"taxonomy":"category","embeddable":true,"href":"http:\/\/elterritorialweb.com.ar\/web\/wp-json\/wp\/v2\/categories?post=38763"},{"taxonomy":"post_tag","embeddable":true,"href":"http:\/\/elterritorialweb.com.ar\/web\/wp-json\/wp\/v2\/tags?post=38763"}],"curies":[{"name":"wp","href":"https:\/\/api.w.org\/{rel}","templated":true}]}}