{"id":38775,"date":"2022-04-18T02:07:09","date_gmt":"2022-04-18T02:07:09","guid":{"rendered":"http:\/\/elterritorialweb.com.ar\/web\/?p=38775"},"modified":"2022-04-18T02:07:10","modified_gmt":"2022-04-18T02:07:10","slug":"los-jardines-de-infantes-municipales-pusieron-en-campana-de-reciclado-de-envases-plasticos","status":"publish","type":"post","link":"http:\/\/elterritorialweb.com.ar\/web\/los-jardines-de-infantes-municipales-pusieron-en-campana-de-reciclado-de-envases-plasticos\/","title":{"rendered":"LOS JARDINES DE INFANTES MUNICIPALES PUSIERON EN CAMPA\u00d1A DE RECICLADO DE ENVASES PL\u00c1STICOS"},"content":{"rendered":"\n<p>Al respecto, la titular de la Direcci\u00f3n de Educaci\u00f3n, Lic. Cecilia Marozzi, explic\u00f3 que \u00abla iniciativa tiene como prop\u00f3sito principal iniciar a los ni\u00f1os que asisten al servicio educativo municipal en la construcci\u00f3n de su sentido de pertenencia y de su ser ciudadano, sembrando la idea de que, con sus peque\u00f1as intervenciones, pueden aportar a una mejora de su entorno\u00bb.<\/p>\n\n\n\n<p>\u00abPara eso, hemos creado un personaje animado llamado Muni, que tiene la forma de un \u00e1rbol y, de modo l\u00fadico y amistoso, invita a los ni\u00f1os a mirar el entorno y a actuar sobre \u00e9l\u00bb, detall\u00f3.<\/p>\n\n\n\n<p>La funcionaria se\u00f1al\u00f3 tambi\u00e9n que \u00ablos docentes planificar\u00e1n propuestas que tengan que ver con brindar oportunidades para que, desde temprana edad, los alumnos puedan iniciarse en el pensamiento cr\u00edtico y en el trabajo colaborativo\u00bb.<\/p>\n\n\n\n<p>De esta manera, avanzan los ejes pedag\u00f3gicos propuestos para este ciclo lectivo, cuyo anuncio fue remarcado por la intendente, Ing. Norma Fuentes, que est\u00e1n relacionados con la salud f\u00edsica y emocional, el cuidado del medio ambiente, la educaci\u00f3n vial y la formaci\u00f3n de ni\u00f1os lectores.<\/p>\n\n\n\n<p>Adem\u00e1s estas actividades forman parte del programa de trabajo articulado del municipio con organismos&nbsp; p\u00fablicos y entidades de la sociedad civil, como en este caso puntual del reciclado de botellas con el Instituto Provincial de Vivienda y Urbanismo.<\/p>\n","protected":false},"excerpt":{"rendered":"<p>La Municipalidad de la Capital puso en marcha una campa\u00f1a de concientizaci\u00f3n y educaci\u00f3n sobre el cuidado del medio ambiente en los jardines de infantes municipales, teniendo como eje el reciclado de botellas de pl\u00e1stico, que luego ser\u00e1n procesadas y reutilizadas en la elaboraci\u00f3n de ladrillos ecol\u00f3gicos.<\/p>\n","protected":false},"author":2,"featured_media":38776,"comment_status":"open","ping_status":"open","sticky":false,"template":"","format":"standard","meta":{"om_disable_all_campaigns":false,"_monsterinsights_skip_tracking":false,"_monsterinsights_sitenote_active":false,"_monsterinsights_sitenote_note":"","_monsterinsights_sitenote_category":0,"_uf_show_specific_survey":0,"_uf_disable_surveys":false,"jetpack_post_was_ever_published":false,"_jetpack_newsletter_access":"","_jetpack_dont_email_post_to_subs":false,"_jetpack_newsletter_tier_id":0,"_jetpack_memberships_contains_paywalled_content":false,"_jetpack_memberships_contains_paid_content":false,"footnotes":"","jetpack_publicize_message":"","jetpack_publicize_feature_enabled":true,"jetpack_social_post_already_shared":false,"jetpack_social_options":{"image_generator_settings":{"template":"highway","default_image_id":0,"font":"","enabled":false},"version":2}},"categories":[21],"tags":[],"class_list":["post-38775","post","type-post","status-publish","format-standard","has-post-thumbnail","hentry","category-locales"],"aioseo_notices":[],"views":6,"jetpack_publicize_connections":[],"jetpack_featured_media_url":"https:\/\/i0.wp.com\/elterritorialweb.com.ar\/web\/wp-content\/uploads\/2022\/04\/campana-en-jarines-de-infantes.jpeg?fit=720%2C1021","jetpack_sharing_enabled":true,"_links":{"self":[{"href":"http:\/\/elterritorialweb.com.ar\/web\/wp-json\/wp\/v2\/posts\/38775","targetHints":{"allow":["GET"]}}],"collection":[{"href":"http:\/\/elterritorialweb.com.ar\/web\/wp-json\/wp\/v2\/posts"}],"about":[{"href":"http:\/\/elterritorialweb.com.ar\/web\/wp-json\/wp\/v2\/types\/post"}],"author":[{"embeddable":true,"href":"http:\/\/elterritorialweb.com.ar\/web\/wp-json\/wp\/v2\/users\/2"}],"replies":[{"embeddable":true,"href":"http:\/\/elterritorialweb.com.ar\/web\/wp-json\/wp\/v2\/comments?post=38775"}],"version-history":[{"count":1,"href":"http:\/\/elterritorialweb.com.ar\/web\/wp-json\/wp\/v2\/posts\/38775\/revisions"}],"predecessor-version":[{"id":38777,"href":"http:\/\/elterritorialweb.com.ar\/web\/wp-json\/wp\/v2\/posts\/38775\/revisions\/38777"}],"wp:featuredmedia":[{"embeddable":true,"href":"http:\/\/elterritorialweb.com.ar\/web\/wp-json\/wp\/v2\/media\/38776"}],"wp:attachment":[{"href":"http:\/\/elterritorialweb.com.ar\/web\/wp-json\/wp\/v2\/media?parent=38775"}],"wp:term":[{"taxonomy":"category","embeddable":true,"href":"http:\/\/elterritorialweb.com.ar\/web\/wp-json\/wp\/v2\/categories?post=38775"},{"taxonomy":"post_tag","embeddable":true,"href":"http:\/\/elterritorialweb.com.ar\/web\/wp-json\/wp\/v2\/tags?post=38775"}],"curies":[{"name":"wp","href":"https:\/\/api.w.org\/{rel}","templated":true}]}}