{"id":38778,"date":"2022-04-18T02:17:13","date_gmt":"2022-04-18T02:17:13","guid":{"rendered":"http:\/\/elterritorialweb.com.ar\/web\/?p=38778"},"modified":"2022-04-18T02:21:34","modified_gmt":"2022-04-18T02:21:34","slug":"nediani-participo-del-via-crusis-sachero-y-de-la-misa-de-resurreccion-en-la-banda","status":"publish","type":"post","link":"http:\/\/elterritorialweb.com.ar\/web\/nediani-participo-del-via-crusis-sachero-y-de-la-misa-de-resurreccion-en-la-banda\/","title":{"rendered":"NEDIANI PARTICIP\u00d3 DEL V\u00cdA CRUSIS SACHERO Y DE LA MISA DE RESURRECCI\u00d3N EN LA BANDA"},"content":{"rendered":"\n<p>Esta actividad se realiz\u00f3 el s\u00e1bado a la noche en la plaza Manuel Belgrano y cont\u00f3 con la presencia del intendente Roger Nediani que previamente particip\u00f3 en la misa de resurrecci\u00f3n celebrada en la parroquia Santiago Ap\u00f3stol.<br>El V\u00eda Crucis Sachero fue organizado por Ariel Veliz \u00abEl Duende del Viol\u00edn\u00bb donde intervinieron 14 m\u00fasicos de diferentes edades con instrumentos como violines, guitarras y bombos.<br>Seg\u00fan se inform\u00f3 esta actividad se viene desarrollando hace 13 a\u00f1os en ciudad Capital y este a\u00f1o es la primera vez que se realiza en la ciudad La Banda.<br>Teniendo en cuenta lo anterior Ariel Veliz agradeci\u00f3 el apoyo del municipio que permiti\u00f3 realizar el V\u00eda Crucis alrededor de la plaza Manuel Belgrano donde en cada estaci\u00f3n los m\u00fasicos interpretaron m\u00fasica cl\u00e1sica y folclore.\u00a0<\/p>\n\n\n\n<figure class=\"wp-block-image size-large\"><a href=\"https:\/\/i0.wp.com\/elterritorialweb.com.ar\/web\/wp-content\/uploads\/2022\/04\/WhatsApp-Image-2022-04-17-at-7.44.36-PM.jpeg\"><img data-recalc-dims=\"1\" decoding=\"async\" width=\"640\" height=\"423\" data-src=\"https:\/\/i0.wp.com\/elterritorialweb.com.ar\/web\/wp-content\/uploads\/2022\/04\/WhatsApp-Image-2022-04-17-at-7.44.36-PM.jpeg?resize=640%2C423\" alt=\"\" class=\"wp-image-38783 lazyload\" data-srcset=\"https:\/\/i0.wp.com\/elterritorialweb.com.ar\/web\/wp-content\/uploads\/2022\/04\/WhatsApp-Image-2022-04-17-at-7.44.36-PM.jpeg?resize=1024%2C676 1024w, https:\/\/i0.wp.com\/elterritorialweb.com.ar\/web\/wp-content\/uploads\/2022\/04\/WhatsApp-Image-2022-04-17-at-7.44.36-PM.jpeg?resize=300%2C198 300w, https:\/\/i0.wp.com\/elterritorialweb.com.ar\/web\/wp-content\/uploads\/2022\/04\/WhatsApp-Image-2022-04-17-at-7.44.36-PM.jpeg?resize=768%2C507 768w, https:\/\/i0.wp.com\/elterritorialweb.com.ar\/web\/wp-content\/uploads\/2022\/04\/WhatsApp-Image-2022-04-17-at-7.44.36-PM.jpeg?w=1087 1087w\" data-sizes=\"(max-width: 640px) 100vw, 640px\" src=\"data:image\/svg+xml;base64,PHN2ZyB3aWR0aD0iMSIgaGVpZ2h0PSIxIiB4bWxucz0iaHR0cDovL3d3dy53My5vcmcvMjAwMC9zdmciPjwvc3ZnPg==\" style=\"--smush-placeholder-width: 640px; --smush-placeholder-aspect-ratio: 640\/423;\" \/><\/a><\/figure>\n\n\n\n<p>El intendente Nediani declar\u00f3 lo siguiente sobre estas actividades: \u00abEstoy muy contento de poder participar en la misa de Pascua, misa de resurrecci\u00f3n de Jesucristo, donde todos los cat\u00f3licos celebramos esta fecha de forma muy especial; as\u00ed que tener la oportunidad de participar es muy gratificante y uno de alguna manera renueva la esperanza y la fe de poder seguir trabajando por el pueblo de la ciudad de La Banda\u00bb.<br>Agreg\u00f3: \u00abDesde la Subsecretar\u00eda de Educaci\u00f3n y Cultura tambi\u00e9n estamos acompa\u00f1ando la realizacion del V\u00eda Crucis Sachero en el cual vamos hacer todas las estaciones hasta llegar al final.<br>Estas fiestas de Pascuas son muy caras a los sentimientos de todos los cat\u00f3licos y en este sentido La Banda es una de las ciudades con m\u00e1s fervor cat\u00f3lico, por eso les deseo a todos los bande\u00f1os que tengan unas muy felices Pascuas, en paz y en familia, y que todos podamos seguir trabajando juntos por nuestro bien com\u00fan\u00bb.<\/p>\n","protected":false},"excerpt":{"rendered":"<p>En el marco de las celebraciones por Semana Santa, se desarroll\u00f3 con \u00e9xito el V\u00eda Crucis Sachero auspiciado por la Subsecretar\u00eda de Educaci\u00f3n y Cultura de la Municipalidad de La Banda.<\/p>\n","protected":false},"author":2,"featured_media":38779,"comment_status":"open","ping_status":"open","sticky":false,"template":"","format":"standard","meta":{"om_disable_all_campaigns":false,"_monsterinsights_skip_tracking":false,"_monsterinsights_sitenote_active":false,"_monsterinsights_sitenote_note":"","_monsterinsights_sitenote_category":0,"_uf_show_specific_survey":0,"_uf_disable_surveys":false,"jetpack_post_was_ever_published":false,"_jetpack_newsletter_access":"","_jetpack_dont_email_post_to_subs":false,"_jetpack_newsletter_tier_id":0,"_jetpack_memberships_contains_paywalled_content":false,"_jetpack_memberships_contains_paid_content":false,"footnotes":"","jetpack_publicize_message":"","jetpack_publicize_feature_enabled":true,"jetpack_social_post_already_shared":false,"jetpack_social_options":{"image_generator_settings":{"template":"highway","default_image_id":0,"font":"","enabled":false},"version":2}},"categories":[21],"tags":[],"class_list":["post-38778","post","type-post","status-publish","format-standard","has-post-thumbnail","hentry","category-locales"],"aioseo_notices":[],"views":9,"jetpack_publicize_connections":[],"jetpack_featured_media_url":"https:\/\/i0.wp.com\/elterritorialweb.com.ar\/web\/wp-content\/uploads\/2022\/04\/WhatsApp-Image-2022-04-17-at-7.44.35-PM.jpeg?fit=1280%2C767","jetpack_sharing_enabled":true,"_links":{"self":[{"href":"http:\/\/elterritorialweb.com.ar\/web\/wp-json\/wp\/v2\/posts\/38778","targetHints":{"allow":["GET"]}}],"collection":[{"href":"http:\/\/elterritorialweb.com.ar\/web\/wp-json\/wp\/v2\/posts"}],"about":[{"href":"http:\/\/elterritorialweb.com.ar\/web\/wp-json\/wp\/v2\/types\/post"}],"author":[{"embeddable":true,"href":"http:\/\/elterritorialweb.com.ar\/web\/wp-json\/wp\/v2\/users\/2"}],"replies":[{"embeddable":true,"href":"http:\/\/elterritorialweb.com.ar\/web\/wp-json\/wp\/v2\/comments?post=38778"}],"version-history":[{"count":3,"href":"http:\/\/elterritorialweb.com.ar\/web\/wp-json\/wp\/v2\/posts\/38778\/revisions"}],"predecessor-version":[{"id":38784,"href":"http:\/\/elterritorialweb.com.ar\/web\/wp-json\/wp\/v2\/posts\/38778\/revisions\/38784"}],"wp:featuredmedia":[{"embeddable":true,"href":"http:\/\/elterritorialweb.com.ar\/web\/wp-json\/wp\/v2\/media\/38779"}],"wp:attachment":[{"href":"http:\/\/elterritorialweb.com.ar\/web\/wp-json\/wp\/v2\/media?parent=38778"}],"wp:term":[{"taxonomy":"category","embeddable":true,"href":"http:\/\/elterritorialweb.com.ar\/web\/wp-json\/wp\/v2\/categories?post=38778"},{"taxonomy":"post_tag","embeddable":true,"href":"http:\/\/elterritorialweb.com.ar\/web\/wp-json\/wp\/v2\/tags?post=38778"}],"curies":[{"name":"wp","href":"https:\/\/api.w.org\/{rel}","templated":true}]}}