{"id":38796,"date":"2022-04-18T04:09:53","date_gmt":"2022-04-18T04:09:53","guid":{"rendered":"http:\/\/elterritorialweb.com.ar\/web\/?p=38796"},"modified":"2022-04-18T04:24:48","modified_gmt":"2022-04-18T04:24:48","slug":"mitre-lo-dio-vuelta-al-partido-y-le-gano-a-tristan-suarez","status":"publish","type":"post","link":"http:\/\/elterritorialweb.com.ar\/web\/mitre-lo-dio-vuelta-al-partido-y-le-gano-a-tristan-suarez\/","title":{"rendered":"MITRE LO D\u00cdO VUELTA AL PARTIDO Y LE GAN\u00d3 A TRISTAN SUAREZ"},"content":{"rendered":"\n<p><strong>Mitre&nbsp;<\/strong>sum\u00f3 su primer triunfo en la temporada de la&nbsp;<strong>Primera Nacional<\/strong>&nbsp;al derrotar por 2-1 a&nbsp;<strong>Trist\u00e1n Su\u00e1rez<\/strong>&nbsp;en uno de los partidos correspondientes a la 11\u00aa fecha del torneo, que marc\u00f3 el debut de&nbsp;<strong>Pablo Ricchetti<\/strong>&nbsp;como nuevo DT.<\/p>\n\n\n\n<p><strong>Iago Iriarte<\/strong>&nbsp;abri\u00f3 el marcador para el Lechero a los 12 minutos del primer tiempo, pero lo dieron vuelta&nbsp;<strong>David Romero<\/strong>, a los 15 de la etapa inicial, y&nbsp;<strong>Guido Vadal\u00e1<\/strong>&nbsp;a los 41 del complemento.<\/p>\n\n\n\n<p>El encuentro mostr\u00f3 a un conjunto\u00a0<strong>Aurinegro\u00a0<\/strong>tomando el control del juego e intentando profundizar en el campo rival. Por su parte el\u00a0<strong>Lechero\u00a0<\/strong>intent\u00f3 lastimar los espacios que dejaba su rival, aunque sin efectividad.<\/p>\n\n\n\n<figure class=\"wp-block-image size-full\"><a href=\"https:\/\/i0.wp.com\/elterritorialweb.com.ar\/web\/wp-content\/uploads\/2022\/04\/Screenshot_20220418-0119292.png\"><img data-recalc-dims=\"1\" decoding=\"async\" width=\"606\" height=\"541\" data-src=\"https:\/\/i0.wp.com\/elterritorialweb.com.ar\/web\/wp-content\/uploads\/2022\/04\/Screenshot_20220418-0119292.png?resize=606%2C541\" alt=\"\" class=\"wp-image-38801 lazyload\" data-srcset=\"https:\/\/i0.wp.com\/elterritorialweb.com.ar\/web\/wp-content\/uploads\/2022\/04\/Screenshot_20220418-0119292.png?w=606 606w, https:\/\/i0.wp.com\/elterritorialweb.com.ar\/web\/wp-content\/uploads\/2022\/04\/Screenshot_20220418-0119292.png?resize=300%2C268 300w\" data-sizes=\"(max-width: 606px) 100vw, 606px\" src=\"data:image\/svg+xml;base64,PHN2ZyB3aWR0aD0iMSIgaGVpZ2h0PSIxIiB4bWxucz0iaHR0cDovL3d3dy53My5vcmcvMjAwMC9zdmciPjwvc3ZnPg==\" style=\"--smush-placeholder-width: 606px; --smush-placeholder-aspect-ratio: 606\/541;\" \/><\/a><figcaption>Lo<\/figcaption><\/figure>\n\n\n\n<p><strong>Trist\u00e1n Su\u00e1rez<\/strong>&nbsp;encontr\u00f3 la ventaja a trav\u00e9s de la pelota parada. A los 12 minutos lleg\u00f3 el c\u00f3rner desde la izquierda directamente al \u00e1rea chica;&nbsp;<strong>Fernando&nbsp;Ot\u00e1rola&nbsp;<\/strong>no sali\u00f3 a cortar y el que lo aprovech\u00f3 fue&nbsp;<strong>Iago Iriarte<\/strong>&nbsp;quien conect\u00f3 de cabeza para poner el 1-0.<\/p>\n\n\n\n<p>A pesar del golpe de arranque,\u00a0<strong>Mitre\u00a0<\/strong>no baj\u00f3 los brazos y encontr\u00f3 la igualdad r\u00e1pidamente. A los 15 minutos, tras una buena triangulaci\u00f3n,\u00a0<strong>David Romero<\/strong>\u00a0qued\u00f3 mano a mano con\u00a0<strong>Cristian Correa<\/strong>, pero el defensor\u00a0<strong>Gabriel Tomasini\u00a0<\/strong>lo tom\u00f3 y el \u00e1rbitro\u00a0<strong>Sebasti\u00e1n\u00a0Zunino\u00a0<\/strong>no dud\u00f3 en cobrar la falta en el \u00e1rea. La\u00a0<strong>Bestia\u00a0<\/strong>se hizo cargo del penal, el arquero se lo ataj\u00f3 pero en el rebote el delantero estamp\u00f3 la igualdad 1-1.<\/p>\n\n\n\n<figure class=\"wp-block-image size-full is-resized\"><a href=\"https:\/\/i0.wp.com\/elterritorialweb.com.ar\/web\/wp-content\/uploads\/2022\/04\/Screenshot_20220418-0117502.png\"><img data-recalc-dims=\"1\" decoding=\"async\" data-src=\"https:\/\/i0.wp.com\/elterritorialweb.com.ar\/web\/wp-content\/uploads\/2022\/04\/Screenshot_20220418-0117502.png?resize=399%2C193\" alt=\"\" class=\"wp-image-38800 lazyload\" width=\"399\" height=\"193\" data-srcset=\"https:\/\/i0.wp.com\/elterritorialweb.com.ar\/web\/wp-content\/uploads\/2022\/04\/Screenshot_20220418-0117502.png?w=994 994w, https:\/\/i0.wp.com\/elterritorialweb.com.ar\/web\/wp-content\/uploads\/2022\/04\/Screenshot_20220418-0117502.png?resize=300%2C145 300w, https:\/\/i0.wp.com\/elterritorialweb.com.ar\/web\/wp-content\/uploads\/2022\/04\/Screenshot_20220418-0117502.png?resize=768%2C372 768w\" data-sizes=\"(max-width: 399px) 100vw, 399px\" src=\"data:image\/svg+xml;base64,PHN2ZyB3aWR0aD0iMSIgaGVpZ2h0PSIxIiB4bWxucz0iaHR0cDovL3d3dy53My5vcmcvMjAwMC9zdmciPjwvc3ZnPg==\" style=\"--smush-placeholder-width: 399px; --smush-placeholder-aspect-ratio: 399\/193;\" \/><\/a><\/figure>\n\n\n\n<p>En el complemento la tesitura del juego no vari\u00f3.&nbsp;<strong>Mitre&nbsp;<\/strong>fue el que empuj\u00f3 pero le costaba generar con claridad. Reci\u00e9n logr\u00f3 dar vuelta el tanteador a los 41 minutos a trav\u00e9s de un contraataque:&nbsp;<strong>Santiago&nbsp;Rosales&nbsp;<\/strong>meti\u00f3 un preciso pase filtrado para&nbsp;<strong>Guido Vadal\u00e1<\/strong>&nbsp;que defini\u00f3 ante la salida de&nbsp;<strong>Cristian Correa&nbsp;<\/strong>y desat\u00f3 el delirio de los hinchas aurinegros.<\/p>\n\n\n\n<p>De esta manera,&nbsp;<strong>Mitre&nbsp;<\/strong>alcanz\u00f3 los 7 puntos y sali\u00f3 de la \u00faltima posici\u00f3n de la tabla y tambi\u00e9n de la zona de descenso. Su pr\u00f3ximo encuentro ser\u00e1 el viernes 22 de abril cuando visite desde las 21.10 a&nbsp;<strong>San Mart\u00edn de Tucum\u00e1n<\/strong>.<\/p>\n\n\n\n<p>Por su parte,&nbsp;<strong>Trist\u00e1n Su\u00e1rez<\/strong>, que suma 6 unidades, qued\u00f3 pen\u00faltimo ingresando a la zona de descenso, lugar del que buscar\u00e1 escapar en la pr\u00f3xima fecha, cuando reciba a&nbsp;<strong>Sacachispas&nbsp;<\/strong>el s\u00e1bado 23 de abril a las 19.00.<\/p>\n","protected":false},"excerpt":{"rendered":"<p>En el debut de Ricchetti como DT, el Aurinegro se impuso por 2-1 y sum\u00f3 su primera victoria en la temporada de la Primera Nacional.<\/p>\n","protected":false},"author":2,"featured_media":38797,"comment_status":"open","ping_status":"open","sticky":false,"template":"","format":"standard","meta":{"om_disable_all_campaigns":false,"_monsterinsights_skip_tracking":false,"_monsterinsights_sitenote_active":false,"_monsterinsights_sitenote_note":"","_monsterinsights_sitenote_category":0,"_uf_show_specific_survey":0,"_uf_disable_surveys":false,"jetpack_post_was_ever_published":false,"_jetpack_newsletter_access":"","_jetpack_dont_email_post_to_subs":false,"_jetpack_newsletter_tier_id":0,"_jetpack_memberships_contains_paywalled_content":false,"_jetpack_memberships_contains_paid_content":false,"footnotes":"","jetpack_publicize_message":"","jetpack_publicize_feature_enabled":true,"jetpack_social_post_already_shared":false,"jetpack_social_options":{"image_generator_settings":{"template":"highway","default_image_id":0,"font":"","enabled":false},"version":2}},"categories":[6],"tags":[],"class_list":["post-38796","post","type-post","status-publish","format-standard","has-post-thumbnail","hentry","category-deportes"],"aioseo_notices":[],"views":9,"jetpack_publicize_connections":[],"jetpack_featured_media_url":"https:\/\/i0.wp.com\/elterritorialweb.com.ar\/web\/wp-content\/uploads\/2022\/04\/FQlprFYWYAAsygi.jpeg?fit=680%2C382","jetpack_sharing_enabled":true,"_links":{"self":[{"href":"http:\/\/elterritorialweb.com.ar\/web\/wp-json\/wp\/v2\/posts\/38796","targetHints":{"allow":["GET"]}}],"collection":[{"href":"http:\/\/elterritorialweb.com.ar\/web\/wp-json\/wp\/v2\/posts"}],"about":[{"href":"http:\/\/elterritorialweb.com.ar\/web\/wp-json\/wp\/v2\/types\/post"}],"author":[{"embeddable":true,"href":"http:\/\/elterritorialweb.com.ar\/web\/wp-json\/wp\/v2\/users\/2"}],"replies":[{"embeddable":true,"href":"http:\/\/elterritorialweb.com.ar\/web\/wp-json\/wp\/v2\/comments?post=38796"}],"version-history":[{"count":2,"href":"http:\/\/elterritorialweb.com.ar\/web\/wp-json\/wp\/v2\/posts\/38796\/revisions"}],"predecessor-version":[{"id":38802,"href":"http:\/\/elterritorialweb.com.ar\/web\/wp-json\/wp\/v2\/posts\/38796\/revisions\/38802"}],"wp:featuredmedia":[{"embeddable":true,"href":"http:\/\/elterritorialweb.com.ar\/web\/wp-json\/wp\/v2\/media\/38797"}],"wp:attachment":[{"href":"http:\/\/elterritorialweb.com.ar\/web\/wp-json\/wp\/v2\/media?parent=38796"}],"wp:term":[{"taxonomy":"category","embeddable":true,"href":"http:\/\/elterritorialweb.com.ar\/web\/wp-json\/wp\/v2\/categories?post=38796"},{"taxonomy":"post_tag","embeddable":true,"href":"http:\/\/elterritorialweb.com.ar\/web\/wp-json\/wp\/v2\/tags?post=38796"}],"curies":[{"name":"wp","href":"https:\/\/api.w.org\/{rel}","templated":true}]}}