{"id":38815,"date":"2022-04-18T13:44:17","date_gmt":"2022-04-18T13:44:17","guid":{"rendered":"http:\/\/elterritorialweb.com.ar\/web\/?p=38815"},"modified":"2022-04-18T13:44:17","modified_gmt":"2022-04-18T13:44:17","slug":"en-la-provincia-no-se-registraron-casos-positivos-de-coronavirus","status":"publish","type":"post","link":"http:\/\/elterritorialweb.com.ar\/web\/en-la-provincia-no-se-registraron-casos-positivos-de-coronavirus\/","title":{"rendered":"EN LA PROVINCIA NO SE REGISTRARON CASOS POSITIVOS DE CORONAVIRUS"},"content":{"rendered":"\n<p>En la jornada de este lunes, la cartera sanitaria local, emiti\u00f3 el informe diario de la situaci\u00f3n epidemiol\u00f3gica de la provincia. <\/p>\n\n\n\n<p><strong>INFORME COMPLETO<\/strong><\/p>\n\n\n\n<p>No se reportaron casos recuperados, por lo que son ciento doce mil seiscientos cincuenta y tres (112.653) casos recuperados en la provincia.<br><\/p>\n\n\n\n<p>No se notificaron personas fallecidas con diagn\u00f3stico de COVID-19 activo en la provincia.<br><\/p>\n\n\n\n<p>Hay un total de mil ciento noventa y ocho (1.198) personas positivas fallecidas en la provincia.<br><\/p>\n\n\n\n<p>Se procesaron un total de noventa y tres (93) muestras.<br><\/p>\n\n\n\n<p>No se notificaron casos positivos de COVID -19 en la provincia.<br><\/p>\n\n\n\n<p>Permanecen activos cuatro (4) casos en la provincia.<br><\/p>\n\n\n\n<p>El total de casos positivos acumulados es de ciento diecis\u00e9is mil ciento noventa y dos (116.192)<br><\/p>\n\n\n\n<p>Importante: La diferencia de casos acumulados, y difundidos en el informe nacional, obedece a diferentes horarios de carga, y a santiague\u00f1os que residen en otras provincias pero que no tienen realizado el cambio de domicilio legal en su DNI. Se ha solicitado el correspondiente pedido de reclasificaci\u00f3n de los casos excedentes cargados para nuestra provincia.<\/p>\n","protected":false},"excerpt":{"rendered":"<p>Informe del Ministerio de Salud de la provincia de Santiago del Estero.<\/p>\n","protected":false},"author":2,"featured_media":19438,"comment_status":"open","ping_status":"open","sticky":false,"template":"","format":"standard","meta":{"om_disable_all_campaigns":false,"_monsterinsights_skip_tracking":false,"_monsterinsights_sitenote_active":false,"_monsterinsights_sitenote_note":"","_monsterinsights_sitenote_category":0,"_uf_show_specific_survey":0,"_uf_disable_surveys":false,"jetpack_post_was_ever_published":false,"_jetpack_newsletter_access":"","_jetpack_dont_email_post_to_subs":false,"_jetpack_newsletter_tier_id":0,"_jetpack_memberships_contains_paywalled_content":false,"_jetpack_memberships_contains_paid_content":false,"footnotes":"","jetpack_publicize_message":"","jetpack_publicize_feature_enabled":true,"jetpack_social_post_already_shared":false,"jetpack_social_options":{"image_generator_settings":{"template":"highway","default_image_id":0,"font":"","enabled":false},"version":2}},"categories":[3],"tags":[],"class_list":["post-38815","post","type-post","status-publish","format-standard","has-post-thumbnail","hentry","category-salud"],"aioseo_notices":[],"views":5,"jetpack_publicize_connections":[],"jetpack_featured_media_url":"https:\/\/i0.wp.com\/elterritorialweb.com.ar\/web\/wp-content\/uploads\/2021\/04\/REPORTE-DIARIO-31-DE-MARZO.jpg?fit=1363%2C1387","jetpack_sharing_enabled":true,"_links":{"self":[{"href":"http:\/\/elterritorialweb.com.ar\/web\/wp-json\/wp\/v2\/posts\/38815","targetHints":{"allow":["GET"]}}],"collection":[{"href":"http:\/\/elterritorialweb.com.ar\/web\/wp-json\/wp\/v2\/posts"}],"about":[{"href":"http:\/\/elterritorialweb.com.ar\/web\/wp-json\/wp\/v2\/types\/post"}],"author":[{"embeddable":true,"href":"http:\/\/elterritorialweb.com.ar\/web\/wp-json\/wp\/v2\/users\/2"}],"replies":[{"embeddable":true,"href":"http:\/\/elterritorialweb.com.ar\/web\/wp-json\/wp\/v2\/comments?post=38815"}],"version-history":[{"count":1,"href":"http:\/\/elterritorialweb.com.ar\/web\/wp-json\/wp\/v2\/posts\/38815\/revisions"}],"predecessor-version":[{"id":38816,"href":"http:\/\/elterritorialweb.com.ar\/web\/wp-json\/wp\/v2\/posts\/38815\/revisions\/38816"}],"wp:featuredmedia":[{"embeddable":true,"href":"http:\/\/elterritorialweb.com.ar\/web\/wp-json\/wp\/v2\/media\/19438"}],"wp:attachment":[{"href":"http:\/\/elterritorialweb.com.ar\/web\/wp-json\/wp\/v2\/media?parent=38815"}],"wp:term":[{"taxonomy":"category","embeddable":true,"href":"http:\/\/elterritorialweb.com.ar\/web\/wp-json\/wp\/v2\/categories?post=38815"},{"taxonomy":"post_tag","embeddable":true,"href":"http:\/\/elterritorialweb.com.ar\/web\/wp-json\/wp\/v2\/tags?post=38815"}],"curies":[{"name":"wp","href":"https:\/\/api.w.org\/{rel}","templated":true}]}}