{"id":38817,"date":"2022-04-18T18:14:19","date_gmt":"2022-04-18T18:14:19","guid":{"rendered":"http:\/\/elterritorialweb.com.ar\/web\/?p=38817"},"modified":"2022-04-18T18:14:41","modified_gmt":"2022-04-18T18:14:41","slug":"lanzan-desde-campo-gallo-el-programa-nacional-mirarnos-con-la-presencia-de-autoridades-de-tres-carteras-nacionales","status":"publish","type":"post","link":"http:\/\/elterritorialweb.com.ar\/web\/lanzan-desde-campo-gallo-el-programa-nacional-mirarnos-con-la-presencia-de-autoridades-de-tres-carteras-nacionales\/","title":{"rendered":"LANZAN DESDE CAMPO GALLO EL PROGRAMA NACIONAL MIRARNOS CON LA PRESENCIA DE AUTORIDADES DE TRES CARTERAS NACIONALES"},"content":{"rendered":"\n<p>El gobernador Gerardo Zamora, junto con los ministros nacionales de Salud, Carla Vizzotti; de Desarrollo Social, Juan Zabaleta, y de Educaci\u00f3n, Jaime Perzyck, particip\u00f3 este lunes en la ciudad de Campo Gallo, departamento Alberdi, del lanzamiento oficial para todo el pa\u00eds del programa Mirarnos, que impactar\u00e1 hasta el 3 de mayo en 32 localidades de Santiago del Estero, con un alcance previsto para aproximadamente 7.600 ni\u00f1os que asisten a escuelas rurales, a trav\u00e9s de operativos de control de agudeza visual y entrega de anteojos totalmente gratuitos.<\/p>\n\n\n\n<figure class=\"wp-block-image size-full\"><a href=\"https:\/\/i0.wp.com\/elterritorialweb.com.ar\/web\/wp-content\/uploads\/2022\/04\/programa-mirarnos-1.jpg\"><img data-recalc-dims=\"1\" decoding=\"async\" width=\"640\" height=\"426\" data-src=\"https:\/\/i0.wp.com\/elterritorialweb.com.ar\/web\/wp-content\/uploads\/2022\/04\/programa-mirarnos-1.jpg?resize=640%2C426\" alt=\"\" class=\"wp-image-38820 lazyload\" data-srcset=\"https:\/\/i0.wp.com\/elterritorialweb.com.ar\/web\/wp-content\/uploads\/2022\/04\/programa-mirarnos-1.jpg?w=960 960w, https:\/\/i0.wp.com\/elterritorialweb.com.ar\/web\/wp-content\/uploads\/2022\/04\/programa-mirarnos-1.jpg?resize=300%2C200 300w, https:\/\/i0.wp.com\/elterritorialweb.com.ar\/web\/wp-content\/uploads\/2022\/04\/programa-mirarnos-1.jpg?resize=768%2C511 768w\" data-sizes=\"(max-width: 640px) 100vw, 640px\" src=\"data:image\/svg+xml;base64,PHN2ZyB3aWR0aD0iMSIgaGVpZ2h0PSIxIiB4bWxucz0iaHR0cDovL3d3dy53My5vcmcvMjAwMC9zdmciPjwvc3ZnPg==\" style=\"--smush-placeholder-width: 640px; --smush-placeholder-aspect-ratio: 640\/426;\" \/><\/a><\/figure>\n\n\n\n<p>Adem\u00e1s, entre el ministerio nacional que encabeza Juan Zabaleta y el Ministerio de Desarrollo Social de la provincia, a cargo del Dr. \u00c1ngel Niccolai, se rubric\u00f3 un acta similar que fue refrendada por el gobernador Zamora, para la ejecuci\u00f3n de acciones a trav\u00e9s del Programa Nacional Banco de Maquinarias, Herramientas y Materiales para la Emergencia Social.<\/p>\n\n\n\n<figure class=\"wp-block-image size-full\"><a href=\"https:\/\/i0.wp.com\/elterritorialweb.com.ar\/web\/wp-content\/uploads\/2022\/04\/programa-mirarnos-4.jpg\"><img data-recalc-dims=\"1\" decoding=\"async\" width=\"640\" height=\"426\" data-src=\"https:\/\/i0.wp.com\/elterritorialweb.com.ar\/web\/wp-content\/uploads\/2022\/04\/programa-mirarnos-4.jpg?resize=640%2C426\" alt=\"\" class=\"wp-image-38821 lazyload\" data-srcset=\"https:\/\/i0.wp.com\/elterritorialweb.com.ar\/web\/wp-content\/uploads\/2022\/04\/programa-mirarnos-4.jpg?w=960 960w, https:\/\/i0.wp.com\/elterritorialweb.com.ar\/web\/wp-content\/uploads\/2022\/04\/programa-mirarnos-4.jpg?resize=300%2C200 300w, https:\/\/i0.wp.com\/elterritorialweb.com.ar\/web\/wp-content\/uploads\/2022\/04\/programa-mirarnos-4.jpg?resize=768%2C511 768w\" data-sizes=\"(max-width: 640px) 100vw, 640px\" src=\"data:image\/svg+xml;base64,PHN2ZyB3aWR0aD0iMSIgaGVpZ2h0PSIxIiB4bWxucz0iaHR0cDovL3d3dy53My5vcmcvMjAwMC9zdmciPjwvc3ZnPg==\" style=\"--smush-placeholder-width: 640px; --smush-placeholder-aspect-ratio: 640\/426;\" \/><\/a><\/figure>\n\n\n\n<p>A su arribo a la ciudad cabecera del departamento Alberdi, el mandatario santiague\u00f1o acompa\u00f1\u00f3 a la comitiva nacional en un recorrido por las unidades m\u00f3viles que fueron instaladas frente al establecimiento educativo, donde se realizaron las primeras pr\u00e1cticas del programa Mirarnos. Tambi\u00e9n en esta oportunidad se hizo entrega de anteojos al primer grupo de ni\u00f1os beneficiarios.<\/p>\n\n\n\n<figure class=\"wp-block-image size-full\"><a href=\"https:\/\/i0.wp.com\/elterritorialweb.com.ar\/web\/wp-content\/uploads\/2022\/04\/programa-mirarnos-5.jpg\"><img data-recalc-dims=\"1\" decoding=\"async\" width=\"640\" height=\"426\" data-src=\"https:\/\/i0.wp.com\/elterritorialweb.com.ar\/web\/wp-content\/uploads\/2022\/04\/programa-mirarnos-5.jpg?resize=640%2C426\" alt=\"\" class=\"wp-image-38822 lazyload\" data-srcset=\"https:\/\/i0.wp.com\/elterritorialweb.com.ar\/web\/wp-content\/uploads\/2022\/04\/programa-mirarnos-5.jpg?w=960 960w, https:\/\/i0.wp.com\/elterritorialweb.com.ar\/web\/wp-content\/uploads\/2022\/04\/programa-mirarnos-5.jpg?resize=300%2C200 300w, https:\/\/i0.wp.com\/elterritorialweb.com.ar\/web\/wp-content\/uploads\/2022\/04\/programa-mirarnos-5.jpg?resize=768%2C511 768w\" data-sizes=\"(max-width: 640px) 100vw, 640px\" src=\"data:image\/svg+xml;base64,PHN2ZyB3aWR0aD0iMSIgaGVpZ2h0PSIxIiB4bWxucz0iaHR0cDovL3d3dy53My5vcmcvMjAwMC9zdmciPjwvc3ZnPg==\" style=\"--smush-placeholder-width: 640px; --smush-placeholder-aspect-ratio: 640\/426;\" \/><\/a><\/figure>\n\n\n\n<p>En la ceremonia oficial estuvieron adem\u00e1s la ministra de Educaci\u00f3n de la provincia, Mariela Nassif, y el subsecretario de Salud, Cesar Monti. Tambi\u00e9n la secretaria de Abordaje Integral del Ministerio de Desarrollo Social de la Naci\u00f3n, Micaela Ferraro.<\/p>\n\n\n\n<p>En el momento de los discursos, la<strong> ministra Vizzotti<\/strong> destac\u00f3 los alcances del programa Mirarnos y sobre la decisi\u00f3n pol\u00edtica del Gobierno Nacional y el compromiso permanente de Santiago del Estero para <em>\u201campliar los derechos de los ciudadanos, con una fuerte mirada federal mediante la ejecuci\u00f3n de convenios que buscan generar igualdad y ofrecer las mismas oportunidades a todos, sin distinci\u00f3n del lugar donde vivan\u201d<\/em>.<\/p>\n\n\n\n<p>A su turno, <strong>Perzyck <\/strong>celebr\u00f3 el respaldo del gobernador Zamora para asumir junto con Naci\u00f3n <em>\u201cel desaf\u00edo de recuperar aprendizaje y construir la educaci\u00f3n que todos queremos\u201d<\/em>. Sobre el programa Mirarnos indic\u00f3: <em>\u201cEs un paso m\u00e1s para darles a todos las mismas oportunidades de aprender un poco m\u00e1s, desde una Argentina real\u201d<\/em>.<\/p>\n\n\n\n<p>Por su parte, el ministro <strong>Zabaleta<\/strong> destac\u00f3 los alcances del programa Banco de Maquinarias, Herramientas y Materiales para la Emergencia Social. <em>\u201cAntes que nada quiero saludar a un gran gobernador que tiene Santiago del Estero y el pa\u00eds, como es el Dr. Gerardo Zamora, con quien compartimos los objetivos de este programa dise\u00f1ado para que cada emprendedor tenga m\u00e1s y mejores herramientas para fortalecer la econom\u00eda social y popular\u201d<\/em>. <em>\u201cQueremos transformar los planes sociales en trabajo genuino y el empleo formal\u201d, remarc\u00f3, para luego sentenciar: \u201cLa recuperaci\u00f3n de la Argentina tiene que arrancar desde Santiago del Estero, desde el Norte Grande. Estamos a su lado para trabajar juntos para este crecimien<\/em>to\u201d.<\/p>\n\n\n\n<p>El <strong>gobernador Zamora<\/strong> cerr\u00f3 la ronda de discursos con un respaldo contundente a las pol\u00edticas de inclusi\u00f3n social que impulsa la Naci\u00f3n. <em>\u201cEl programa Mirarnos es un programa formidable, porque permite detectar tempranamente problemas y brindar a los chicos la oportunidad de utilizar todas las capacidades para desarrollar el conocimiento\u201d<\/em>, dijo.<\/p>\n\n\n\n<p>Se\u00f1al\u00f3 que en esta l\u00ednea <em>\u201ctambi\u00e9n se viene trabajando en la provincia para que haya una inclusi\u00f3n real, con oportunidades para todos, a trav\u00e9s de programas como Metas, la red de fibra \u00f3ptica para llevar internet gratuito a toda la provincia y poner al alcance de todos los estudiantes herramientas digitales, para que tengan las mismas oportunidades\u201d. \u201cEs el objetivo que nos hemos propuesto y lo estamos cumpliendo\u201d<\/em>, sentenci\u00f3.<\/p>\n\n\n\n<figure class=\"wp-block-image size-full\"><a href=\"https:\/\/i0.wp.com\/elterritorialweb.com.ar\/web\/wp-content\/uploads\/2022\/04\/programa-mirarnos-3.jpg\"><img data-recalc-dims=\"1\" decoding=\"async\" width=\"640\" height=\"426\" data-src=\"https:\/\/i0.wp.com\/elterritorialweb.com.ar\/web\/wp-content\/uploads\/2022\/04\/programa-mirarnos-3.jpg?resize=640%2C426\" alt=\"\" class=\"wp-image-38819 lazyload\" data-srcset=\"https:\/\/i0.wp.com\/elterritorialweb.com.ar\/web\/wp-content\/uploads\/2022\/04\/programa-mirarnos-3.jpg?w=960 960w, https:\/\/i0.wp.com\/elterritorialweb.com.ar\/web\/wp-content\/uploads\/2022\/04\/programa-mirarnos-3.jpg?resize=300%2C200 300w, https:\/\/i0.wp.com\/elterritorialweb.com.ar\/web\/wp-content\/uploads\/2022\/04\/programa-mirarnos-3.jpg?resize=768%2C511 768w\" data-sizes=\"(max-width: 640px) 100vw, 640px\" src=\"data:image\/svg+xml;base64,PHN2ZyB3aWR0aD0iMSIgaGVpZ2h0PSIxIiB4bWxucz0iaHR0cDovL3d3dy53My5vcmcvMjAwMC9zdmciPjwvc3ZnPg==\" style=\"--smush-placeholder-width: 640px; --smush-placeholder-aspect-ratio: 640\/426;\" \/><\/a><\/figure>\n\n\n\n<p>En otro tramo de su mensaje, el gobernador ratific\u00f3 el desarrollo productivo como pol\u00edtica de estado, para acompa\u00f1ar a la Naci\u00f3n en la misi\u00f3n de convertir los planes sociales en trabajo genuino y formal. <em>\u201cDebemos trabajar de forma conjunta con la Naci\u00f3n, hacerlo de forma seria y responsable. Por ese motivo buscamos de manera permanente el desarrollo productivo para Santiago del Estero\u201d<\/em>. <em>\u201cNo podemos descansar hasta que el \u00faltimo santiague\u00f1o tenga trabajo genuino en la provincia. Es un compromiso ineludible que tenemos con todos y lo ratificamos cada d\u00eda\u201d<\/em>, concluy\u00f3.<\/p>\n","protected":false},"excerpt":{"rendered":"<p>El acto se desarroll\u00f3 en la Escuela N\u00b0 913 Pedro Giachino, donde tambi\u00e9n se firm\u00f3 un convenio marco de cooperaci\u00f3n entre las tres carteras nacionales para impulsar trabajos conjuntos en beneficio de los argentinos a trav\u00e9s de diferentes programas estrat\u00e9gicos. <\/p>\n","protected":false},"author":2,"featured_media":38818,"comment_status":"open","ping_status":"open","sticky":false,"template":"","format":"standard","meta":{"om_disable_all_campaigns":false,"_monsterinsights_skip_tracking":false,"_monsterinsights_sitenote_active":false,"_monsterinsights_sitenote_note":"","_monsterinsights_sitenote_category":0,"_uf_show_specific_survey":0,"_uf_disable_surveys":false,"jetpack_post_was_ever_published":false,"_jetpack_newsletter_access":"","_jetpack_dont_email_post_to_subs":false,"_jetpack_newsletter_tier_id":0,"_jetpack_memberships_contains_paywalled_content":false,"_jetpack_memberships_contains_paid_content":false,"footnotes":"","jetpack_publicize_message":"","jetpack_publicize_feature_enabled":true,"jetpack_social_post_already_shared":false,"jetpack_social_options":{"image_generator_settings":{"template":"highway","default_image_id":0,"font":"","enabled":false},"version":2}},"categories":[18],"tags":[],"class_list":["post-38817","post","type-post","status-publish","format-standard","has-post-thumbnail","hentry","category-politica"],"aioseo_notices":[],"views":7,"jetpack_publicize_connections":[],"jetpack_featured_media_url":"https:\/\/i0.wp.com\/elterritorialweb.com.ar\/web\/wp-content\/uploads\/2022\/04\/programa-mirarnos.jpg?fit=960%2C639","jetpack_sharing_enabled":true,"_links":{"self":[{"href":"http:\/\/elterritorialweb.com.ar\/web\/wp-json\/wp\/v2\/posts\/38817","targetHints":{"allow":["GET"]}}],"collection":[{"href":"http:\/\/elterritorialweb.com.ar\/web\/wp-json\/wp\/v2\/posts"}],"about":[{"href":"http:\/\/elterritorialweb.com.ar\/web\/wp-json\/wp\/v2\/types\/post"}],"author":[{"embeddable":true,"href":"http:\/\/elterritorialweb.com.ar\/web\/wp-json\/wp\/v2\/users\/2"}],"replies":[{"embeddable":true,"href":"http:\/\/elterritorialweb.com.ar\/web\/wp-json\/wp\/v2\/comments?post=38817"}],"version-history":[{"count":1,"href":"http:\/\/elterritorialweb.com.ar\/web\/wp-json\/wp\/v2\/posts\/38817\/revisions"}],"predecessor-version":[{"id":38823,"href":"http:\/\/elterritorialweb.com.ar\/web\/wp-json\/wp\/v2\/posts\/38817\/revisions\/38823"}],"wp:featuredmedia":[{"embeddable":true,"href":"http:\/\/elterritorialweb.com.ar\/web\/wp-json\/wp\/v2\/media\/38818"}],"wp:attachment":[{"href":"http:\/\/elterritorialweb.com.ar\/web\/wp-json\/wp\/v2\/media?parent=38817"}],"wp:term":[{"taxonomy":"category","embeddable":true,"href":"http:\/\/elterritorialweb.com.ar\/web\/wp-json\/wp\/v2\/categories?post=38817"},{"taxonomy":"post_tag","embeddable":true,"href":"http:\/\/elterritorialweb.com.ar\/web\/wp-json\/wp\/v2\/tags?post=38817"}],"curies":[{"name":"wp","href":"https:\/\/api.w.org\/{rel}","templated":true}]}}