{"id":38824,"date":"2022-04-18T23:23:26","date_gmt":"2022-04-18T23:23:26","guid":{"rendered":"http:\/\/elterritorialweb.com.ar\/web\/?p=38824"},"modified":"2022-04-18T23:23:27","modified_gmt":"2022-04-18T23:23:27","slug":"en-italia-ricardo-sosa-gestiona-insertar-a-termas-en-paquetes-turisticos","status":"publish","type":"post","link":"http:\/\/elterritorialweb.com.ar\/web\/en-italia-ricardo-sosa-gestiona-insertar-a-termas-en-paquetes-turisticos\/","title":{"rendered":"EN ITALIA, RICARDO SOSA GESTIONA INSERTAR A TERMAS EN PAQUETES TUR\u00cdSTICOS"},"content":{"rendered":"\n<p>El encuentro se realiz\u00f3 en la Embajada Argentina en Italia en el marco de la presentaci\u00f3n de los nuevos vuelos que tendr\u00e1 de Aerol\u00edneas Argentinas entre Roma y Buenos Aires desde junio pr\u00f3ximo. La estrategia apunta a generar paquetes tur\u00edsticos del norte argentino que incluyan dos o tres noches en la ciudad termal.<br><br>Camponeschi tiene experiencia de trabajar en el Norte argentino desde el inicio del MotoGP en 2014, donde gestiona el alojamiento en cada edici\u00f3n para 300 extranjeros que viajan con los diferentes equipos deportivos en diferentes hoteles de Termas de R\u00edo Hondo.<br><br>Adem\u00e1s Tour Service es una de las principales operadoras de Italia y en el caso de Argentina sus productos m\u00e1s importantes son la Patagonia, Buenos Aires y Mendoza.<br><br>Sosa explic\u00f3 que la meta es que en un tiempo cercano Termas de R\u00edo Hondo integre estos paquetes tur\u00edsticos en Italia, de hecho Camponeschi trabaja con varios hoteles 3, 4 y 5 estrellas de la ciudad termal cada a\u00f1o con lo que se facilita la relaci\u00f3n, desde el Inprotur vamos a continuar colaborando y seguramente vamos a generar una convocatoria al sector privado para transmitir estas gestiones\u00bb.<br><br>El funcionario a\u00f1adi\u00f3 que\u00a0<em>\u00abel Gobernador, Gerardo Zamora, viene trabajando desde hace a\u00f1os en la promoci\u00f3n tur\u00edstica de la ciudad termal y nuestro compromiso es fortalecer esa labor en el exterior\u00bb<\/em>.<br><br>Destac\u00f3 que Termas de R\u00edo Hondo ser\u00e1 parte de estos paquetes que adem\u00e1s integrar\u00e1 al resto de las provincias del Norte Argentino en Italia,\u00a0<em>\u00abtanto Camponeschi como varios tour operadores de Roma y Mil\u00e1n nos manifestaron su intenci\u00f3n de comercializar el Norte, es m\u00e1s, en Mil\u00e1n uno de los empresarios nos coment\u00f3 que este a\u00f1o envi\u00f3 un contingente de italianos de esa zona al MotoGP\u00bb<\/em>.<br><br>Especific\u00f3 que\u00a0<em>\u00abestamos en un momento de reactivaci\u00f3n del turismo internacional y nuestra presencia en varios pa\u00edses es constante y en ese marco es donde adem\u00e1s se debe aprovechar para insertar estos nuevos productos para el turista extranjero\u00bb<\/em>.<\/p>\n","protected":false},"excerpt":{"rendered":"<p>Con el objetivo de insertar a Termas de R\u00edo Hondo en los cat\u00e1logos de venta de tour operadores internacionales, el Secretario Ejecutivo del Inprotur, Ricardo Sosa, se reuni\u00f3 en Roma (Italia) con el Director de Tour Service, Roberto Camponeschi, quien posee una de las empresas m\u00e1s importantes de tour operaci\u00f3n tur\u00edstica de ese pa\u00eds.<\/p>\n","protected":false},"author":2,"featured_media":38825,"comment_status":"open","ping_status":"open","sticky":false,"template":"","format":"standard","meta":{"om_disable_all_campaigns":false,"_monsterinsights_skip_tracking":false,"_monsterinsights_sitenote_active":false,"_monsterinsights_sitenote_note":"","_monsterinsights_sitenote_category":0,"_uf_show_specific_survey":0,"_uf_disable_surveys":false,"jetpack_post_was_ever_published":false,"_jetpack_newsletter_access":"","_jetpack_dont_email_post_to_subs":false,"_jetpack_newsletter_tier_id":0,"_jetpack_memberships_contains_paywalled_content":false,"_jetpack_memberships_contains_paid_content":false,"footnotes":"","jetpack_publicize_message":"","jetpack_publicize_feature_enabled":true,"jetpack_social_post_already_shared":false,"jetpack_social_options":{"image_generator_settings":{"template":"highway","default_image_id":0,"font":"","enabled":false},"version":2}},"categories":[29],"tags":[],"class_list":["post-38824","post","type-post","status-publish","format-standard","has-post-thumbnail","hentry","category-turismo"],"aioseo_notices":[],"views":7,"jetpack_publicize_connections":[],"jetpack_featured_media_url":"https:\/\/i0.wp.com\/elterritorialweb.com.ar\/web\/wp-content\/uploads\/2022\/04\/ROMA-TERMAS-2022.jpg?fit=2317%2C1421","jetpack_sharing_enabled":true,"_links":{"self":[{"href":"http:\/\/elterritorialweb.com.ar\/web\/wp-json\/wp\/v2\/posts\/38824","targetHints":{"allow":["GET"]}}],"collection":[{"href":"http:\/\/elterritorialweb.com.ar\/web\/wp-json\/wp\/v2\/posts"}],"about":[{"href":"http:\/\/elterritorialweb.com.ar\/web\/wp-json\/wp\/v2\/types\/post"}],"author":[{"embeddable":true,"href":"http:\/\/elterritorialweb.com.ar\/web\/wp-json\/wp\/v2\/users\/2"}],"replies":[{"embeddable":true,"href":"http:\/\/elterritorialweb.com.ar\/web\/wp-json\/wp\/v2\/comments?post=38824"}],"version-history":[{"count":1,"href":"http:\/\/elterritorialweb.com.ar\/web\/wp-json\/wp\/v2\/posts\/38824\/revisions"}],"predecessor-version":[{"id":38826,"href":"http:\/\/elterritorialweb.com.ar\/web\/wp-json\/wp\/v2\/posts\/38824\/revisions\/38826"}],"wp:featuredmedia":[{"embeddable":true,"href":"http:\/\/elterritorialweb.com.ar\/web\/wp-json\/wp\/v2\/media\/38825"}],"wp:attachment":[{"href":"http:\/\/elterritorialweb.com.ar\/web\/wp-json\/wp\/v2\/media?parent=38824"}],"wp:term":[{"taxonomy":"category","embeddable":true,"href":"http:\/\/elterritorialweb.com.ar\/web\/wp-json\/wp\/v2\/categories?post=38824"},{"taxonomy":"post_tag","embeddable":true,"href":"http:\/\/elterritorialweb.com.ar\/web\/wp-json\/wp\/v2\/tags?post=38824"}],"curies":[{"name":"wp","href":"https:\/\/api.w.org\/{rel}","templated":true}]}}