{"id":38828,"date":"2022-04-19T02:59:56","date_gmt":"2022-04-19T02:59:56","guid":{"rendered":"http:\/\/elterritorialweb.com.ar\/web\/?p=38828"},"modified":"2022-04-19T02:59:56","modified_gmt":"2022-04-19T02:59:56","slug":"nediani-participo-del-lanzamiento-de-importantes-programas-nacionales-desde-campo-gallo","status":"publish","type":"post","link":"http:\/\/elterritorialweb.com.ar\/web\/nediani-participo-del-lanzamiento-de-importantes-programas-nacionales-desde-campo-gallo\/","title":{"rendered":"NEDIANI PARTICIP\u00d3 DEL LANZAMIENTO DE IMPORTANTES PROGRAMAS NACIONALES DESDE CAMPO GALLO"},"content":{"rendered":"\n<p><br>En la oportunidad, el jefe comunal bande\u00f1o estuvo acompa\u00f1ado por el vicepresidente de Trenes Argentino, Pablo Mirolo; las diputadas Provinciales, Mariana Morales y Ver\u00f3nica Larcher quienes participaron del acto de lanzamiento que fue encabezado por los ministros de Salud, Carla Vizzotti; de Desarrollo Social, Juan Zabaleta y de Educaci\u00f3n de la Naci\u00f3n, Jaime Perczyk; adem\u00e1s de la presencia del gobernador Gerardo Zamora.<br>El programa \u201cMirarnos\u201d se pondr\u00e1 en marcha inmediatamente en toda la provincia hasta el 3 de mayo, en 32 localidades, con un operativo de controles de agudeza visual con el objetivo de alcanzar a 7.379 ni\u00f1os de nivel primario de escuelas rurales, con entrega de anteojos en el acto.<br>Para este fin, el Ministerio de Desarrollo Social conform\u00f3 una mesa de trabajo interministerial con participaci\u00f3n de los ministerios de Salud y Educaci\u00f3n, para coordinar y articular acciones que hagan viable el cronograma de trabajo junto con las autoridades provinciales.<br>En este sentido, el intendente Roger Nediani destac\u00f3: \u201cParticipamos orgullosamente de estos lanzamientos que fon impulsados desde el gobierno Nacional con el objetivo de fortalecer la integraci\u00f3n social de todos los sectores de la provincia. Actualmente comprar un par de lentes cuesta y mucho, por este motivo es importante que los ni\u00f1os necesitan de un Estado local presente, que brinde importancia a las cuestiones b\u00e1sicas de salud que se encuentran insatisfechas\u201d.<\/p>\n","protected":false},"excerpt":{"rendered":"<p>El intendente Roger Nediani particip\u00f3 del lanzamiento de los programas nacionales \u201cMirarnos\u201d y \u201cBanco de maquinarias, herramientas y materiales para la emergencia social\u201d desde la ciudad de Campo Gallo.<\/p>\n","protected":false},"author":2,"featured_media":38829,"comment_status":"open","ping_status":"open","sticky":false,"template":"","format":"standard","meta":{"om_disable_all_campaigns":false,"_monsterinsights_skip_tracking":false,"_monsterinsights_sitenote_active":false,"_monsterinsights_sitenote_note":"","_monsterinsights_sitenote_category":0,"_uf_show_specific_survey":0,"_uf_disable_surveys":false,"jetpack_post_was_ever_published":false,"_jetpack_newsletter_access":"","_jetpack_dont_email_post_to_subs":false,"_jetpack_newsletter_tier_id":0,"_jetpack_memberships_contains_paywalled_content":false,"_jetpack_memberships_contains_paid_content":false,"footnotes":"","jetpack_publicize_message":"","jetpack_publicize_feature_enabled":true,"jetpack_social_post_already_shared":false,"jetpack_social_options":{"image_generator_settings":{"template":"highway","default_image_id":0,"font":"","enabled":false},"version":2}},"categories":[21],"tags":[],"class_list":["post-38828","post","type-post","status-publish","format-standard","has-post-thumbnail","hentry","category-locales"],"aioseo_notices":[],"views":10,"jetpack_publicize_connections":[],"jetpack_featured_media_url":"https:\/\/i0.wp.com\/elterritorialweb.com.ar\/web\/wp-content\/uploads\/2022\/04\/WhatsApp-Image-2022-04-18-at-8.34.31-PM.jpeg?fit=1600%2C900","jetpack_sharing_enabled":true,"_links":{"self":[{"href":"http:\/\/elterritorialweb.com.ar\/web\/wp-json\/wp\/v2\/posts\/38828","targetHints":{"allow":["GET"]}}],"collection":[{"href":"http:\/\/elterritorialweb.com.ar\/web\/wp-json\/wp\/v2\/posts"}],"about":[{"href":"http:\/\/elterritorialweb.com.ar\/web\/wp-json\/wp\/v2\/types\/post"}],"author":[{"embeddable":true,"href":"http:\/\/elterritorialweb.com.ar\/web\/wp-json\/wp\/v2\/users\/2"}],"replies":[{"embeddable":true,"href":"http:\/\/elterritorialweb.com.ar\/web\/wp-json\/wp\/v2\/comments?post=38828"}],"version-history":[{"count":1,"href":"http:\/\/elterritorialweb.com.ar\/web\/wp-json\/wp\/v2\/posts\/38828\/revisions"}],"predecessor-version":[{"id":38830,"href":"http:\/\/elterritorialweb.com.ar\/web\/wp-json\/wp\/v2\/posts\/38828\/revisions\/38830"}],"wp:featuredmedia":[{"embeddable":true,"href":"http:\/\/elterritorialweb.com.ar\/web\/wp-json\/wp\/v2\/media\/38829"}],"wp:attachment":[{"href":"http:\/\/elterritorialweb.com.ar\/web\/wp-json\/wp\/v2\/media?parent=38828"}],"wp:term":[{"taxonomy":"category","embeddable":true,"href":"http:\/\/elterritorialweb.com.ar\/web\/wp-json\/wp\/v2\/categories?post=38828"},{"taxonomy":"post_tag","embeddable":true,"href":"http:\/\/elterritorialweb.com.ar\/web\/wp-json\/wp\/v2\/tags?post=38828"}],"curies":[{"name":"wp","href":"https:\/\/api.w.org\/{rel}","templated":true}]}}