{"id":38835,"date":"2022-04-19T03:36:54","date_gmt":"2022-04-19T03:36:54","guid":{"rendered":"http:\/\/elterritorialweb.com.ar\/web\/?p=38835"},"modified":"2022-04-19T03:36:55","modified_gmt":"2022-04-19T03:36:55","slug":"fernandez-america-latina-necesita-despegar-de-una-vez-por-todas","status":"publish","type":"post","link":"http:\/\/elterritorialweb.com.ar\/web\/fernandez-america-latina-necesita-despegar-de-una-vez-por-todas\/","title":{"rendered":"FERN\u00c1NDEZ: \u00abAM\u00c9RICA LATINA NECESITA DESPEGAR DE UNA VEZ POR TODAS\u00bb"},"content":{"rendered":"\n<p>\u201cComo presidente pro t\u00e9mpore de la CELAC, convoco a todos los pa\u00edses de Am\u00e9rica Latina y el Caribe a que repensemos la situaci\u00f3n de Venezuela, porque ha pasado un tiempo dif\u00edcil y creemos que es momento de ayudarla a que en el di\u00e1logo recupere plenamente su normal funcionamiento, y no lo vamos a lograr si la dejamos sola, sin embajadores y sin nuestra atenci\u00f3n\u201d, expres\u00f3 Fern\u00e1ndez al brindar una declaraci\u00f3n a la prensa junto a Lasso en el Sal\u00f3n Blanco de la Casa Rosada.<\/p>\n\n\n\n<p>El mandatario argentino postul\u00f3 que \u201cAm\u00e9rica Latina necesita despegar de una vez por todas\u201d y en ese sentido resalt\u00f3 la importancia de \u201crecrear la unidad plena para que nuestros pueblos vivan mejor\u201d. \u201cTambi\u00e9n con Arce y Boric tuve la oportunidad de hablar sobre la necesidad de aunar nuestros esfuerzos para que los acuerdos entre Am\u00e9rica Latina y el Caribe se profundicen cada vez m\u00e1s\u201d, a\u00f1adi\u00f3.<\/p>\n\n\n\n<p>\u201cCompartimos una mirada com\u00fan sobre lo que Am\u00e9rica Latina necesita\u201d, dijo y remarc\u00f3 la \u201cpreocupaci\u00f3n de luchar denodadamente para terminar con la pobreza, as\u00ed como el compromiso de fortalecer las democracias y la institucionalidad, tambi\u00e9n recurriendo y contando con una justicia verdaderamente republicana, independiente de todos los poderes f\u00e1cticos, y de convivir bajo los supremos ideales de la vigencia de los derechos humanos\u201d.<\/p>\n\n\n\n<figure class=\"wp-block-image size-large\"><a href=\"https:\/\/i0.wp.com\/elterritorialweb.com.ar\/web\/wp-content\/uploads\/2022\/04\/Lasso2.jpg\"><img data-recalc-dims=\"1\" decoding=\"async\" width=\"640\" height=\"426\" data-src=\"https:\/\/i0.wp.com\/elterritorialweb.com.ar\/web\/wp-content\/uploads\/2022\/04\/Lasso2.jpg?resize=640%2C426\" alt=\"\" class=\"wp-image-38837 lazyload\" data-srcset=\"https:\/\/i0.wp.com\/elterritorialweb.com.ar\/web\/wp-content\/uploads\/2022\/04\/Lasso2.jpg?resize=1024%2C682 1024w, https:\/\/i0.wp.com\/elterritorialweb.com.ar\/web\/wp-content\/uploads\/2022\/04\/Lasso2.jpg?resize=300%2C200 300w, https:\/\/i0.wp.com\/elterritorialweb.com.ar\/web\/wp-content\/uploads\/2022\/04\/Lasso2.jpg?resize=768%2C512 768w, https:\/\/i0.wp.com\/elterritorialweb.com.ar\/web\/wp-content\/uploads\/2022\/04\/Lasso2.jpg?resize=1536%2C1024 1536w, https:\/\/i0.wp.com\/elterritorialweb.com.ar\/web\/wp-content\/uploads\/2022\/04\/Lasso2.jpg?w=1940 1940w, https:\/\/i0.wp.com\/elterritorialweb.com.ar\/web\/wp-content\/uploads\/2022\/04\/Lasso2.jpg?w=1280 1280w\" data-sizes=\"(max-width: 640px) 100vw, 640px\" src=\"data:image\/svg+xml;base64,PHN2ZyB3aWR0aD0iMSIgaGVpZ2h0PSIxIiB4bWxucz0iaHR0cDovL3d3dy53My5vcmcvMjAwMC9zdmciPjwvc3ZnPg==\" style=\"--smush-placeholder-width: 640px; --smush-placeholder-aspect-ratio: 640\/426;\" \/><\/a><\/figure>\n\n\n\n<p>Por su parte, Lasso destac\u00f3 que \u201chemos coincidido en cuanto a que la CELAC puede servir de plataforma para reconstruir esa unidad de Am\u00e9rica Latina y el Caribe para que sepamos manejar nuestras diferencias en un ambiente de di\u00e1logo que propicie hacia la prosperidad de nuestros pueblos\u201d.<\/p>\n\n\n\n<p>Y agreg\u00f3: \u201cHemos hablado de democracia y de lo importante que es defender esos principios, aun cuando las consecuencias de esa defensa no nos sean convenientes, y creemos en la independencia de la Justicia tambi\u00e9n, as\u00ed como en los derechos humanos de toda la sociedad\u201d.<\/p>\n\n\n\n<p>Adem\u00e1s, Fern\u00e1ndez agradeci\u00f3 el apoyo del Gobierno del Ecuador a los derechos de soberan\u00eda de la Argentina en la Cuesti\u00f3n de las Islas Malvinas.<\/p>\n\n\n\n<p>Luego de mantener un encuentro privado, los Jefes de Estado rubricaron una Declaraci\u00f3n Presidencial Conjunta en la que destacaron el dinamismo del comercio bilateral en 2021 y las oportunidades que existen para su crecimiento y diversificaci\u00f3n.<\/p>\n\n\n\n<p>Y reconocieron asimismo la importancia de la Comunidad de Estados Latinoamericanos y Caribe\u00f1os (CELAC) para abordar una agenda enfocada en la cooperaci\u00f3n y en la recuperaci\u00f3n econ\u00f3mica y social post pandemia.<\/p>\n\n\n\n<p>Durante la actividad, el ministro de Relaciones Exteriores, Comercio Internacional y Culto, Santiago Cafiero, y su par de Relaciones Exteriores y Movilidad Humana, Juan Carlos Holgu\u00edn, firmaron un Memorando de Entendimiento de Cooperaci\u00f3n en Asuntos Consulares que posibilitar\u00e1 mantener un intercambio fluido y permanente de informaci\u00f3n en pol\u00edticas y normativas migratorias de ambos pa\u00edses.<\/p>\n\n\n\n<p>Tambi\u00e9n participaron, por la Argentina, los ministros de Desarrollo Productivo, Mat\u00edas Kulfas, y de Agricultura, Ganader\u00eda y Pesca, Juli\u00e1n Dom\u00ednguez; la secretaria de Relaciones Econ\u00f3micas Internacionales, Cecilia Todesca Bocco; el presidente del Ente Nacional de Comunicaciones (ENACOM), Claudio Ambrosini, y el embajador ante Ecuador, Gabriel Fuks.<\/p>\n\n\n\n<figure class=\"wp-block-image size-large\"><a href=\"https:\/\/i0.wp.com\/elterritorialweb.com.ar\/web\/wp-content\/uploads\/2022\/04\/Lasso3.jpg\"><img data-recalc-dims=\"1\" decoding=\"async\" width=\"640\" height=\"426\" data-src=\"https:\/\/i0.wp.com\/elterritorialweb.com.ar\/web\/wp-content\/uploads\/2022\/04\/Lasso3.jpg?resize=640%2C426\" alt=\"\" class=\"wp-image-38838 lazyload\" data-srcset=\"https:\/\/i0.wp.com\/elterritorialweb.com.ar\/web\/wp-content\/uploads\/2022\/04\/Lasso3.jpg?resize=1024%2C682 1024w, https:\/\/i0.wp.com\/elterritorialweb.com.ar\/web\/wp-content\/uploads\/2022\/04\/Lasso3.jpg?resize=300%2C200 300w, https:\/\/i0.wp.com\/elterritorialweb.com.ar\/web\/wp-content\/uploads\/2022\/04\/Lasso3.jpg?resize=768%2C512 768w, https:\/\/i0.wp.com\/elterritorialweb.com.ar\/web\/wp-content\/uploads\/2022\/04\/Lasso3.jpg?resize=1536%2C1024 1536w, https:\/\/i0.wp.com\/elterritorialweb.com.ar\/web\/wp-content\/uploads\/2022\/04\/Lasso3.jpg?w=1940 1940w, https:\/\/i0.wp.com\/elterritorialweb.com.ar\/web\/wp-content\/uploads\/2022\/04\/Lasso3.jpg?w=1280 1280w\" data-sizes=\"(max-width: 640px) 100vw, 640px\" src=\"data:image\/svg+xml;base64,PHN2ZyB3aWR0aD0iMSIgaGVpZ2h0PSIxIiB4bWxucz0iaHR0cDovL3d3dy53My5vcmcvMjAwMC9zdmciPjwvc3ZnPg==\" style=\"--smush-placeholder-width: 640px; --smush-placeholder-aspect-ratio: 640\/426;\" \/><\/a><\/figure>\n\n\n\n<p>Adem\u00e1s del canciller Holgu\u00edn, integraron la comitiva ecuatoriana el ministro de Producci\u00f3n, Comercio Exterior, Inversiones y Pesca, Julio Jos\u00e9 Prado Lucio-Paredes; la ministra de Telecomunicaciones y Sociedad de la Informaci\u00f3n, Vianna Maino, y el embajador de Ecuador en Argentina, Xavier Monge Yoder.<\/p>\n\n\n\n<p>Luego de la firma de los convenios y la declaraci\u00f3n a los medios, el mandatario argentino ofreci\u00f3 un almuerzo en honor al presidente de Ecuador y su comitiva en el Sal\u00f3n Eva Per\u00f3n de la Casa de Gobierno.<\/p>\n","protected":false},"excerpt":{"rendered":"<p>\u201cPensamos que ha llegado el momento de hablar de Venezuela, y como primer paso la Argentina quiere volver a recuperar su v\u00ednculo diplom\u00e1tico pleno\u201d con ese pa\u00eds, afirm\u00f3 este mediod\u00eda el presidente Alberto Fern\u00e1ndez y convoc\u00f3, junto a su par de la Rep\u00fablica del Ecuador, Guillermo Lasso, a \u201cempezar hoy un programa de fraternidad en Am\u00e9rica Latina y el Caribe que nos permita volver a lograr los v\u00ednculos plenos que se fueron quebrando y que hoy definitivamente necesitamos volver a recuperar\u201d.<\/p>\n","protected":false},"author":2,"featured_media":38836,"comment_status":"open","ping_status":"open","sticky":false,"template":"","format":"standard","meta":{"om_disable_all_campaigns":false,"_monsterinsights_skip_tracking":false,"_monsterinsights_sitenote_active":false,"_monsterinsights_sitenote_note":"","_monsterinsights_sitenote_category":0,"_uf_show_specific_survey":0,"_uf_disable_surveys":false,"jetpack_post_was_ever_published":false,"_jetpack_newsletter_access":"","_jetpack_dont_email_post_to_subs":false,"_jetpack_newsletter_tier_id":0,"_jetpack_memberships_contains_paywalled_content":false,"_jetpack_memberships_contains_paid_content":false,"footnotes":"","jetpack_publicize_message":"","jetpack_publicize_feature_enabled":true,"jetpack_social_post_already_shared":false,"jetpack_social_options":{"image_generator_settings":{"template":"highway","default_image_id":0,"font":"","enabled":false},"version":2}},"categories":[18],"tags":[],"class_list":["post-38835","post","type-post","status-publish","format-standard","has-post-thumbnail","hentry","category-politica"],"aioseo_notices":[],"views":6,"jetpack_publicize_connections":[],"jetpack_featured_media_url":"https:\/\/i0.wp.com\/elterritorialweb.com.ar\/web\/wp-content\/uploads\/2022\/04\/Lasso.jpg?fit=1940%2C1294","jetpack_sharing_enabled":true,"_links":{"self":[{"href":"http:\/\/elterritorialweb.com.ar\/web\/wp-json\/wp\/v2\/posts\/38835","targetHints":{"allow":["GET"]}}],"collection":[{"href":"http:\/\/elterritorialweb.com.ar\/web\/wp-json\/wp\/v2\/posts"}],"about":[{"href":"http:\/\/elterritorialweb.com.ar\/web\/wp-json\/wp\/v2\/types\/post"}],"author":[{"embeddable":true,"href":"http:\/\/elterritorialweb.com.ar\/web\/wp-json\/wp\/v2\/users\/2"}],"replies":[{"embeddable":true,"href":"http:\/\/elterritorialweb.com.ar\/web\/wp-json\/wp\/v2\/comments?post=38835"}],"version-history":[{"count":1,"href":"http:\/\/elterritorialweb.com.ar\/web\/wp-json\/wp\/v2\/posts\/38835\/revisions"}],"predecessor-version":[{"id":38839,"href":"http:\/\/elterritorialweb.com.ar\/web\/wp-json\/wp\/v2\/posts\/38835\/revisions\/38839"}],"wp:featuredmedia":[{"embeddable":true,"href":"http:\/\/elterritorialweb.com.ar\/web\/wp-json\/wp\/v2\/media\/38836"}],"wp:attachment":[{"href":"http:\/\/elterritorialweb.com.ar\/web\/wp-json\/wp\/v2\/media?parent=38835"}],"wp:term":[{"taxonomy":"category","embeddable":true,"href":"http:\/\/elterritorialweb.com.ar\/web\/wp-json\/wp\/v2\/categories?post=38835"},{"taxonomy":"post_tag","embeddable":true,"href":"http:\/\/elterritorialweb.com.ar\/web\/wp-json\/wp\/v2\/tags?post=38835"}],"curies":[{"name":"wp","href":"https:\/\/api.w.org\/{rel}","templated":true}]}}