{"id":38840,"date":"2022-04-19T03:47:11","date_gmt":"2022-04-19T03:47:11","guid":{"rendered":"http:\/\/elterritorialweb.com.ar\/web\/?p=38840"},"modified":"2022-04-19T12:55:52","modified_gmt":"2022-04-19T12:55:52","slug":"%ef%bf%bc%ef%bf%bcel-gobierno-otorgara-un-refuerzo-de-18-000-a-trabajadores-informales-de-casa-particulares-monotributistas-jubilados-y-pensionados%ef%bf%bc","status":"publish","type":"post","link":"http:\/\/elterritorialweb.com.ar\/web\/%ef%bf%bc%ef%bf%bcel-gobierno-otorgara-un-refuerzo-de-18-000-a-trabajadores-informales-de-casa-particulares-monotributistas-jubilados-y-pensionados%ef%bf%bc\/","title":{"rendered":"REFUERZO DE $18.000 A TRABAJADORES INFORMALES Y MONOTRIBUTISTAS, Y $ 12.000 A JUBILADOS Y PENSIONADOS"},"content":{"rendered":"\n<p>\u00abEstas medidas son muy necesarias por el impacto de la inflaci\u00f3n en el primer trimestre. Debemos garantizar que no recaiga en el bolsillo de los argentinos y fundamentalmente de los sectores m\u00e1s vulnerables, que se mueven en el marco de la informalidad\u00bb, enunci\u00f3 el mandatario nacional, acompa\u00f1ado por parte de su Gabinete; el presidente de la C\u00e1mara de Diputados, Sergio Massa y los gobernadores Axel Kicillof, de la provincia de Buenos Aires; Jorge Capitanich, de Chaco y Gustavo Melella de Tierra del Fuego.<\/p>\n\n\n\n<p>En este sentido, el Presidente agreg\u00f3: \u201cLo \u00fanico que estoy haciendo es cumpliendo con mi palabra: lo hicimos con los jubilados, lo hicimos con la Tarjeta Alimentar y ahora lo estamos haciendo con los trabajadores de la econom\u00eda popular, a los que debemos potenciar\u201d.<\/p>\n\n\n\n<p>Se trata de un refuerzo de $18.000 pesos, por \u00fanica vez, para trabajadores sin ingresos formales, trabajadoras de casas particulares y monotributistas de las categor\u00edas A y B en dos cuotas a acreditarse en los meses de mayo y junio.<\/p>\n\n\n\n<figure class=\"wp-block-image size-large\"><a href=\"https:\/\/i0.wp.com\/elterritorialweb.com.ar\/web\/wp-content\/uploads\/2022\/04\/anuncio3.jpg\"><img data-recalc-dims=\"1\" decoding=\"async\" width=\"640\" height=\"426\" data-src=\"https:\/\/i0.wp.com\/elterritorialweb.com.ar\/web\/wp-content\/uploads\/2022\/04\/anuncio3.jpg?resize=640%2C426\" alt=\"\" class=\"wp-image-38842 lazyload\" data-srcset=\"https:\/\/i0.wp.com\/elterritorialweb.com.ar\/web\/wp-content\/uploads\/2022\/04\/anuncio3.jpg?resize=1024%2C682 1024w, https:\/\/i0.wp.com\/elterritorialweb.com.ar\/web\/wp-content\/uploads\/2022\/04\/anuncio3.jpg?resize=300%2C200 300w, https:\/\/i0.wp.com\/elterritorialweb.com.ar\/web\/wp-content\/uploads\/2022\/04\/anuncio3.jpg?resize=768%2C512 768w, https:\/\/i0.wp.com\/elterritorialweb.com.ar\/web\/wp-content\/uploads\/2022\/04\/anuncio3.jpg?resize=1536%2C1024 1536w, https:\/\/i0.wp.com\/elterritorialweb.com.ar\/web\/wp-content\/uploads\/2022\/04\/anuncio3.jpg?w=1940 1940w, https:\/\/i0.wp.com\/elterritorialweb.com.ar\/web\/wp-content\/uploads\/2022\/04\/anuncio3.jpg?w=1280 1280w\" data-sizes=\"(max-width: 640px) 100vw, 640px\" src=\"data:image\/svg+xml;base64,PHN2ZyB3aWR0aD0iMSIgaGVpZ2h0PSIxIiB4bWxucz0iaHR0cDovL3d3dy53My5vcmcvMjAwMC9zdmciPjwvc3ZnPg==\" style=\"--smush-placeholder-width: 640px; --smush-placeholder-aspect-ratio: 640\/426;\" \/><\/a><\/figure>\n\n\n\n<p>En el caso de los jubilados, jubiladas y pensionados lo cobrar\u00e1n en una cuota de $12.000, que se suma al bono anterior de $6.000, totalizando $18.000.<\/p>\n\n\n\n<p>Por su parte, el ministro de Econom\u00eda, Martin Guzm\u00e1n consider\u00f3 que \u201cen las circunstancias que se est\u00e1n viviendo es necesario, en primer lugar, reforzar la pol\u00edtica de ingresos y, en segundo lugar, trabajar de forma colectiva para dise\u00f1ar un mecanismo que logre evitar que el shock que est\u00e1 viviendo el mundo, y la Argentina no es la excepci\u00f3n, tenga efectos desigualadores\u00bb.<\/p>\n\n\n\n<p>En este marco, asegur\u00f3 que \u201cla pol\u00edtica econ\u00f3mica que se ha ejecutado ha estado alineada con lo que se hab\u00eda planeado, lo cual es muy importante para la estabilidad y para garantizar una continuaci\u00f3n de la recuperaci\u00f3n\u00bb.<\/p>\n\n\n\n<p>En cuanto al financiamiento del refuerzo econ\u00f3mico, Guzm\u00e1n explic\u00f3 que en las pr\u00f3ximas semanas convocar\u00e1n \u201ca las fuerzas productivas, laborales y pol\u00edticas para elaborar un mecanismo que permita poder capturar parte de la renta inesperada, que es producto del shock que produce la guerra\u201d.<\/p>\n\n\n\n<p>En este punto, remarc\u00f3 que propondr\u00e1n \u201cuna al\u00edcuota que se enfocar\u00e1 sobre el universo de grandes empresas que tengan ganancias superiores a los mil millones de pesos\u201d. \u201cEl margen de ganancia tambi\u00e9n tiene que ser anormalmente alto en 2022 y se establecer\u00e1 un criterio que, si la renta extraordinaria se canaliza hacia la inversi\u00f3n, la contribuci\u00f3n ser\u00e1 menor\u201d, describi\u00f3.<\/p>\n\n\n\n<figure class=\"wp-block-image size-large\"><a href=\"https:\/\/i0.wp.com\/elterritorialweb.com.ar\/web\/wp-content\/uploads\/2022\/04\/anuncio4.jpg\"><img data-recalc-dims=\"1\" decoding=\"async\" width=\"640\" height=\"426\" data-src=\"https:\/\/i0.wp.com\/elterritorialweb.com.ar\/web\/wp-content\/uploads\/2022\/04\/anuncio4.jpg?resize=640%2C426\" alt=\"\" class=\"wp-image-38843 lazyload\" data-srcset=\"https:\/\/i0.wp.com\/elterritorialweb.com.ar\/web\/wp-content\/uploads\/2022\/04\/anuncio4.jpg?resize=1024%2C682 1024w, https:\/\/i0.wp.com\/elterritorialweb.com.ar\/web\/wp-content\/uploads\/2022\/04\/anuncio4.jpg?resize=300%2C200 300w, https:\/\/i0.wp.com\/elterritorialweb.com.ar\/web\/wp-content\/uploads\/2022\/04\/anuncio4.jpg?resize=768%2C512 768w, https:\/\/i0.wp.com\/elterritorialweb.com.ar\/web\/wp-content\/uploads\/2022\/04\/anuncio4.jpg?resize=1536%2C1024 1536w, https:\/\/i0.wp.com\/elterritorialweb.com.ar\/web\/wp-content\/uploads\/2022\/04\/anuncio4.jpg?w=1940 1940w, https:\/\/i0.wp.com\/elterritorialweb.com.ar\/web\/wp-content\/uploads\/2022\/04\/anuncio4.jpg?w=1280 1280w\" data-sizes=\"(max-width: 640px) 100vw, 640px\" src=\"data:image\/svg+xml;base64,PHN2ZyB3aWR0aD0iMSIgaGVpZ2h0PSIxIiB4bWxucz0iaHR0cDovL3d3dy53My5vcmcvMjAwMC9zdmciPjwvc3ZnPg==\" style=\"--smush-placeholder-width: 640px; --smush-placeholder-aspect-ratio: 640\/426;\" \/><\/a><\/figure>\n\n\n\n<p>Esta medida de ingresos se suma a las pol\u00edticas implementadas anteriormente de aumento del 50% de la Tarjeta Alimentar, aumento de las asignaciones, adelanto de paritarias y bono de $6.000 para jubilados, jubiladas y pensionados en el mes de abril.<\/p>\n\n\n\n<p>Con el problema de la inflaci\u00f3n como principal ocupaci\u00f3n de la pol\u00edtica econ\u00f3mica, el Gobierno busca asegurar que haya una recuperaci\u00f3n de los ingresos reales de los trabajadores.<\/p>\n\n\n\n<p>Adem\u00e1s, estuvieron presentes el titular del bloque del Frente de Todos, Germ\u00e1n Mart\u00ednez y la diputada nacional, Victoria Tolosa Paz. En representaci\u00f3n de los gremios, estuvo presente Pablo Moyano, miembro del triunvirato de la CGT, y, por el lado de los empresarios, concurri\u00f3 Daniel Funes de Rioja, presidente de la UIA.<\/p>\n\n\n\n<p><strong>REFUERZO PARA MEJORAR LOS INGRESOS<\/strong><\/p>\n\n\n\n<p>1&#xfe0f;- TRABAJADORES SIN INGRESOS FORMALES<\/p>\n\n\n\n<p>&#8211; $ 18.000 en dos cuotas de $9.000 cada una<\/p>\n\n\n\n<p>&#8211; Alcanza a trabajadores de entre 18 y 65 a\u00f1os sin ingresos formales.<\/p>\n\n\n\n<p>2- JUBILADOS Y PENSIONADOS<\/p>\n\n\n\n<p>&#8211; $12.000 en 1 cuota<\/p>\n\n\n\n<p>&#8211; Para quienes perciben hasta 2 jubilaciones m\u00ednimas<\/p>\n\n\n\n<p>&#8211; Complementa el bono anterior otorgado de $6.000 y de esta manera se equipara con el bono que se otorga a las y los trabajadores de $18.000<\/p>\n\n\n\n<p>3&#xfe0f;- MONOTRIBUTISTAS<\/p>\n\n\n\n<p>&#8211; Alcanza a los y las trabajadores de las categor\u00edas A y B del Monotributo<\/p>\n\n\n\n<p>4&#xfe0f;- TRABAJADORAS DE CASAS PARTICULARES<\/p>\n\n\n\n<p>&#8211; $18.000 en dos cuotas de $9.000<\/p>\n\n\n\n<p>&#8211; Registradas o no registradas<\/p>\n","protected":false},"excerpt":{"rendered":"<p>El presidente de la Naci\u00f3n, Alberto Fern\u00e1ndez, junto al ministro de Econom\u00eda, Mart\u00edn Guzm\u00e1n, anunciaron hoy un refuerzo de ingresos para los trabajadores y trabajadoras informales y de casas particulares, monotributistas, jubilados y pensionados, en el Sal\u00f3n Blanco de la Casa Rosada.<\/p>\n","protected":false},"author":2,"featured_media":38841,"comment_status":"open","ping_status":"open","sticky":false,"template":"","format":"standard","meta":{"om_disable_all_campaigns":false,"_monsterinsights_skip_tracking":false,"_monsterinsights_sitenote_active":false,"_monsterinsights_sitenote_note":"","_monsterinsights_sitenote_category":0,"_uf_show_specific_survey":0,"_uf_disable_surveys":false,"jetpack_post_was_ever_published":false,"_jetpack_newsletter_access":"","_jetpack_dont_email_post_to_subs":false,"_jetpack_newsletter_tier_id":0,"_jetpack_memberships_contains_paywalled_content":false,"_jetpack_memberships_contains_paid_content":false,"footnotes":"","jetpack_publicize_message":"","jetpack_publicize_feature_enabled":true,"jetpack_social_post_already_shared":false,"jetpack_social_options":{"image_generator_settings":{"template":"highway","default_image_id":0,"font":"","enabled":false},"version":2}},"categories":[4,2],"tags":[],"class_list":["post-38840","post","type-post","status-publish","format-standard","has-post-thumbnail","hentry","category-destacadas","category-economia"],"aioseo_notices":[],"views":11,"jetpack_publicize_connections":[],"jetpack_featured_media_url":"https:\/\/i0.wp.com\/elterritorialweb.com.ar\/web\/wp-content\/uploads\/2022\/04\/anuncio2.jpg?fit=1940%2C1293","jetpack_sharing_enabled":true,"_links":{"self":[{"href":"http:\/\/elterritorialweb.com.ar\/web\/wp-json\/wp\/v2\/posts\/38840","targetHints":{"allow":["GET"]}}],"collection":[{"href":"http:\/\/elterritorialweb.com.ar\/web\/wp-json\/wp\/v2\/posts"}],"about":[{"href":"http:\/\/elterritorialweb.com.ar\/web\/wp-json\/wp\/v2\/types\/post"}],"author":[{"embeddable":true,"href":"http:\/\/elterritorialweb.com.ar\/web\/wp-json\/wp\/v2\/users\/2"}],"replies":[{"embeddable":true,"href":"http:\/\/elterritorialweb.com.ar\/web\/wp-json\/wp\/v2\/comments?post=38840"}],"version-history":[{"count":6,"href":"http:\/\/elterritorialweb.com.ar\/web\/wp-json\/wp\/v2\/posts\/38840\/revisions"}],"predecessor-version":[{"id":38851,"href":"http:\/\/elterritorialweb.com.ar\/web\/wp-json\/wp\/v2\/posts\/38840\/revisions\/38851"}],"wp:featuredmedia":[{"embeddable":true,"href":"http:\/\/elterritorialweb.com.ar\/web\/wp-json\/wp\/v2\/media\/38841"}],"wp:attachment":[{"href":"http:\/\/elterritorialweb.com.ar\/web\/wp-json\/wp\/v2\/media?parent=38840"}],"wp:term":[{"taxonomy":"category","embeddable":true,"href":"http:\/\/elterritorialweb.com.ar\/web\/wp-json\/wp\/v2\/categories?post=38840"},{"taxonomy":"post_tag","embeddable":true,"href":"http:\/\/elterritorialweb.com.ar\/web\/wp-json\/wp\/v2\/tags?post=38840"}],"curies":[{"name":"wp","href":"https:\/\/api.w.org\/{rel}","templated":true}]}}