{"id":38852,"date":"2022-04-19T13:22:15","date_gmt":"2022-04-19T13:22:15","guid":{"rendered":"http:\/\/elterritorialweb.com.ar\/web\/?p=38852"},"modified":"2022-04-19T13:25:35","modified_gmt":"2022-04-19T13:25:35","slug":"fernandez-sobre-el-anuncio-hay-una-urgencia-en-los-sectores-mas-postergados-de-la-sociedad","status":"publish","type":"post","link":"http:\/\/elterritorialweb.com.ar\/web\/fernandez-sobre-el-anuncio-hay-una-urgencia-en-los-sectores-mas-postergados-de-la-sociedad\/","title":{"rendered":"FERN\u00c1NDEZ SOBRE EL ANUNCIO: \u00abHAY UNA URGENCIA EN LOS SECTORES M\u00c1S POSTERGADOS DE LA SOCIEDAD\u00bb"},"content":{"rendered":"\n<p>El Gobierno nacional anunci\u00f3 este lunes&nbsp;la entrega de un bono de $18.000 para trabajadores sin ingresos formales, de casas particulares y monotributistas y otra ayuda de $12.000 para jubilados y pensionados, para compensar el impacto de la inflaci\u00f3n sobre esos sectores vulnerables de la poblaci\u00f3n.<\/p>\n\n\n\n<p>Tambi\u00e9n anticip\u00f3 para las pr\u00f3ximas semanas&nbsp;la puesta en marcha de una convocatoria para discutir un mecanismo de captura de parte de la renta inesperada de las grandes empresas generada a ra\u00edz del conflicto b\u00e9lico entre Rusia y Ucrania.<\/p>\n\n\n\n<p>Los anuncios fueron realizados durante un acto celebrado esta tarde en el Sal\u00f3n Blanco de Casa de Gobierno, encabezado por el presidente Alberto Fern\u00e1ndez y el ministro de Econom\u00eda, Mart\u00edn Guzm\u00e1n.<\/p>\n\n\n\n<p>El Gobierno nacional busca<strong>&nbsp;\u00abgarantizar que el impacto de la inflaci\u00f3n no recaiga en el bolsillo de los argentinos y fundamentalmente en los sectores m\u00e1s vulnerables\u00bb<\/strong>, dijo el Presidente al anunciar un conjunto de medidas para fortalecer los ingresos.<\/p>\n\n\n\n<p><strong>\u00abHay una urgencia en los sectores m\u00e1s postergados de la sociedad\u00bb<\/strong>, sostuvo Fern\u00e1ndez, tras lo cual asegur\u00f3 que esto no significa desentenderse de los trabajadores formales, que est\u00e1n en una etapa de reapertura de discusiones paritarias.<\/p>\n\n\n\n<p>Sobre el proyecto que enviar\u00e1n al Congreso, el jefe del Estado pidi\u00f3 a los sectores&nbsp;<strong>\u00abque han tenido una ganancia extraordinaria que contribuyan, que colaboren con su aporte para ayudar a los que han quedado m\u00e1s postergados<\/strong>\u00ab.<\/p>\n\n\n\n<p><strong>\u201cQueremos pedirle a los que han tenido una ganancia extraordinaria que contribuyan a generar m\u00e1s equidad en el desarrollo argentino\u201d<\/strong>, sostuvo Fern\u00e1ndez.<\/p>\n\n\n\n<p>El ministro Guzm\u00e1n, por su parte, dijo que se convocar\u00e1 \u201ca distintos sectores de la sociedad para crear un mecanismo\u201d que gravar\u00e1 la \u00abrenta inesperada producto de la guerra\u00bb.<\/p>\n\n\n\n<p>Esto\u00a0<strong>se enfocar\u00e1 en un conjunto de empresas con ganancias netas imponibles altas superiores a los 1.000 millones de pesos, que en 2021 fue de solo el 3,2% de las grandes compa\u00f1\u00edas.<\/strong><\/p>\n\n\n\n<figure class=\"wp-block-image size-large\"><a href=\"https:\/\/i0.wp.com\/elterritorialweb.com.ar\/web\/wp-content\/uploads\/2022\/04\/Screenshot_20220419-1017102.png\"><img data-recalc-dims=\"1\" decoding=\"async\" width=\"640\" height=\"253\" data-src=\"https:\/\/i0.wp.com\/elterritorialweb.com.ar\/web\/wp-content\/uploads\/2022\/04\/Screenshot_20220419-1017102.png?resize=640%2C253\" alt=\"\" class=\"wp-image-38857 lazyload\" data-srcset=\"https:\/\/i0.wp.com\/elterritorialweb.com.ar\/web\/wp-content\/uploads\/2022\/04\/Screenshot_20220419-1017102.png?resize=1024%2C405 1024w, https:\/\/i0.wp.com\/elterritorialweb.com.ar\/web\/wp-content\/uploads\/2022\/04\/Screenshot_20220419-1017102.png?resize=300%2C119 300w, https:\/\/i0.wp.com\/elterritorialweb.com.ar\/web\/wp-content\/uploads\/2022\/04\/Screenshot_20220419-1017102.png?resize=768%2C304 768w, https:\/\/i0.wp.com\/elterritorialweb.com.ar\/web\/wp-content\/uploads\/2022\/04\/Screenshot_20220419-1017102.png?w=1200 1200w\" data-sizes=\"(max-width: 640px) 100vw, 640px\" src=\"data:image\/svg+xml;base64,PHN2ZyB3aWR0aD0iMSIgaGVpZ2h0PSIxIiB4bWxucz0iaHR0cDovL3d3dy53My5vcmcvMjAwMC9zdmciPjwvc3ZnPg==\" style=\"--smush-placeholder-width: 640px; --smush-placeholder-aspect-ratio: 640\/253;\" \/><\/a><\/figure>\n\n\n\n<p>Guzm\u00e1n afirm\u00f3 que el Gobierno nacional tiene como \u00abobjetivo central garantizar el crecimiento del poder adquisitivo de los ingresos en todo el espectro laboral y productivo\u00bb al anunciar un conjunto de medidas econ\u00f3micas junto al presidente Alberto Fern\u00e1ndez.<\/p>\n\n\n\n<p>\u00abEs necesario en primer lugar reforzar la pol\u00edtica de ingresos y en segundo lugar trabajar en forma colectiva para dise\u00f1ar mecanismos que logren evitar que este shock que vive el mudo y la Argentina tengan consecuencias desigualadoras y regresivas\u00bb, afirm\u00f3 el ministro tras asegurar que \u00abeste a\u00f1o la econom\u00eda contin\u00faa recuper\u00e1ndose\u00bb.<\/p>\n\n\n\n<p>En lo que respecta a las ayudas, el ministro&nbsp;<strong>detall\u00f3 que el bono de $ 18.000 se dar\u00e1 en dos cuotas, en mayo y junio, mientras que la ayuda de $ 12.000 para los jubilados y pensionados ser\u00e1 en una \u00fanica cuota en mayo, que se sumar\u00e1 al bono de $ 6.000 que se est\u00e1 pagando a los que perciben hasta un haber m\u00ednimo ($32.630)<\/strong>.<\/p>\n\n\n\n<p>De esta forma, se pagar\u00e1n dos bonos de 9.000 pesos en mayo y junio a trabajadores sin ingresos formales, trabajadoras de casas particulares y monotributistas de las categor\u00edas A y B .<\/p>\n\n\n\n<p>Seg\u00fan explic\u00f3 el ministro,&nbsp;<strong>el refuerzo de ingresos para los trabajadores de entre 18 y 65 a\u00f1os ser\u00e1 para \u00abaquellos que requieren de la protecci\u00f3n del Estado\u00bb<\/strong>, por lo que \u00abhabr\u00e1 criterios en t\u00e9rminos del patrimonio que terminar\u00e1 de definir el conjunto de la poblaci\u00f3n que se beneficie de este tipo de ingresos\u00bb.<\/p>\n\n\n\n<p>En el caso del bono de $12.000 para jubilados y pensionados, el pago se har\u00e1 en una \u00fanica cuota para aquellos que reciban un haber de hasta $ 65.260 que, sumado al bono que est\u00e1n percibiendo los jubilados de la m\u00ednima, totalizar\u00e1 tambi\u00e9n $18.000.<\/p>\n\n\n\n<p>Esta medida de ingresos se suma a las pol\u00edticas implementadas anteriormente de aumento del 50% de la Tarjeta Alimentar, incremento de las asignaciones y adelanto del paritarias.<\/p>\n","protected":false},"excerpt":{"rendered":"<p>El mandatario Alberto Fern\u00e1ndez, junto al ministro de Econom\u00eda Mart\u00edn Guzm\u00e1n, dieron a conocer medidas para mejorar el poder adquisitivo de los salarios frente a la suba de precios.<\/p>\n","protected":false},"author":2,"featured_media":38854,"comment_status":"open","ping_status":"open","sticky":false,"template":"","format":"standard","meta":{"om_disable_all_campaigns":false,"_monsterinsights_skip_tracking":false,"_monsterinsights_sitenote_active":false,"_monsterinsights_sitenote_note":"","_monsterinsights_sitenote_category":0,"_uf_show_specific_survey":0,"_uf_disable_surveys":false,"jetpack_post_was_ever_published":false,"_jetpack_newsletter_access":"","_jetpack_dont_email_post_to_subs":false,"_jetpack_newsletter_tier_id":0,"_jetpack_memberships_contains_paywalled_content":false,"_jetpack_memberships_contains_paid_content":false,"footnotes":"","jetpack_publicize_message":"","jetpack_publicize_feature_enabled":true,"jetpack_social_post_already_shared":false,"jetpack_social_options":{"image_generator_settings":{"template":"highway","default_image_id":0,"font":"","enabled":false},"version":2}},"categories":[18],"tags":[],"class_list":["post-38852","post","type-post","status-publish","format-standard","has-post-thumbnail","hentry","category-politica"],"aioseo_notices":[],"views":9,"jetpack_publicize_connections":[],"jetpack_featured_media_url":"https:\/\/i0.wp.com\/elterritorialweb.com.ar\/web\/wp-content\/uploads\/2022\/04\/Screenshot_20220419-1016372.png?fit=1174%2C506","jetpack_sharing_enabled":true,"_links":{"self":[{"href":"http:\/\/elterritorialweb.com.ar\/web\/wp-json\/wp\/v2\/posts\/38852","targetHints":{"allow":["GET"]}}],"collection":[{"href":"http:\/\/elterritorialweb.com.ar\/web\/wp-json\/wp\/v2\/posts"}],"about":[{"href":"http:\/\/elterritorialweb.com.ar\/web\/wp-json\/wp\/v2\/types\/post"}],"author":[{"embeddable":true,"href":"http:\/\/elterritorialweb.com.ar\/web\/wp-json\/wp\/v2\/users\/2"}],"replies":[{"embeddable":true,"href":"http:\/\/elterritorialweb.com.ar\/web\/wp-json\/wp\/v2\/comments?post=38852"}],"version-history":[{"count":2,"href":"http:\/\/elterritorialweb.com.ar\/web\/wp-json\/wp\/v2\/posts\/38852\/revisions"}],"predecessor-version":[{"id":38858,"href":"http:\/\/elterritorialweb.com.ar\/web\/wp-json\/wp\/v2\/posts\/38852\/revisions\/38858"}],"wp:featuredmedia":[{"embeddable":true,"href":"http:\/\/elterritorialweb.com.ar\/web\/wp-json\/wp\/v2\/media\/38854"}],"wp:attachment":[{"href":"http:\/\/elterritorialweb.com.ar\/web\/wp-json\/wp\/v2\/media?parent=38852"}],"wp:term":[{"taxonomy":"category","embeddable":true,"href":"http:\/\/elterritorialweb.com.ar\/web\/wp-json\/wp\/v2\/categories?post=38852"},{"taxonomy":"post_tag","embeddable":true,"href":"http:\/\/elterritorialweb.com.ar\/web\/wp-json\/wp\/v2\/tags?post=38852"}],"curies":[{"name":"wp","href":"https:\/\/api.w.org\/{rel}","templated":true}]}}