{"id":38859,"date":"2022-04-19T13:46:02","date_gmt":"2022-04-19T13:46:02","guid":{"rendered":"http:\/\/elterritorialweb.com.ar\/web\/?p=38859"},"modified":"2022-04-19T13:49:52","modified_gmt":"2022-04-19T13:49:52","slug":"los-gobernadores-del-norte-grande-se-reunieron-con-massa-y-le-pidedieron-la-sancion-de-proyectos-para-la-region","status":"publish","type":"post","link":"http:\/\/elterritorialweb.com.ar\/web\/los-gobernadores-del-norte-grande-se-reunieron-con-massa-y-le-pidedieron-la-sancion-de-proyectos-para-la-region\/","title":{"rendered":"LOS GOBERNADORES DEL NORTE GRANDE SE REUNIERON CON MASSA Y LE PIDIERON LA SANCI\u00d3N DE PROYECTOS PARA LA REGI\u00d3N"},"content":{"rendered":"\n<p>El presidente de la C\u00e1mara de Diputados de la Naci\u00f3n,&nbsp;<strong>Sergio Massa<\/strong>, se reuni\u00f3 este lunes con gobernadores del denominado&nbsp;<strong>Norte Grande<\/strong>, quienes le solicitaron la sanci\u00f3n de un conjunto de&nbsp;<strong>proyectos de ley de tratados internacionales para garantizar inversiones extranjeras, de integraci\u00f3n regional, de cannabis medicinal y de Compre Argentino<\/strong>, entre otros.<\/p>\n\n\n\n<p>El encuentro se realiz\u00f3 en el Sal\u00f3n de Honor de la C\u00e1mara baja y participaron los gobernadores de Chaco,<strong>\u00a0Jorge Capitanich<\/strong>; de Santiago del Estero,\u00a0<strong>Gerardo Zamora<\/strong>; de La Rioja,\u00a0<strong>Ricardo Quintela<\/strong>; de Jujuy,\u00a0<strong>Gerardo Morales<\/strong>, y de Catamarca,\u00a0<strong>Ra\u00fal Jalil<\/strong>, en representaci\u00f3n de los diez gobernadores del Norte Grande argentino.<\/p>\n\n\n\n<figure class=\"wp-block-image size-full is-resized\"><a href=\"https:\/\/i0.wp.com\/elterritorialweb.com.ar\/web\/wp-content\/uploads\/2022\/04\/GOBERNADORES-Y-MASSA-1.jpg\"><img data-recalc-dims=\"1\" decoding=\"async\" data-src=\"https:\/\/i0.wp.com\/elterritorialweb.com.ar\/web\/wp-content\/uploads\/2022\/04\/GOBERNADORES-Y-MASSA-1.jpg?resize=640%2C426\" alt=\"\" class=\"wp-image-38861 lazyload\" width=\"640\" height=\"426\" data-srcset=\"https:\/\/i0.wp.com\/elterritorialweb.com.ar\/web\/wp-content\/uploads\/2022\/04\/GOBERNADORES-Y-MASSA-1.jpg?w=593 593w, https:\/\/i0.wp.com\/elterritorialweb.com.ar\/web\/wp-content\/uploads\/2022\/04\/GOBERNADORES-Y-MASSA-1.jpg?resize=300%2C200 300w\" data-sizes=\"(max-width: 640px) 100vw, 640px\" src=\"data:image\/svg+xml;base64,PHN2ZyB3aWR0aD0iMSIgaGVpZ2h0PSIxIiB4bWxucz0iaHR0cDovL3d3dy53My5vcmcvMjAwMC9zdmciPjwvc3ZnPg==\" style=\"--smush-placeholder-width: 640px; --smush-placeholder-aspect-ratio: 640\/426;\" \/><\/a><\/figure>\n\n\n\n<p>ambi\u00e9n estuvieron los jefes de los bloques del Frente de Todos de Diputados,&nbsp;<strong>Germ\u00e1n Mart\u00ednez<\/strong>, y del Senado,<strong>&nbsp;Jos\u00e9 Mayans<\/strong>.<\/p>\n\n\n\n<p>Otros temas abordados por Massa y los mandatarios fueron los proyectos de Ley Automotriz y Desarrollo Federal de Autopartes, de Electromovilidad y Dise\u00f1o en la Norma de R\u00e9gimen de Promoci\u00f3n de las provincias productoras de Litio, del Comit\u00e9 de Bajos Submeridionales, de transferencia de Inmuebles y de Ley de Tarifa Energ\u00e9tica Diferencial.<\/p>\n\n\n\n<p>Zamora, Morales, Quintela y Capitanich ratificaron que los gobernadores del Norte Grande tienen una agenda transversal para promover el desarrollo de esas provincias<\/p>\n\n\n\n<figure class=\"wp-block-embed is-type-rich is-provider-twitter wp-block-embed-twitter\"><div class=\"wp-block-embed__wrapper\">\n<blockquote class=\"twitter-tweet\" data-width=\"550\" data-dnt=\"true\"><p lang=\"es\" dir=\"ltr\"><a href=\"https:\/\/twitter.com\/hashtag\/NorteGrande?src=hash&amp;ref_src=twsrc%5Etfw\">#NorteGrande<\/a><br>Hoy,nos reunimos con colegas gob. de la Regi\u00f3n en el Congreso de la Nacion, con el presidente de la H.C. de Diputados <a href=\"https:\/\/twitter.com\/SergioMassa?ref_src=twsrc%5Etfw\">@SergioMassa<\/a> y presidentes de los bloques oficialistas de ambas Camaras,donde trasmitimos nuestro inter\u00e9s en el tratamiento de algunas leyes. <a href=\"https:\/\/t.co\/g8uF68s7Zp\">pic.twitter.com\/g8uF68s7Zp<\/a><\/p>&mdash; Gerardo Zamora (@GZamoraSDE) <a href=\"https:\/\/twitter.com\/GZamoraSDE\/status\/1516139995450560512?ref_src=twsrc%5Etfw\">April 18, 2022<\/a><\/blockquote><script async src=\"https:\/\/platform.twitter.com\/widgets.js\" charset=\"utf-8\"><\/script>\n<\/div><\/figure>\n\n\n\n<p>Zamora dijo a los periodistas que \u00abel motivo de la reuni\u00f3n fue para\u00a0<strong>plantear una agenda de proyectos en com\u00fan<\/strong>\u00a0que tenemos las diez provincias del Norte Grande\u00bb y en ese sentido mencion\u00f3 el \u00abtratado de Integraci\u00f3n del Norte Grande y los tratados bilaterales entre Argentina con cuatro pa\u00edses\u00bb ya que \u00abtenemos inversiones que van a realizarse y que generan trabajos en la regi\u00f3n\u00bb.<\/p>\n\n\n\n<p>Tambi\u00e9n mencion\u00f3 como temas importantes para esa \u00e1rea del pa\u00eds el Compre Argentino y el cannabis medicinal.<\/p>\n\n\n\n<p>Morales dijo que el Norte Grande \u00abviene desarrollando temas importantes para la regi\u00f3n\u00bb y se\u00f1al\u00f3 que transmitir\u00e1 a los miembros de Juntos por el Cambio la agenda de iniciativas que piden que se traten desde ese conglomerado de provincias. \u00abPedimos que estos proyectos se pueden aprobar en los pr\u00f3ximos treinta d\u00edas\u00bb, agreg\u00f3 el gobernador juje\u00f1o.<\/p>\n\n\n\n<p>En tanto, Capitanich dijo que esas iniciativas tiene un alto consenso y record\u00f3 que el Norte Grande \u00abtiene 30 senadores y 56 diputados\u00bb para poder avanzar en \u00e9sta agenda parlamentaria.<\/p>\n\n\n\n<p>El bloque del Norte Grande est\u00e1 compuesto por las provincias de Catamarca, Corrientes, Chaco, Formosa, Jujuy, La Rioja, Misiones, Santiago del Estero, Salta y Tucum\u00e1n.<\/p>\n","protected":false},"excerpt":{"rendered":"<p>Los mandatarios provinciales pidieron tratados de integraci\u00f3n con cuatro pa\u00edses lim\u00edtrofes y el avance de proyectos de cannabis y Compre Argentino. <\/p>\n","protected":false},"author":2,"featured_media":38860,"comment_status":"open","ping_status":"open","sticky":false,"template":"","format":"standard","meta":{"om_disable_all_campaigns":false,"_monsterinsights_skip_tracking":false,"_monsterinsights_sitenote_active":false,"_monsterinsights_sitenote_note":"","_monsterinsights_sitenote_category":0,"_uf_show_specific_survey":0,"_uf_disable_surveys":false,"jetpack_post_was_ever_published":false,"_jetpack_newsletter_access":"","_jetpack_dont_email_post_to_subs":false,"_jetpack_newsletter_tier_id":0,"_jetpack_memberships_contains_paywalled_content":false,"_jetpack_memberships_contains_paid_content":false,"footnotes":"","jetpack_publicize_message":"","jetpack_publicize_feature_enabled":true,"jetpack_social_post_already_shared":false,"jetpack_social_options":{"image_generator_settings":{"template":"highway","default_image_id":0,"font":"","enabled":false},"version":2}},"categories":[18],"tags":[],"class_list":["post-38859","post","type-post","status-publish","format-standard","has-post-thumbnail","hentry","category-politica"],"aioseo_notices":[],"views":12,"jetpack_publicize_connections":[],"jetpack_featured_media_url":"https:\/\/i0.wp.com\/elterritorialweb.com.ar\/web\/wp-content\/uploads\/2022\/04\/GOBERNADORES-Y-MASSA.jpg?fit=1600%2C1062","jetpack_sharing_enabled":true,"_links":{"self":[{"href":"http:\/\/elterritorialweb.com.ar\/web\/wp-json\/wp\/v2\/posts\/38859","targetHints":{"allow":["GET"]}}],"collection":[{"href":"http:\/\/elterritorialweb.com.ar\/web\/wp-json\/wp\/v2\/posts"}],"about":[{"href":"http:\/\/elterritorialweb.com.ar\/web\/wp-json\/wp\/v2\/types\/post"}],"author":[{"embeddable":true,"href":"http:\/\/elterritorialweb.com.ar\/web\/wp-json\/wp\/v2\/users\/2"}],"replies":[{"embeddable":true,"href":"http:\/\/elterritorialweb.com.ar\/web\/wp-json\/wp\/v2\/comments?post=38859"}],"version-history":[{"count":2,"href":"http:\/\/elterritorialweb.com.ar\/web\/wp-json\/wp\/v2\/posts\/38859\/revisions"}],"predecessor-version":[{"id":38863,"href":"http:\/\/elterritorialweb.com.ar\/web\/wp-json\/wp\/v2\/posts\/38859\/revisions\/38863"}],"wp:featuredmedia":[{"embeddable":true,"href":"http:\/\/elterritorialweb.com.ar\/web\/wp-json\/wp\/v2\/media\/38860"}],"wp:attachment":[{"href":"http:\/\/elterritorialweb.com.ar\/web\/wp-json\/wp\/v2\/media?parent=38859"}],"wp:term":[{"taxonomy":"category","embeddable":true,"href":"http:\/\/elterritorialweb.com.ar\/web\/wp-json\/wp\/v2\/categories?post=38859"},{"taxonomy":"post_tag","embeddable":true,"href":"http:\/\/elterritorialweb.com.ar\/web\/wp-json\/wp\/v2\/tags?post=38859"}],"curies":[{"name":"wp","href":"https:\/\/api.w.org\/{rel}","templated":true}]}}