{"id":38864,"date":"2022-04-19T13:53:05","date_gmt":"2022-04-19T13:53:05","guid":{"rendered":"http:\/\/elterritorialweb.com.ar\/web\/?p=38864"},"modified":"2022-04-19T17:54:19","modified_gmt":"2022-04-19T17:54:19","slug":"como-quedaron-los-nuevos-montos-dispuestos-para-la-tarjeta-alimentar","status":"publish","type":"post","link":"http:\/\/elterritorialweb.com.ar\/web\/como-quedaron-los-nuevos-montos-dispuestos-para-la-tarjeta-alimentar\/","title":{"rendered":"COMO QUEDARON LOS NUEVOS MONTOS DISPUESTOS PARA LA TARJETA ALIMENTAR"},"content":{"rendered":"\n<p><strong>El Gobierno nacional oficializ\u00f3 el aumento del 50 por ciento<\/strong>&nbsp;del monto correspondiente a la&nbsp;<strong>Tarjeta Alimentar<\/strong>, que perciben 2,4 millones titulares y alcanza a 4,1 millones de personas. El incremento&nbsp;<strong>corresponde al pago de abril<\/strong>&nbsp;y se cobrar\u00e1 en los primeros d\u00edas de mayo.<\/p>\n\n\n\n<p>La&nbsp;<strong>Resoluci\u00f3n 371\/2022<\/strong>, publicada este martes en el Bolet\u00edn Oficial, con la firma del ministro de Desarrollo Social, Juan Zabaleta, indica los nuevos montos que se percibir\u00e1n a partir del pr\u00f3ximo son:<\/p>\n\n\n\n<p>&#8211;&nbsp;<strong>$9.000<\/strong>&nbsp;para padres o madres con un hijo de 0 a 14 a\u00f1os inclusive; mujeres embarazadas (a partir del tercer mes) y familias con una persona con discapacidad a su cargo, sin l\u00edmite de edad.<\/p>\n\n\n\n<p>&#8211;&nbsp;<strong>$13.500<\/strong>&nbsp;para padres o madres con 2 hijos que cumplan con los criterios de focalizaci\u00f3n (A y\/o C) de la Categor\u00eda 1, y mujeres embarazadas (a partir del tercer mes) con un hijo que cumpla con un criterio de focalizaci\u00f3n (A o C) de la Categor\u00eda 1.<\/p>\n\n\n\n<p>&#8211;&nbsp;<strong>$18.000<\/strong>&nbsp;para padres o madres con 3 hijos\/as que cumplan con los criterios de focalizaci\u00f3n (A y\/o C) de la Categor\u00eda 1, y mujeres embarazadas (a partir del tercer mes) con al menos dos hijos\/as que cumplan con los criterios de focalizaci\u00f3n (A y\/o C) de la Categor\u00eda 1.<\/p>\n\n\n\n<p>El incremento corresponde al pago de abril, que demandar\u00e1 una inversi\u00f3n por parte del Estado de $27.000 millones, y se acreditar\u00e1 en las tarjetas del programa, seg\u00fan informaron fuentes oficiales.<\/p>\n","protected":false},"excerpt":{"rendered":"<p>El ministro de Desarrollo Social, Juan Zabaleta, firm\u00f3 la resoluci\u00f3n que aumenta en un 50 por ciento el pago del beneficio correspondiente al mes de abril, que se cobrar\u00e1 en los primeros d\u00edas de abril.<\/p>\n","protected":false},"author":2,"featured_media":38205,"comment_status":"open","ping_status":"open","sticky":false,"template":"","format":"standard","meta":{"om_disable_all_campaigns":false,"_monsterinsights_skip_tracking":false,"_monsterinsights_sitenote_active":false,"_monsterinsights_sitenote_note":"","_monsterinsights_sitenote_category":0,"_uf_show_specific_survey":0,"_uf_disable_surveys":false,"jetpack_post_was_ever_published":false,"_jetpack_newsletter_access":"","_jetpack_dont_email_post_to_subs":false,"_jetpack_newsletter_tier_id":0,"_jetpack_memberships_contains_paywalled_content":false,"_jetpack_memberships_contains_paid_content":false,"footnotes":"","jetpack_publicize_message":"","jetpack_publicize_feature_enabled":true,"jetpack_social_post_already_shared":false,"jetpack_social_options":{"image_generator_settings":{"template":"highway","default_image_id":0,"font":"","enabled":false},"version":2}},"categories":[4,2],"tags":[],"class_list":["post-38864","post","type-post","status-publish","format-standard","has-post-thumbnail","hentry","category-destacadas","category-economia"],"aioseo_notices":[],"views":14,"jetpack_publicize_connections":[],"jetpack_featured_media_url":"https:\/\/i0.wp.com\/elterritorialweb.com.ar\/web\/wp-content\/uploads\/2022\/04\/tarjeta-alimentarjpg.jpg?fit=412%2C232","jetpack_sharing_enabled":true,"_links":{"self":[{"href":"http:\/\/elterritorialweb.com.ar\/web\/wp-json\/wp\/v2\/posts\/38864","targetHints":{"allow":["GET"]}}],"collection":[{"href":"http:\/\/elterritorialweb.com.ar\/web\/wp-json\/wp\/v2\/posts"}],"about":[{"href":"http:\/\/elterritorialweb.com.ar\/web\/wp-json\/wp\/v2\/types\/post"}],"author":[{"embeddable":true,"href":"http:\/\/elterritorialweb.com.ar\/web\/wp-json\/wp\/v2\/users\/2"}],"replies":[{"embeddable":true,"href":"http:\/\/elterritorialweb.com.ar\/web\/wp-json\/wp\/v2\/comments?post=38864"}],"version-history":[{"count":1,"href":"http:\/\/elterritorialweb.com.ar\/web\/wp-json\/wp\/v2\/posts\/38864\/revisions"}],"predecessor-version":[{"id":38865,"href":"http:\/\/elterritorialweb.com.ar\/web\/wp-json\/wp\/v2\/posts\/38864\/revisions\/38865"}],"wp:featuredmedia":[{"embeddable":true,"href":"http:\/\/elterritorialweb.com.ar\/web\/wp-json\/wp\/v2\/media\/38205"}],"wp:attachment":[{"href":"http:\/\/elterritorialweb.com.ar\/web\/wp-json\/wp\/v2\/media?parent=38864"}],"wp:term":[{"taxonomy":"category","embeddable":true,"href":"http:\/\/elterritorialweb.com.ar\/web\/wp-json\/wp\/v2\/categories?post=38864"},{"taxonomy":"post_tag","embeddable":true,"href":"http:\/\/elterritorialweb.com.ar\/web\/wp-json\/wp\/v2\/tags?post=38864"}],"curies":[{"name":"wp","href":"https:\/\/api.w.org\/{rel}","templated":true}]}}