{"id":38866,"date":"2022-04-19T17:48:44","date_gmt":"2022-04-19T17:48:44","guid":{"rendered":"http:\/\/elterritorialweb.com.ar\/web\/?p=38866"},"modified":"2022-04-19T17:55:21","modified_gmt":"2022-04-19T17:55:21","slug":"reunion-de-la-mesa-de-dialogo-docente","status":"publish","type":"post","link":"http:\/\/elterritorialweb.com.ar\/web\/reunion-de-la-mesa-de-dialogo-docente\/","title":{"rendered":"REUNI\u00d3N DE LA MESA DE DI\u00c1LOGO DOCENTE"},"content":{"rendered":"\n<p>Estuvieron, el Sr Jefe de gabinete de Ministros, Elias Su\u00e1rez, la Presidente del Consejo General de Educaci\u00f3n, Dra. Mar\u00eda Elena Herrera, la Directora del Spep, Dra. Susana Muratore y el Secretario General de la CGT Regional Santiago del Estero, Jose G\u00f3mez, adem\u00e1s de los secretarios generales de los gremios, Simese, Das, Atese, Sidise, Uda, Sadop, Amet, Aesya y Sindicato de Maestros de Santiago del Estero.<\/p>\n\n\n\n<figure class=\"wp-block-image size-full\"><a href=\"https:\/\/i0.wp.com\/elterritorialweb.com.ar\/web\/wp-content\/uploads\/2022\/04\/FB_IMG_1650390236006.jpg\"><img data-recalc-dims=\"1\" decoding=\"async\" width=\"640\" height=\"427\" data-src=\"https:\/\/i0.wp.com\/elterritorialweb.com.ar\/web\/wp-content\/uploads\/2022\/04\/FB_IMG_1650390236006.jpg?resize=640%2C427\" alt=\"\" class=\"wp-image-38868 lazyload\" data-srcset=\"https:\/\/i0.wp.com\/elterritorialweb.com.ar\/web\/wp-content\/uploads\/2022\/04\/FB_IMG_1650390236006.jpg?w=720 720w, https:\/\/i0.wp.com\/elterritorialweb.com.ar\/web\/wp-content\/uploads\/2022\/04\/FB_IMG_1650390236006.jpg?resize=300%2C200 300w\" data-sizes=\"(max-width: 640px) 100vw, 640px\" src=\"data:image\/svg+xml;base64,PHN2ZyB3aWR0aD0iMSIgaGVpZ2h0PSIxIiB4bWxucz0iaHR0cDovL3d3dy53My5vcmcvMjAwMC9zdmciPjwvc3ZnPg==\" style=\"--smush-placeholder-width: 640px; --smush-placeholder-aspect-ratio: 640\/427;\" \/><\/a><\/figure>\n\n\n\n<p>En la misma se trataron distintos aspectos sobre la tem\u00e1tica Administrativa del sistema educativo p\u00fablico y de gesti\u00f3n privada, el mejor funcionamiento de gesti\u00f3n de tr\u00e1mites en el sistema y otras cuestiones administrativas. Acordando analizar algunas acciones a realizar a fin de continuar mejorando el sistema educativo y los distintos servicios a disposici\u00f3n de la docencia santiague\u00f1a.<\/p>\n","protected":false},"excerpt":{"rendered":"<p>Durante la ma\u00f1ana de hoy se llev\u00f3 a cabo una reuni\u00f3n de la Mesa de Dialogo Docente.<\/p>\n","protected":false},"author":2,"featured_media":38867,"comment_status":"open","ping_status":"open","sticky":false,"template":"","format":"standard","meta":{"om_disable_all_campaigns":false,"_monsterinsights_skip_tracking":false,"_monsterinsights_sitenote_active":false,"_monsterinsights_sitenote_note":"","_monsterinsights_sitenote_category":0,"_uf_show_specific_survey":0,"_uf_disable_surveys":false,"jetpack_post_was_ever_published":false,"_jetpack_newsletter_access":"","_jetpack_dont_email_post_to_subs":false,"_jetpack_newsletter_tier_id":0,"_jetpack_memberships_contains_paywalled_content":false,"_jetpack_memberships_contains_paid_content":false,"footnotes":"","jetpack_publicize_message":"","jetpack_publicize_feature_enabled":true,"jetpack_social_post_already_shared":false,"jetpack_social_options":{"image_generator_settings":{"template":"highway","default_image_id":0,"font":"","enabled":false},"version":2}},"categories":[21],"tags":[],"class_list":["post-38866","post","type-post","status-publish","format-standard","has-post-thumbnail","hentry","category-locales"],"aioseo_notices":[],"views":11,"jetpack_publicize_connections":[],"jetpack_featured_media_url":"https:\/\/i0.wp.com\/elterritorialweb.com.ar\/web\/wp-content\/uploads\/2022\/04\/FB_IMG_1650390219515.jpg?fit=720%2C480","jetpack_sharing_enabled":true,"_links":{"self":[{"href":"http:\/\/elterritorialweb.com.ar\/web\/wp-json\/wp\/v2\/posts\/38866","targetHints":{"allow":["GET"]}}],"collection":[{"href":"http:\/\/elterritorialweb.com.ar\/web\/wp-json\/wp\/v2\/posts"}],"about":[{"href":"http:\/\/elterritorialweb.com.ar\/web\/wp-json\/wp\/v2\/types\/post"}],"author":[{"embeddable":true,"href":"http:\/\/elterritorialweb.com.ar\/web\/wp-json\/wp\/v2\/users\/2"}],"replies":[{"embeddable":true,"href":"http:\/\/elterritorialweb.com.ar\/web\/wp-json\/wp\/v2\/comments?post=38866"}],"version-history":[{"count":2,"href":"http:\/\/elterritorialweb.com.ar\/web\/wp-json\/wp\/v2\/posts\/38866\/revisions"}],"predecessor-version":[{"id":38870,"href":"http:\/\/elterritorialweb.com.ar\/web\/wp-json\/wp\/v2\/posts\/38866\/revisions\/38870"}],"wp:featuredmedia":[{"embeddable":true,"href":"http:\/\/elterritorialweb.com.ar\/web\/wp-json\/wp\/v2\/media\/38867"}],"wp:attachment":[{"href":"http:\/\/elterritorialweb.com.ar\/web\/wp-json\/wp\/v2\/media?parent=38866"}],"wp:term":[{"taxonomy":"category","embeddable":true,"href":"http:\/\/elterritorialweb.com.ar\/web\/wp-json\/wp\/v2\/categories?post=38866"},{"taxonomy":"post_tag","embeddable":true,"href":"http:\/\/elterritorialweb.com.ar\/web\/wp-json\/wp\/v2\/tags?post=38866"}],"curies":[{"name":"wp","href":"https:\/\/api.w.org\/{rel}","templated":true}]}}