{"id":38871,"date":"2022-04-19T18:04:20","date_gmt":"2022-04-19T18:04:20","guid":{"rendered":"http:\/\/elterritorialweb.com.ar\/web\/?p=38871"},"modified":"2022-04-19T18:04:20","modified_gmt":"2022-04-19T18:04:20","slug":"el-intendente-nediani-participo-del-lanzamientos-e-la-campana-otono-invierno-2022-del-programa-pro-huerta","status":"publish","type":"post","link":"http:\/\/elterritorialweb.com.ar\/web\/el-intendente-nediani-participo-del-lanzamientos-e-la-campana-otono-invierno-2022-del-programa-pro-huerta\/","title":{"rendered":"EL INTENDENTE NEDIANI PARTICIP\u00d3 DEL LANZAMIENTOS E LA CAMPA\u00d1A OTO\u00d1O-INVIERNO 2022 DEL PROGRAMA PRO-HUERTA"},"content":{"rendered":"\n<p>El intendente Roger Nediani particip\u00f3 del lanzamiento de la campa\u00f1a Oto\u00f1o-Invierno 2022 del Programa Pro-Huerta promovido por el Instituto Nacional de Tecnolog\u00eda Agropecuaria (Inta).<br>En la oportunidad, estuvieron presentes tambi\u00e9n funcionarios de diferentes \u00e1reas del municipio; el director del Inta Santiago del Estero, Mario Mondino quienes entregaron reconocimiento a los productores locales: Gladys Jim\u00e9nez, Daniela Corpos, Sonia P\u00e9rez, Noem\u00ed Qui\u00f1ones, Rosa Suarez y Pablo Inahedi en reconocimiento al trabajo que realizan que a\u00fan en medio de las restricciones impuestas por la pandemia de coronavirus y con todos los cuidados preventivos, continuaron llevando adelante sus actividades de promotores voluntarios e institucionales del Programa Pro-Huerta.<br>El Pro-Huerta es un programa de pol\u00edticas p\u00fablicas que promueve las pr\u00e1cticas productivas agroecol\u00f3gicas para el autoabastecimiento, la educaci\u00f3n alimentaria, la promoci\u00f3n de ferias y mercados alternativos con una mirada inclusiva de las familias productoras. Est\u00e1 dirigido a familias y organizaciones de productores en situaci\u00f3n de vulnerabilidad social.<br>A trav\u00e9s de esta iniciativa se busca dar impulso de huertas y granjas agroecol\u00f3gicas familiares, escolares, institucionales y comunitarias; asistencia t\u00e9cnica y capacitaci\u00f3n; educaci\u00f3n alimentaria y ambiental; fortalecimiento de proyectos productivos y de acceso al agua y apoyo a la comercializaci\u00f3n a trav\u00e9s de mercados de proximidad y ferias populares.<br>Es una pol\u00edtica p\u00fablica, gestionada en conjunto por el Ministerio de Desarrollo Social de la Naci\u00f3n y el Instituto Nacional de Tecnolog\u00eda Agropecuaria que promueve la seguridad y soberan\u00eda alimentaria a trav\u00e9s del apoyo a la producci\u00f3n agroecol\u00f3gica y el acceso a productos saludables para una alimentaci\u00f3n adecuada.<br>Durante el acto, el jefe comunal indic\u00f3: \u201cAgradecemos a las autoridades del Inta por el trabajo conjunto que se viene reafirmando con el municipio de La Banda que cuenta con muchas familias que desarrollan la actividad huertera para consumo propio y comunitario\u201d.<br>Agreg\u00f3: \u201cA partir de ahora ser\u00e1 la Direcci\u00f3n Municipal de Producci\u00f3n Agropecuaria y Pol\u00edticas Ambientales, a cargo de Oscar Quiroga, la encargada de realizar la distribuci\u00f3n de las semillas y de brindar el asesoramiento a las familias que est\u00e9n interesadas en desarrollar esta actividad\u201d.<\/p>\n","protected":false},"excerpt":{"rendered":"<p>El acto de lanzamiento del programa se realiz\u00f3 desde las instalaciones del Polideportivo Municipal del barrio Misqui Mayu donde funciona la Huerta Demostrativa del Inta sede Santiago del Estero.<\/p>\n","protected":false},"author":2,"featured_media":38872,"comment_status":"open","ping_status":"open","sticky":false,"template":"","format":"standard","meta":{"om_disable_all_campaigns":false,"_monsterinsights_skip_tracking":false,"_monsterinsights_sitenote_active":false,"_monsterinsights_sitenote_note":"","_monsterinsights_sitenote_category":0,"_uf_show_specific_survey":0,"_uf_disable_surveys":false,"jetpack_post_was_ever_published":false,"_jetpack_newsletter_access":"","_jetpack_dont_email_post_to_subs":false,"_jetpack_newsletter_tier_id":0,"_jetpack_memberships_contains_paywalled_content":false,"_jetpack_memberships_contains_paid_content":false,"footnotes":"","jetpack_publicize_message":"","jetpack_publicize_feature_enabled":true,"jetpack_social_post_already_shared":false,"jetpack_social_options":{"image_generator_settings":{"template":"highway","default_image_id":0,"font":"","enabled":false},"version":2}},"categories":[21],"tags":[],"class_list":["post-38871","post","type-post","status-publish","format-standard","has-post-thumbnail","hentry","category-locales"],"aioseo_notices":[],"views":11,"jetpack_publicize_connections":[],"jetpack_featured_media_url":"https:\/\/i0.wp.com\/elterritorialweb.com.ar\/web\/wp-content\/uploads\/2022\/04\/IMG-20220419-WA0013.jpg?fit=1087%2C718","jetpack_sharing_enabled":true,"_links":{"self":[{"href":"http:\/\/elterritorialweb.com.ar\/web\/wp-json\/wp\/v2\/posts\/38871","targetHints":{"allow":["GET"]}}],"collection":[{"href":"http:\/\/elterritorialweb.com.ar\/web\/wp-json\/wp\/v2\/posts"}],"about":[{"href":"http:\/\/elterritorialweb.com.ar\/web\/wp-json\/wp\/v2\/types\/post"}],"author":[{"embeddable":true,"href":"http:\/\/elterritorialweb.com.ar\/web\/wp-json\/wp\/v2\/users\/2"}],"replies":[{"embeddable":true,"href":"http:\/\/elterritorialweb.com.ar\/web\/wp-json\/wp\/v2\/comments?post=38871"}],"version-history":[{"count":1,"href":"http:\/\/elterritorialweb.com.ar\/web\/wp-json\/wp\/v2\/posts\/38871\/revisions"}],"predecessor-version":[{"id":38873,"href":"http:\/\/elterritorialweb.com.ar\/web\/wp-json\/wp\/v2\/posts\/38871\/revisions\/38873"}],"wp:featuredmedia":[{"embeddable":true,"href":"http:\/\/elterritorialweb.com.ar\/web\/wp-json\/wp\/v2\/media\/38872"}],"wp:attachment":[{"href":"http:\/\/elterritorialweb.com.ar\/web\/wp-json\/wp\/v2\/media?parent=38871"}],"wp:term":[{"taxonomy":"category","embeddable":true,"href":"http:\/\/elterritorialweb.com.ar\/web\/wp-json\/wp\/v2\/categories?post=38871"},{"taxonomy":"post_tag","embeddable":true,"href":"http:\/\/elterritorialweb.com.ar\/web\/wp-json\/wp\/v2\/tags?post=38871"}],"curies":[{"name":"wp","href":"https:\/\/api.w.org\/{rel}","templated":true}]}}