{"id":38879,"date":"2022-04-20T02:14:06","date_gmt":"2022-04-20T02:14:06","guid":{"rendered":"http:\/\/elterritorialweb.com.ar\/web\/?p=38879"},"modified":"2022-04-20T02:14:06","modified_gmt":"2022-04-20T02:14:06","slug":"convocan-a-personas-con-perfil-emprendedor-a-participar-del-curso-de-gestion-empresarial","status":"publish","type":"post","link":"http:\/\/elterritorialweb.com.ar\/web\/convocan-a-personas-con-perfil-emprendedor-a-participar-del-curso-de-gestion-empresarial\/","title":{"rendered":"CONVOCAN A PERSONAS CON PERFIL EMPRENDEDOR A PARTICIPAR DEL \u00abCURSO DE GESTI\u00d3N EMPRESARIAL"},"content":{"rendered":"\n<p>La Oficina de Empleo dependiente de la Secretaria de Desarrollo Humano de la Municipalidad de La Banda convoca a las personas con perfil emprendedor a participar del \u201cCurso de gesti\u00f3n empresarial\u201d cuyas inscripciones estar\u00e1n abiertas hasta el viernes 22.<br>Los mismos deber\u00e1n presentarse hasta el viernes 22 de 8 a 13 con su documento de identidad en la sede de la Oficia de Empleo sita en calle S\u00e1enz Pe\u00f1a N\u00b0 54 o comunicarse para solicitar mayor informaci\u00f3n al 4271500 o al 3854173080; por Facebook: ofiempleolabanda o por correo electr\u00f3nico a: oelabanda54@gmail.com<br>Finalmente, se indic\u00f3 que los interesados en ser parte de esta propuesta no deben estar adheridos a ning\u00fan otro programa Nacional.<\/p>\n","protected":false},"excerpt":{"rendered":"<p>La capacitaci\u00f3n est\u00e1 destinada a las personas que se encuentran adheridas al \u201cProgramas J\u00f3venes con m\u00e1s y mejor trabajo\u201d (18 a 24 a\u00f1os); Programa Promover Igualdad (Certificado \u00danico de Discapacidad) y desocupados.<\/p>\n","protected":false},"author":2,"featured_media":38880,"comment_status":"open","ping_status":"open","sticky":false,"template":"","format":"standard","meta":{"om_disable_all_campaigns":false,"_monsterinsights_skip_tracking":false,"_monsterinsights_sitenote_active":false,"_monsterinsights_sitenote_note":"","_monsterinsights_sitenote_category":0,"_uf_show_specific_survey":0,"_uf_disable_surveys":false,"jetpack_post_was_ever_published":false,"_jetpack_newsletter_access":"","_jetpack_dont_email_post_to_subs":false,"_jetpack_newsletter_tier_id":0,"_jetpack_memberships_contains_paywalled_content":false,"_jetpack_memberships_contains_paid_content":false,"footnotes":"","jetpack_publicize_message":"","jetpack_publicize_feature_enabled":true,"jetpack_social_post_already_shared":false,"jetpack_social_options":{"image_generator_settings":{"template":"highway","default_image_id":0,"font":"","enabled":false},"version":2}},"categories":[21],"tags":[],"class_list":["post-38879","post","type-post","status-publish","format-standard","has-post-thumbnail","hentry","category-locales"],"aioseo_notices":[],"views":12,"jetpack_publicize_connections":[],"jetpack_featured_media_url":"https:\/\/i0.wp.com\/elterritorialweb.com.ar\/web\/wp-content\/uploads\/2022\/04\/IMG-20220419-WA0017.jpg?fit=1087%2C718","jetpack_sharing_enabled":true,"_links":{"self":[{"href":"http:\/\/elterritorialweb.com.ar\/web\/wp-json\/wp\/v2\/posts\/38879","targetHints":{"allow":["GET"]}}],"collection":[{"href":"http:\/\/elterritorialweb.com.ar\/web\/wp-json\/wp\/v2\/posts"}],"about":[{"href":"http:\/\/elterritorialweb.com.ar\/web\/wp-json\/wp\/v2\/types\/post"}],"author":[{"embeddable":true,"href":"http:\/\/elterritorialweb.com.ar\/web\/wp-json\/wp\/v2\/users\/2"}],"replies":[{"embeddable":true,"href":"http:\/\/elterritorialweb.com.ar\/web\/wp-json\/wp\/v2\/comments?post=38879"}],"version-history":[{"count":1,"href":"http:\/\/elterritorialweb.com.ar\/web\/wp-json\/wp\/v2\/posts\/38879\/revisions"}],"predecessor-version":[{"id":38881,"href":"http:\/\/elterritorialweb.com.ar\/web\/wp-json\/wp\/v2\/posts\/38879\/revisions\/38881"}],"wp:featuredmedia":[{"embeddable":true,"href":"http:\/\/elterritorialweb.com.ar\/web\/wp-json\/wp\/v2\/media\/38880"}],"wp:attachment":[{"href":"http:\/\/elterritorialweb.com.ar\/web\/wp-json\/wp\/v2\/media?parent=38879"}],"wp:term":[{"taxonomy":"category","embeddable":true,"href":"http:\/\/elterritorialweb.com.ar\/web\/wp-json\/wp\/v2\/categories?post=38879"},{"taxonomy":"post_tag","embeddable":true,"href":"http:\/\/elterritorialweb.com.ar\/web\/wp-json\/wp\/v2\/tags?post=38879"}],"curies":[{"name":"wp","href":"https:\/\/api.w.org\/{rel}","templated":true}]}}