{"id":38883,"date":"2022-04-20T13:07:53","date_gmt":"2022-04-20T13:07:53","guid":{"rendered":"http:\/\/elterritorialweb.com.ar\/web\/?p=38883"},"modified":"2022-04-20T13:07:53","modified_gmt":"2022-04-20T13:07:53","slug":"la-intendente-fuentes-declaro-visitante-distinguido-a-catedratico-espanol-especialista-en-derecho-administrativo","status":"publish","type":"post","link":"http:\/\/elterritorialweb.com.ar\/web\/la-intendente-fuentes-declaro-visitante-distinguido-a-catedratico-espanol-especialista-en-derecho-administrativo\/","title":{"rendered":"LA INTENDENTE FUENTES DECLARO VISITANTE DISTINGUIDO A CATEDR\u00c1TICO ESPA\u00d1OL ESPECIALISTA EN DERECHO ADMINISTRATIVO"},"content":{"rendered":"\n<p>La intendente de la Capital, Ing. Norma Fuentes, recibi\u00f3 en el municipio al Dr. Antonio Embid Irujo, un destacado catedr\u00e1tico de Derecho Administrativo de la Universidad de Zaragoza, que se encuentra en la ciudad con el objetivo de coordinar la apertura del programa de Doctorado en Derecho que se dictar\u00e1 en la Universidad Cat\u00f3lica de Santiago del Estero.<br>La reuni\u00f3n, realizada en el Sal\u00f3n de Acuerdos, tambi\u00e9n cont\u00f3 con la participaci\u00f3n del subsecretario de Coordinaci\u00f3n de Gabinete, Dr. Daniel Kobyla\u00f1ski; el rector de la UCSE, Ing. Luis Lucena y la decana de la Facultad de Ciencias Pol\u00edticas, Sociales y Jur\u00eddicas, Dra. Liliana Abdala.<br>Durante el encuentro, Embid Irujo fue declarado \u00abvisitante distinguido\u00bb por el municipio, en virtud a su vasta trayectoria e investigaci\u00f3n cient\u00edfica en materia de Derecho al Agua, Medio Ambiente, Organizaci\u00f3n Territorial y Libertades P\u00fablicas.<br>En este sentido, la jefa comunal indic\u00f3 que \u00abes un honor para la ciudad y los vecinos santiague\u00f1os recibir la visita del Dr. Antonio Embid Irujo, quien ha realizado grandes aportes a una tem\u00e1tica fundamental para la vida humana, como es la del Derecho al Agua y el Medio Ambiente\u00bb.<br>Por su parte, Embid Irujo expres\u00f3 su \u00abenorme agradecimiento\u00bb a la intendente Fuentes, \u00abpor su calidez y predisposici\u00f3n para escuchar y reconocer a los profesionales que hemos dedicado nuestras vidas a estudiar e investigar problem\u00e1ticas que afectan a todo el mundo, como el cambio clim\u00e1tico y sus posibles consecuencias y soluciones\u00bb.<br>A su turno, el rector de la UCSE destac\u00f3 el trabajo articulado que se realiza con la casa de altos estudios y en particular reconocimiento que se le hizo a la visita de Antonio Embid Irujo, a quien la universidad le otorgar\u00e1 el t\u00edtulo de doctorado honoris causa.<\/p>\n","protected":false},"excerpt":{"rendered":"<p>La reuni\u00f3n se realiz\u00f3 en el Sal\u00f3n de Acuerdos municipal.<\/p>\n","protected":false},"author":2,"featured_media":38884,"comment_status":"open","ping_status":"open","sticky":false,"template":"","format":"standard","meta":{"om_disable_all_campaigns":false,"_monsterinsights_skip_tracking":false,"_monsterinsights_sitenote_active":false,"_monsterinsights_sitenote_note":"","_monsterinsights_sitenote_category":0,"_uf_show_specific_survey":0,"_uf_disable_surveys":false,"jetpack_post_was_ever_published":false,"_jetpack_newsletter_access":"","_jetpack_dont_email_post_to_subs":false,"_jetpack_newsletter_tier_id":0,"_jetpack_memberships_contains_paywalled_content":false,"_jetpack_memberships_contains_paid_content":false,"footnotes":"","jetpack_publicize_message":"","jetpack_publicize_feature_enabled":true,"jetpack_social_post_already_shared":false,"jetpack_social_options":{"image_generator_settings":{"template":"highway","default_image_id":0,"font":"","enabled":false},"version":2}},"categories":[21],"tags":[],"class_list":["post-38883","post","type-post","status-publish","format-standard","has-post-thumbnail","hentry","category-locales"],"aioseo_notices":[],"views":12,"jetpack_publicize_connections":[],"jetpack_featured_media_url":"https:\/\/i0.wp.com\/elterritorialweb.com.ar\/web\/wp-content\/uploads\/2022\/04\/visita-catedratico.jpeg?fit=1124%2C750","jetpack_sharing_enabled":true,"_links":{"self":[{"href":"http:\/\/elterritorialweb.com.ar\/web\/wp-json\/wp\/v2\/posts\/38883","targetHints":{"allow":["GET"]}}],"collection":[{"href":"http:\/\/elterritorialweb.com.ar\/web\/wp-json\/wp\/v2\/posts"}],"about":[{"href":"http:\/\/elterritorialweb.com.ar\/web\/wp-json\/wp\/v2\/types\/post"}],"author":[{"embeddable":true,"href":"http:\/\/elterritorialweb.com.ar\/web\/wp-json\/wp\/v2\/users\/2"}],"replies":[{"embeddable":true,"href":"http:\/\/elterritorialweb.com.ar\/web\/wp-json\/wp\/v2\/comments?post=38883"}],"version-history":[{"count":1,"href":"http:\/\/elterritorialweb.com.ar\/web\/wp-json\/wp\/v2\/posts\/38883\/revisions"}],"predecessor-version":[{"id":38885,"href":"http:\/\/elterritorialweb.com.ar\/web\/wp-json\/wp\/v2\/posts\/38883\/revisions\/38885"}],"wp:featuredmedia":[{"embeddable":true,"href":"http:\/\/elterritorialweb.com.ar\/web\/wp-json\/wp\/v2\/media\/38884"}],"wp:attachment":[{"href":"http:\/\/elterritorialweb.com.ar\/web\/wp-json\/wp\/v2\/media?parent=38883"}],"wp:term":[{"taxonomy":"category","embeddable":true,"href":"http:\/\/elterritorialweb.com.ar\/web\/wp-json\/wp\/v2\/categories?post=38883"},{"taxonomy":"post_tag","embeddable":true,"href":"http:\/\/elterritorialweb.com.ar\/web\/wp-json\/wp\/v2\/tags?post=38883"}],"curies":[{"name":"wp","href":"https:\/\/api.w.org\/{rel}","templated":true}]}}