{"id":38886,"date":"2022-04-20T16:35:24","date_gmt":"2022-04-20T16:35:24","guid":{"rendered":"http:\/\/elterritorialweb.com.ar\/web\/?p=38886"},"modified":"2022-04-20T16:35:24","modified_gmt":"2022-04-20T16:35:24","slug":"zamora-presidio-el-acto-de-apertura-del-primer-encuentro-provincial-de-cooperativas-agroalimentarias","status":"publish","type":"post","link":"http:\/\/elterritorialweb.com.ar\/web\/zamora-presidio-el-acto-de-apertura-del-primer-encuentro-provincial-de-cooperativas-agroalimentarias\/","title":{"rendered":"ZAMORA PRESIDI\u00d3 EL ACTO DE APERTURA DEL PRIMER ENCUENTRO PROVINCIAL DE COOPERATIVAS AGROALIMENTARIAS"},"content":{"rendered":"\n<p>El gobernador Gerardo Zamora encabez\u00f3 la ceremonia de apertura del Primer Encuentro Provincial de Cooperativas Agroalimentarias, que se desarrollar\u00e1 hasta este jueves 21 de abril en el predio del Vivero San Carlos de La Banda, con la participaci\u00f3n de medio centenar de organizaciones del sector que llegaron de distintos puntos de la provincia.<\/p>\n\n\n\n<figure class=\"wp-block-image size-full\"><a href=\"https:\/\/i0.wp.com\/elterritorialweb.com.ar\/web\/wp-content\/uploads\/2022\/04\/FB_IMG_1650467713041.jpg\"><img data-recalc-dims=\"1\" decoding=\"async\" width=\"640\" height=\"428\" data-src=\"https:\/\/i0.wp.com\/elterritorialweb.com.ar\/web\/wp-content\/uploads\/2022\/04\/FB_IMG_1650467713041.jpg?resize=640%2C428\" alt=\"\" class=\"wp-image-38888 lazyload\" data-srcset=\"https:\/\/i0.wp.com\/elterritorialweb.com.ar\/web\/wp-content\/uploads\/2022\/04\/FB_IMG_1650467713041.jpg?w=720 720w, https:\/\/i0.wp.com\/elterritorialweb.com.ar\/web\/wp-content\/uploads\/2022\/04\/FB_IMG_1650467713041.jpg?resize=300%2C200 300w\" data-sizes=\"(max-width: 640px) 100vw, 640px\" src=\"data:image\/svg+xml;base64,PHN2ZyB3aWR0aD0iMSIgaGVpZ2h0PSIxIiB4bWxucz0iaHR0cDovL3d3dy53My5vcmcvMjAwMC9zdmciPjwvc3ZnPg==\" style=\"--smush-placeholder-width: 640px; --smush-placeholder-aspect-ratio: 640\/428;\" \/><\/a><\/figure>\n\n\n\n<p>El mandatario estuvo acompa\u00f1ado por Mar\u00eda de los Milagros Barbieri, subsecretaria de Fortalecimiento Productivo y Sustentable para Peque\u00f1os y Mediados Productores Agroalimentarios, dependiente del Ministerio de Agricultura, Ganader\u00eda y Pesca de la Naci\u00f3n. Tambi\u00e9n fueron parte del panel el vicegobernador Carlos Silva Neder; el ministro de Producci\u00f3n, Miguel Mandrille, y el rector de la Unse, H\u00e9ctor Paz.<\/p>\n\n\n\n<figure class=\"wp-block-image size-full\"><a href=\"https:\/\/i0.wp.com\/elterritorialweb.com.ar\/web\/wp-content\/uploads\/2022\/04\/FB_IMG_1650467717716.jpg\"><img data-recalc-dims=\"1\" decoding=\"async\" width=\"640\" height=\"428\" data-src=\"https:\/\/i0.wp.com\/elterritorialweb.com.ar\/web\/wp-content\/uploads\/2022\/04\/FB_IMG_1650467717716.jpg?resize=640%2C428\" alt=\"\" class=\"wp-image-38889 lazyload\" data-srcset=\"https:\/\/i0.wp.com\/elterritorialweb.com.ar\/web\/wp-content\/uploads\/2022\/04\/FB_IMG_1650467717716.jpg?w=720 720w, https:\/\/i0.wp.com\/elterritorialweb.com.ar\/web\/wp-content\/uploads\/2022\/04\/FB_IMG_1650467717716.jpg?resize=300%2C200 300w\" data-sizes=\"(max-width: 640px) 100vw, 640px\" src=\"data:image\/svg+xml;base64,PHN2ZyB3aWR0aD0iMSIgaGVpZ2h0PSIxIiB4bWxucz0iaHR0cDovL3d3dy53My5vcmcvMjAwMC9zdmciPjwvc3ZnPg==\" style=\"--smush-placeholder-width: 640px; --smush-placeholder-aspect-ratio: 640\/428;\" \/><\/a><\/figure>\n\n\n\n<p>Ante un sal\u00f3n colmado por representantes de distintos sectores, el gobernador Zamora celebr\u00f3 este espacio al considerar que \u201ceste encuentro demuestra que se puede hacer un trabajo conjunto entre Naci\u00f3n, provincia y todo el \u00e1mbito acad\u00e9mico para aprovechar las herramientas para fortalecer el asociativismo productivo de Santiago del Estero\u201d.<\/p>\n\n\n\n<figure class=\"wp-block-image size-full\"><a href=\"https:\/\/i0.wp.com\/elterritorialweb.com.ar\/web\/wp-content\/uploads\/2022\/04\/FB_IMG_1650467715349.jpg\"><img data-recalc-dims=\"1\" decoding=\"async\" width=\"640\" height=\"428\" data-src=\"https:\/\/i0.wp.com\/elterritorialweb.com.ar\/web\/wp-content\/uploads\/2022\/04\/FB_IMG_1650467715349.jpg?resize=640%2C428\" alt=\"\" class=\"wp-image-38890 lazyload\" data-srcset=\"https:\/\/i0.wp.com\/elterritorialweb.com.ar\/web\/wp-content\/uploads\/2022\/04\/FB_IMG_1650467715349.jpg?w=720 720w, https:\/\/i0.wp.com\/elterritorialweb.com.ar\/web\/wp-content\/uploads\/2022\/04\/FB_IMG_1650467715349.jpg?resize=300%2C200 300w\" data-sizes=\"(max-width: 640px) 100vw, 640px\" src=\"data:image\/svg+xml;base64,PHN2ZyB3aWR0aD0iMSIgaGVpZ2h0PSIxIiB4bWxucz0iaHR0cDovL3d3dy53My5vcmcvMjAwMC9zdmciPjwvc3ZnPg==\" style=\"--smush-placeholder-width: 640px; --smush-placeholder-aspect-ratio: 640\/428;\" \/><\/a><\/figure>\n\n\n\n<p>Dijo que el objetivo \u201ces aportar a la consolidaci\u00f3n del esp\u00edritu cooperativista sobre una base fundamental, para que los trabajadores se sientan due\u00f1os de las cooperativas\u201d y ratific\u00f3 su compromiso con los trabajadores del sector agroindustrial, a quienes alent\u00f3 a \u201cseguir creciendo con trabajo para lograr el desarrollo y la generaci\u00f3n de empleo genuino\u201d.<\/p>\n\n\n\n<figure class=\"wp-block-image size-full\"><a href=\"https:\/\/i0.wp.com\/elterritorialweb.com.ar\/web\/wp-content\/uploads\/2022\/04\/FB_IMG_1650467720124.jpg\"><img data-recalc-dims=\"1\" decoding=\"async\" width=\"640\" height=\"428\" data-src=\"https:\/\/i0.wp.com\/elterritorialweb.com.ar\/web\/wp-content\/uploads\/2022\/04\/FB_IMG_1650467720124.jpg?resize=640%2C428\" alt=\"\" class=\"wp-image-38891 lazyload\" data-srcset=\"https:\/\/i0.wp.com\/elterritorialweb.com.ar\/web\/wp-content\/uploads\/2022\/04\/FB_IMG_1650467720124.jpg?w=720 720w, https:\/\/i0.wp.com\/elterritorialweb.com.ar\/web\/wp-content\/uploads\/2022\/04\/FB_IMG_1650467720124.jpg?resize=300%2C200 300w\" data-sizes=\"(max-width: 640px) 100vw, 640px\" src=\"data:image\/svg+xml;base64,PHN2ZyB3aWR0aD0iMSIgaGVpZ2h0PSIxIiB4bWxucz0iaHR0cDovL3d3dy53My5vcmcvMjAwMC9zdmciPjwvc3ZnPg==\" style=\"--smush-placeholder-width: 640px; --smush-placeholder-aspect-ratio: 640\/428;\" \/><\/a><\/figure>\n\n\n\n<p>Remarc\u00f3 que el pa\u00eds atraviesa un momento importante, por las necesidades de alimentos de muchos pa\u00edses que sufren hoy el impacto de la guerra en Ucrania y tambi\u00e9n los efectos de la pandemia de covid.<br>\u201cTenemos la oportunidad de producir para el mercado local, nacional y tambi\u00e9n tener las condiciones para exportar, con valor agregado y lograr las certificaciones necesarias para vender a otros pa\u00edses desde Santiago del Estero. Debemos aprovechar todo nuestro potencial porque el mundo necesita lo que producimos\u201d, expres\u00f3.<\/p>\n\n\n\n<figure class=\"wp-block-image size-full\"><a href=\"https:\/\/i0.wp.com\/elterritorialweb.com.ar\/web\/wp-content\/uploads\/2022\/04\/FB_IMG_1650467723095.jpg\"><img data-recalc-dims=\"1\" decoding=\"async\" width=\"640\" height=\"428\" data-src=\"https:\/\/i0.wp.com\/elterritorialweb.com.ar\/web\/wp-content\/uploads\/2022\/04\/FB_IMG_1650467723095.jpg?resize=640%2C428\" alt=\"\" class=\"wp-image-38892 lazyload\" data-srcset=\"https:\/\/i0.wp.com\/elterritorialweb.com.ar\/web\/wp-content\/uploads\/2022\/04\/FB_IMG_1650467723095.jpg?w=720 720w, https:\/\/i0.wp.com\/elterritorialweb.com.ar\/web\/wp-content\/uploads\/2022\/04\/FB_IMG_1650467723095.jpg?resize=300%2C200 300w\" data-sizes=\"(max-width: 640px) 100vw, 640px\" src=\"data:image\/svg+xml;base64,PHN2ZyB3aWR0aD0iMSIgaGVpZ2h0PSIxIiB4bWxucz0iaHR0cDovL3d3dy53My5vcmcvMjAwMC9zdmciPjwvc3ZnPg==\" style=\"--smush-placeholder-width: 640px; --smush-placeholder-aspect-ratio: 640\/428;\" \/><\/a><\/figure>\n\n\n\n<p>Por su parte, Mar\u00eda de los Milagros Barbieri destac\u00f3 el compromiso del gobierno provincial con el sector productivo y con los cooperativistas en particular. Felicit\u00f3 a las autoridades del Ministerio del Producci\u00f3n y valor\u00f3 el trabajo conjunto con las universidades para afianzar el desarrollo de Santiago del Estero.<\/p>\n\n\n\n<figure class=\"wp-block-image size-full\"><a href=\"https:\/\/i0.wp.com\/elterritorialweb.com.ar\/web\/wp-content\/uploads\/2022\/04\/FB_IMG_1650467725526.jpg\"><img data-recalc-dims=\"1\" decoding=\"async\" width=\"640\" height=\"428\" data-src=\"https:\/\/i0.wp.com\/elterritorialweb.com.ar\/web\/wp-content\/uploads\/2022\/04\/FB_IMG_1650467725526.jpg?resize=640%2C428\" alt=\"\" class=\"wp-image-38893 lazyload\" data-srcset=\"https:\/\/i0.wp.com\/elterritorialweb.com.ar\/web\/wp-content\/uploads\/2022\/04\/FB_IMG_1650467725526.jpg?w=720 720w, https:\/\/i0.wp.com\/elterritorialweb.com.ar\/web\/wp-content\/uploads\/2022\/04\/FB_IMG_1650467725526.jpg?resize=300%2C200 300w\" data-sizes=\"(max-width: 640px) 100vw, 640px\" src=\"data:image\/svg+xml;base64,PHN2ZyB3aWR0aD0iMSIgaGVpZ2h0PSIxIiB4bWxucz0iaHR0cDovL3d3dy53My5vcmcvMjAwMC9zdmciPjwvc3ZnPg==\" style=\"--smush-placeholder-width: 640px; --smush-placeholder-aspect-ratio: 640\/428;\" \/><\/a><\/figure>\n\n\n\n<p>A su turno, el ministro Mandrille destac\u00f3 el fortalecimiento de los nichos productivos que surgen desde el asociativismo y que contribuyen al desarrollo productivo de la provincia con un fuerte compromiso ambiental. Dijo que este encuentro afianza todo el trabajo que se viene realizando, y que las expectativas son mayores a partir del acompa\u00f1amiento de la Naci\u00f3n.<\/p>\n\n\n\n<figure class=\"wp-block-image size-full\"><a href=\"https:\/\/i0.wp.com\/elterritorialweb.com.ar\/web\/wp-content\/uploads\/2022\/04\/FB_IMG_1650467728221.jpg\"><img data-recalc-dims=\"1\" decoding=\"async\" width=\"640\" height=\"428\" data-src=\"https:\/\/i0.wp.com\/elterritorialweb.com.ar\/web\/wp-content\/uploads\/2022\/04\/FB_IMG_1650467728221.jpg?resize=640%2C428\" alt=\"\" class=\"wp-image-38894 lazyload\" data-srcset=\"https:\/\/i0.wp.com\/elterritorialweb.com.ar\/web\/wp-content\/uploads\/2022\/04\/FB_IMG_1650467728221.jpg?w=720 720w, https:\/\/i0.wp.com\/elterritorialweb.com.ar\/web\/wp-content\/uploads\/2022\/04\/FB_IMG_1650467728221.jpg?resize=300%2C200 300w\" data-sizes=\"(max-width: 640px) 100vw, 640px\" src=\"data:image\/svg+xml;base64,PHN2ZyB3aWR0aD0iMSIgaGVpZ2h0PSIxIiB4bWxucz0iaHR0cDovL3d3dy53My5vcmcvMjAwMC9zdmciPjwvc3ZnPg==\" style=\"--smush-placeholder-width: 640px; --smush-placeholder-aspect-ratio: 640\/428;\" \/><\/a><\/figure>\n\n\n\n<p>En tanto, el rector de la Unse, H\u00e9ctor Paz, hizo un especial reconocimiento al \u201cmodelo de gesti\u00f3n de la provincia, por su acompa\u00f1amiento para generar acciones conjuntas a favor del sector productivo\u201d.<\/p>\n\n\n\n<figure class=\"wp-block-image size-full\"><a href=\"https:\/\/i0.wp.com\/elterritorialweb.com.ar\/web\/wp-content\/uploads\/2022\/04\/FB_IMG_1650467734434.jpg\"><img data-recalc-dims=\"1\" decoding=\"async\" width=\"640\" height=\"428\" data-src=\"https:\/\/i0.wp.com\/elterritorialweb.com.ar\/web\/wp-content\/uploads\/2022\/04\/FB_IMG_1650467734434.jpg?resize=640%2C428\" alt=\"\" class=\"wp-image-38895 lazyload\" data-srcset=\"https:\/\/i0.wp.com\/elterritorialweb.com.ar\/web\/wp-content\/uploads\/2022\/04\/FB_IMG_1650467734434.jpg?w=720 720w, https:\/\/i0.wp.com\/elterritorialweb.com.ar\/web\/wp-content\/uploads\/2022\/04\/FB_IMG_1650467734434.jpg?resize=300%2C200 300w\" data-sizes=\"(max-width: 640px) 100vw, 640px\" src=\"data:image\/svg+xml;base64,PHN2ZyB3aWR0aD0iMSIgaGVpZ2h0PSIxIiB4bWxucz0iaHR0cDovL3d3dy53My5vcmcvMjAwMC9zdmciPjwvc3ZnPg==\" style=\"--smush-placeholder-width: 640px; --smush-placeholder-aspect-ratio: 640\/428;\" \/><\/a><\/figure>\n\n\n\n<p>Consider\u00f3 fundamental este apoyo del gobernador Zamora y la decisi\u00f3n pol\u00edtica de trabajar con la gente y la participaci\u00f3n de todos los sectores con un mismo objetivo: el crecimiento sustentable y equitativo de Santiago del Estero.<\/p>\n","protected":false},"excerpt":{"rendered":"<p>El acto se llev\u00f3 a cabo en el Vivero San Carlos.<\/p>\n","protected":false},"author":2,"featured_media":38887,"comment_status":"open","ping_status":"open","sticky":false,"template":"","format":"standard","meta":{"om_disable_all_campaigns":false,"_monsterinsights_skip_tracking":false,"_monsterinsights_sitenote_active":false,"_monsterinsights_sitenote_note":"","_monsterinsights_sitenote_category":0,"_uf_show_specific_survey":0,"_uf_disable_surveys":false,"jetpack_post_was_ever_published":false,"_jetpack_newsletter_access":"","_jetpack_dont_email_post_to_subs":false,"_jetpack_newsletter_tier_id":0,"_jetpack_memberships_contains_paywalled_content":false,"_jetpack_memberships_contains_paid_content":false,"footnotes":"","jetpack_publicize_message":"","jetpack_publicize_feature_enabled":true,"jetpack_social_post_already_shared":false,"jetpack_social_options":{"image_generator_settings":{"template":"highway","default_image_id":0,"font":"","enabled":false},"version":2}},"categories":[21],"tags":[],"class_list":["post-38886","post","type-post","status-publish","format-standard","has-post-thumbnail","hentry","category-locales"],"aioseo_notices":[],"views":9,"jetpack_publicize_connections":[],"jetpack_featured_media_url":"https:\/\/i0.wp.com\/elterritorialweb.com.ar\/web\/wp-content\/uploads\/2022\/04\/FB_IMG_1650467710404.jpg?fit=720%2C481","jetpack_sharing_enabled":true,"_links":{"self":[{"href":"http:\/\/elterritorialweb.com.ar\/web\/wp-json\/wp\/v2\/posts\/38886","targetHints":{"allow":["GET"]}}],"collection":[{"href":"http:\/\/elterritorialweb.com.ar\/web\/wp-json\/wp\/v2\/posts"}],"about":[{"href":"http:\/\/elterritorialweb.com.ar\/web\/wp-json\/wp\/v2\/types\/post"}],"author":[{"embeddable":true,"href":"http:\/\/elterritorialweb.com.ar\/web\/wp-json\/wp\/v2\/users\/2"}],"replies":[{"embeddable":true,"href":"http:\/\/elterritorialweb.com.ar\/web\/wp-json\/wp\/v2\/comments?post=38886"}],"version-history":[{"count":1,"href":"http:\/\/elterritorialweb.com.ar\/web\/wp-json\/wp\/v2\/posts\/38886\/revisions"}],"predecessor-version":[{"id":38896,"href":"http:\/\/elterritorialweb.com.ar\/web\/wp-json\/wp\/v2\/posts\/38886\/revisions\/38896"}],"wp:featuredmedia":[{"embeddable":true,"href":"http:\/\/elterritorialweb.com.ar\/web\/wp-json\/wp\/v2\/media\/38887"}],"wp:attachment":[{"href":"http:\/\/elterritorialweb.com.ar\/web\/wp-json\/wp\/v2\/media?parent=38886"}],"wp:term":[{"taxonomy":"category","embeddable":true,"href":"http:\/\/elterritorialweb.com.ar\/web\/wp-json\/wp\/v2\/categories?post=38886"},{"taxonomy":"post_tag","embeddable":true,"href":"http:\/\/elterritorialweb.com.ar\/web\/wp-json\/wp\/v2\/tags?post=38886"}],"curies":[{"name":"wp","href":"https:\/\/api.w.org\/{rel}","templated":true}]}}