{"id":38924,"date":"2022-04-21T00:45:29","date_gmt":"2022-04-21T00:45:29","guid":{"rendered":"http:\/\/elterritorialweb.com.ar\/web\/?p=38924"},"modified":"2022-04-21T00:49:27","modified_gmt":"2022-04-21T00:49:27","slug":"gran-triunfo-de-central-cordoba-ante-velez-sarfield-en-liniers","status":"publish","type":"post","link":"http:\/\/elterritorialweb.com.ar\/web\/gran-triunfo-de-central-cordoba-ante-velez-sarfield-en-liniers\/","title":{"rendered":"GRAN TRIUNFO DE CENTRAL C\u00d3RDOBA ANTE V\u00c9LEZ SARFIELD EN LINIERS"},"content":{"rendered":"\n<p><strong>Central C\u00f3rdoba&nbsp;<\/strong>consigui\u00f3 una gran victoria esta tarde en&nbsp;<strong>Liniers<\/strong>, al vencer por 2 a 1 a&nbsp;<strong>V\u00e9lez&nbsp;<\/strong>en la continuidad de la und\u00e9cima fecha de la&nbsp;<strong>Zona B de la Copa de la Liga.<\/strong><\/p>\n\n\n\n<figure class=\"wp-block-image size-large\"><a href=\"https:\/\/i0.wp.com\/elterritorialweb.com.ar\/web\/wp-content\/uploads\/2022\/04\/IMG-20220420-WA0036.jpg\"><img data-recalc-dims=\"1\" decoding=\"async\" width=\"640\" height=\"446\" data-src=\"https:\/\/i0.wp.com\/elterritorialweb.com.ar\/web\/wp-content\/uploads\/2022\/04\/IMG-20220420-WA0036.jpg?resize=640%2C446\" alt=\"\" class=\"wp-image-38926 lazyload\" data-srcset=\"https:\/\/i0.wp.com\/elterritorialweb.com.ar\/web\/wp-content\/uploads\/2022\/04\/IMG-20220420-WA0036.jpg?resize=1024%2C713 1024w, https:\/\/i0.wp.com\/elterritorialweb.com.ar\/web\/wp-content\/uploads\/2022\/04\/IMG-20220420-WA0036.jpg?resize=300%2C209 300w, https:\/\/i0.wp.com\/elterritorialweb.com.ar\/web\/wp-content\/uploads\/2022\/04\/IMG-20220420-WA0036.jpg?resize=768%2C535 768w, https:\/\/i0.wp.com\/elterritorialweb.com.ar\/web\/wp-content\/uploads\/2022\/04\/IMG-20220420-WA0036.jpg?w=1080 1080w\" data-sizes=\"(max-width: 640px) 100vw, 640px\" src=\"data:image\/svg+xml;base64,PHN2ZyB3aWR0aD0iMSIgaGVpZ2h0PSIxIiB4bWxucz0iaHR0cDovL3d3dy53My5vcmcvMjAwMC9zdmciPjwvc3ZnPg==\" style=\"--smush-placeholder-width: 640px; --smush-placeholder-aspect-ratio: 640\/446;\" \/><\/a><\/figure>\n\n\n\n<p>El&nbsp;<strong>Ferro<\/strong>, que hab\u00eda comenzado perdiendo con el gol de&nbsp;<strong>Luca Orellano<\/strong>&nbsp;en el primer tiempo, reaccion\u00f3 en el complemento y termin\u00f3 festejando gracias a los tantos de&nbsp;<strong>Renzo L\u00f3pez y Jonathan Bay.<\/strong><\/p>\n\n\n\n<figure class=\"wp-block-image size-large\"><a href=\"https:\/\/i0.wp.com\/elterritorialweb.com.ar\/web\/wp-content\/uploads\/2022\/04\/IMG-20220420-WA0039.jpg\"><img data-recalc-dims=\"1\" decoding=\"async\" width=\"640\" height=\"441\" data-src=\"https:\/\/i0.wp.com\/elterritorialweb.com.ar\/web\/wp-content\/uploads\/2022\/04\/IMG-20220420-WA0039.jpg?resize=640%2C441\" alt=\"\" class=\"wp-image-38927 lazyload\" data-srcset=\"https:\/\/i0.wp.com\/elterritorialweb.com.ar\/web\/wp-content\/uploads\/2022\/04\/IMG-20220420-WA0039.jpg?resize=1024%2C706 1024w, https:\/\/i0.wp.com\/elterritorialweb.com.ar\/web\/wp-content\/uploads\/2022\/04\/IMG-20220420-WA0039.jpg?resize=300%2C207 300w, https:\/\/i0.wp.com\/elterritorialweb.com.ar\/web\/wp-content\/uploads\/2022\/04\/IMG-20220420-WA0039.jpg?resize=768%2C530 768w, https:\/\/i0.wp.com\/elterritorialweb.com.ar\/web\/wp-content\/uploads\/2022\/04\/IMG-20220420-WA0039.jpg?w=1080 1080w\" data-sizes=\"(max-width: 640px) 100vw, 640px\" src=\"data:image\/svg+xml;base64,PHN2ZyB3aWR0aD0iMSIgaGVpZ2h0PSIxIiB4bWxucz0iaHR0cDovL3d3dy53My5vcmcvMjAwMC9zdmciPjwvc3ZnPg==\" style=\"--smush-placeholder-width: 640px; --smush-placeholder-aspect-ratio: 640\/441;\" \/><\/a><\/figure>\n\n\n\n<p>Para el comienzo del encuentro el t\u00e9cnico interino de los locales,&nbsp;<strong>Julio Vaccari&nbsp;<\/strong>dispuso que&nbsp;<strong>V\u00e9lez&nbsp;<\/strong>tenga una postura mucho m\u00e1s agresiva, mientras que&nbsp;<strong>Sergio Rondina<\/strong>&nbsp;apost\u00f3 por un 4-4-2, aunque sus delanteros presionaron a los defensores locales cerca de su \u00e1rea.<\/p>\n\n\n\n<figure class=\"wp-block-image size-full\"><a href=\"https:\/\/i0.wp.com\/elterritorialweb.com.ar\/web\/wp-content\/uploads\/2022\/04\/IMG-20220420-WA0043.jpg\"><img data-recalc-dims=\"1\" decoding=\"async\" width=\"640\" height=\"730\" data-src=\"https:\/\/i0.wp.com\/elterritorialweb.com.ar\/web\/wp-content\/uploads\/2022\/04\/IMG-20220420-WA0043.jpg?resize=640%2C730\" alt=\"\" class=\"wp-image-38928 lazyload\" data-srcset=\"https:\/\/i0.wp.com\/elterritorialweb.com.ar\/web\/wp-content\/uploads\/2022\/04\/IMG-20220420-WA0043.jpg?w=853 853w, https:\/\/i0.wp.com\/elterritorialweb.com.ar\/web\/wp-content\/uploads\/2022\/04\/IMG-20220420-WA0043.jpg?resize=263%2C300 263w, https:\/\/i0.wp.com\/elterritorialweb.com.ar\/web\/wp-content\/uploads\/2022\/04\/IMG-20220420-WA0043.jpg?resize=768%2C876 768w\" data-sizes=\"(max-width: 640px) 100vw, 640px\" src=\"data:image\/svg+xml;base64,PHN2ZyB3aWR0aD0iMSIgaGVpZ2h0PSIxIiB4bWxucz0iaHR0cDovL3d3dy53My5vcmcvMjAwMC9zdmciPjwvc3ZnPg==\" style=\"--smush-placeholder-width: 640px; --smush-placeholder-aspect-ratio: 640\/730;\" \/><\/a><\/figure>\n\n\n\n<p>El encuentro tuvo la particularidad de que ambos conjuntos dispusieron de duplas centrales que no son habituales titulares.&nbsp;<strong>V\u00e9lez se jug\u00f3 por sus juveniles Dami\u00e1n Fern\u00e1ndez y Valent\u00edn G\u00f3mez, mientras que Central C\u00f3rdoba lo hizo con Mat\u00edas Di Benedetto y Jos\u00e9 Leguizam\u00f3n.<\/strong><\/p>\n\n\n\n<figure class=\"wp-block-image size-large\"><a href=\"https:\/\/i0.wp.com\/elterritorialweb.com.ar\/web\/wp-content\/uploads\/2022\/04\/IMG-20220420-WA0037.jpg\"><img data-recalc-dims=\"1\" decoding=\"async\" width=\"640\" height=\"426\" data-src=\"https:\/\/i0.wp.com\/elterritorialweb.com.ar\/web\/wp-content\/uploads\/2022\/04\/IMG-20220420-WA0037.jpg?resize=640%2C426\" alt=\"\" class=\"wp-image-38929 lazyload\" data-srcset=\"https:\/\/i0.wp.com\/elterritorialweb.com.ar\/web\/wp-content\/uploads\/2022\/04\/IMG-20220420-WA0037.jpg?resize=1024%2C682 1024w, https:\/\/i0.wp.com\/elterritorialweb.com.ar\/web\/wp-content\/uploads\/2022\/04\/IMG-20220420-WA0037.jpg?resize=300%2C200 300w, https:\/\/i0.wp.com\/elterritorialweb.com.ar\/web\/wp-content\/uploads\/2022\/04\/IMG-20220420-WA0037.jpg?resize=768%2C511 768w, https:\/\/i0.wp.com\/elterritorialweb.com.ar\/web\/wp-content\/uploads\/2022\/04\/IMG-20220420-WA0037.jpg?w=1080 1080w\" data-sizes=\"(max-width: 640px) 100vw, 640px\" src=\"data:image\/svg+xml;base64,PHN2ZyB3aWR0aD0iMSIgaGVpZ2h0PSIxIiB4bWxucz0iaHR0cDovL3d3dy53My5vcmcvMjAwMC9zdmciPjwvc3ZnPg==\" style=\"--smush-placeholder-width: 640px; --smush-placeholder-aspect-ratio: 640\/426;\" \/><\/a><\/figure>\n\n\n\n<p><strong>Orellano&nbsp;<\/strong>se par\u00f3 en el lateral derecho del ataque de&nbsp;<strong>V\u00e9lez&nbsp;<\/strong>ya que el zurdo pod\u00eda gambetear hacia adentro y aprovechar su pegada. Y precisamente al jugar como un extremo, el talentoso juvenil fue el encargado de preocupar a los de&nbsp;<strong>Rondina&nbsp;<\/strong>con sus desbordes y centros para el \u201cOso\u201d Lucas Pratto.<\/p>\n\n\n\n<figure class=\"wp-block-image size-large\"><a href=\"https:\/\/i0.wp.com\/elterritorialweb.com.ar\/web\/wp-content\/uploads\/2022\/04\/IMG-20220420-WA0032.jpg\"><img data-recalc-dims=\"1\" decoding=\"async\" width=\"640\" height=\"443\" data-src=\"https:\/\/i0.wp.com\/elterritorialweb.com.ar\/web\/wp-content\/uploads\/2022\/04\/IMG-20220420-WA0032.jpg?resize=640%2C443\" alt=\"\" class=\"wp-image-38930 lazyload\" data-srcset=\"https:\/\/i0.wp.com\/elterritorialweb.com.ar\/web\/wp-content\/uploads\/2022\/04\/IMG-20220420-WA0032.jpg?resize=1024%2C709 1024w, https:\/\/i0.wp.com\/elterritorialweb.com.ar\/web\/wp-content\/uploads\/2022\/04\/IMG-20220420-WA0032.jpg?resize=300%2C208 300w, https:\/\/i0.wp.com\/elterritorialweb.com.ar\/web\/wp-content\/uploads\/2022\/04\/IMG-20220420-WA0032.jpg?resize=768%2C532 768w, https:\/\/i0.wp.com\/elterritorialweb.com.ar\/web\/wp-content\/uploads\/2022\/04\/IMG-20220420-WA0032.jpg?w=1111 1111w\" data-sizes=\"(max-width: 640px) 100vw, 640px\" src=\"data:image\/svg+xml;base64,PHN2ZyB3aWR0aD0iMSIgaGVpZ2h0PSIxIiB4bWxucz0iaHR0cDovL3d3dy53My5vcmcvMjAwMC9zdmciPjwvc3ZnPg==\" style=\"--smush-placeholder-width: 640px; --smush-placeholder-aspect-ratio: 640\/443;\" \/><\/a><\/figure>\n\n\n\n<p><strong>Vaccari&nbsp;<\/strong>tambi\u00e9n apostaba a las subidas de<strong>&nbsp;Emanuel Ins\u00faa<\/strong>, que le entrego r\u00e9ditos r\u00e1pidamente a los 14 minutos cuando meti\u00f3 un desborde profundo y lanz\u00f3 un centro que en el segundo palo&nbsp;<strong>Luca Orellano<\/strong>&nbsp;recibi\u00f3 de aire y defini\u00f3 con mucha clase con su pierna m\u00e1s h\u00e1bil, la izquierda.<\/p>\n\n\n\n<figure class=\"wp-block-image size-large\"><a href=\"https:\/\/i0.wp.com\/elterritorialweb.com.ar\/web\/wp-content\/uploads\/2022\/04\/IMG-20220420-WA0035.jpg\"><img data-recalc-dims=\"1\" decoding=\"async\" width=\"640\" height=\"453\" data-src=\"https:\/\/i0.wp.com\/elterritorialweb.com.ar\/web\/wp-content\/uploads\/2022\/04\/IMG-20220420-WA0035.jpg?resize=640%2C453\" alt=\"\" class=\"wp-image-38931 lazyload\" data-srcset=\"https:\/\/i0.wp.com\/elterritorialweb.com.ar\/web\/wp-content\/uploads\/2022\/04\/IMG-20220420-WA0035.jpg?resize=1024%2C724 1024w, https:\/\/i0.wp.com\/elterritorialweb.com.ar\/web\/wp-content\/uploads\/2022\/04\/IMG-20220420-WA0035.jpg?resize=300%2C212 300w, https:\/\/i0.wp.com\/elterritorialweb.com.ar\/web\/wp-content\/uploads\/2022\/04\/IMG-20220420-WA0035.jpg?resize=768%2C543 768w, https:\/\/i0.wp.com\/elterritorialweb.com.ar\/web\/wp-content\/uploads\/2022\/04\/IMG-20220420-WA0035.jpg?w=1080 1080w\" data-sizes=\"(max-width: 640px) 100vw, 640px\" src=\"data:image\/svg+xml;base64,PHN2ZyB3aWR0aD0iMSIgaGVpZ2h0PSIxIiB4bWxucz0iaHR0cDovL3d3dy53My5vcmcvMjAwMC9zdmciPjwvc3ZnPg==\" style=\"--smush-placeholder-width: 640px; --smush-placeholder-aspect-ratio: 640\/453;\" \/><\/a><\/figure>\n\n\n\n<p><strong>V\u00e9lez&nbsp;<\/strong>sigui\u00f3 manejando la pelota aunque baj\u00f3 la intensidad de su presi\u00f3n, pero&nbsp;<strong>Central C\u00f3rdoba&nbsp;<\/strong>reci\u00e9n hizo trabajar a&nbsp;<strong>Hoyos&nbsp;<\/strong>en el minuto 28 con un disparo desde afuera del \u00e1rea por parte de&nbsp;<strong>Juan Cruz Kaprof.<\/strong><\/p>\n\n\n\n<p>Para el segundo tiempo ambos t\u00e9cnicos movieron el banco de suplentes, pero&nbsp;<strong>Central C\u00f3rdoba<\/strong>&nbsp;hizo todo bien para meter a&nbsp;<strong>V\u00e9lez&nbsp;<\/strong>contra&nbsp;<strong>Hoyos&nbsp;<\/strong>y as\u00ed lleg\u00f3 el empate a los 61 minutos cuando a la salida de un c\u00f3rner, el local se lanz\u00f3 al contraataque pero los de&nbsp;<strong>Rondina&nbsp;<\/strong>metieron un pelotazo al \u00e1rea,&nbsp;<strong>Leguizam\u00f3n&nbsp;<\/strong>se la baj\u00f3 al segundo palo a&nbsp;<strong>Renzo L\u00f3pez,&nbsp;<\/strong>que la empuj\u00f3 a la red.<\/p>\n\n\n\n<figure class=\"wp-block-embed is-type-video is-provider-youtube wp-block-embed-youtube wp-embed-aspect-16-9 wp-has-aspect-ratio\"><div class=\"wp-block-embed__wrapper\">\n<iframe title=\"\u00a1EL FERROVIARIO LE GAN\u00d3 AL FORT\u00cdN EN EL AMALFITANI! | V\u00e9lez 1-2 Central C\u00f3rdoba (SdE) | RESUMEN\" width=\"640\" height=\"360\" data-src=\"https:\/\/www.youtube.com\/embed\/ziAwDxTR1gE?feature=oembed\" frameborder=\"0\" allow=\"accelerometer; autoplay; clipboard-write; encrypted-media; gyroscope; picture-in-picture; web-share\" referrerpolicy=\"strict-origin-when-cross-origin\" allowfullscreen src=\"data:image\/svg+xml;base64,PHN2ZyB3aWR0aD0iMSIgaGVpZ2h0PSIxIiB4bWxucz0iaHR0cDovL3d3dy53My5vcmcvMjAwMC9zdmciPjwvc3ZnPg==\" class=\"lazyload\" data-load-mode=\"1\"><\/iframe>\n<\/div><\/figure>\n\n\n\n<p>El elenco ferroviario gan\u00f3 con el ingreso de<strong>&nbsp;Claudio Ria\u00f1o y Gonzalo R\u00edos<\/strong>&nbsp;y fue m\u00e1s profundo y agresivo.<\/p>\n\n\n\n<p>De esta manera,<strong>&nbsp;Central C\u00f3rdoba&nbsp;<\/strong>empat\u00f3 el encuentro y vio llegar dividendos como resultado de haber empujado a&nbsp;<strong>V\u00e9lez<\/strong>&nbsp;contra su valla. En esos minutos,&nbsp;<strong>Orellano&nbsp;<\/strong>sufri\u00f3 un golpe y sali\u00f3 con la particularidad de ser reemplazado por el juvenil&nbsp;<strong>Lenny Lobato,<\/strong>&nbsp;nacido en Brasil pero nieto de la fallecida vedette argentina&nbsp;<strong>N\u00e9lida Lobato.<\/strong><\/p>\n\n\n\n<figure class=\"wp-block-image size-large\"><a href=\"https:\/\/i0.wp.com\/elterritorialweb.com.ar\/web\/wp-content\/uploads\/2022\/04\/IMG-20220420-WA0033.jpg\"><img data-recalc-dims=\"1\" decoding=\"async\" width=\"640\" height=\"960\" data-src=\"https:\/\/i0.wp.com\/elterritorialweb.com.ar\/web\/wp-content\/uploads\/2022\/04\/IMG-20220420-WA0033.jpg?resize=640%2C960\" alt=\"\" class=\"wp-image-38933 lazyload\" data-srcset=\"https:\/\/i0.wp.com\/elterritorialweb.com.ar\/web\/wp-content\/uploads\/2022\/04\/IMG-20220420-WA0033.jpg?resize=683%2C1024 683w, https:\/\/i0.wp.com\/elterritorialweb.com.ar\/web\/wp-content\/uploads\/2022\/04\/IMG-20220420-WA0033.jpg?resize=200%2C300 200w, https:\/\/i0.wp.com\/elterritorialweb.com.ar\/web\/wp-content\/uploads\/2022\/04\/IMG-20220420-WA0033.jpg?resize=768%2C1152 768w, https:\/\/i0.wp.com\/elterritorialweb.com.ar\/web\/wp-content\/uploads\/2022\/04\/IMG-20220420-WA0033.jpg?resize=1024%2C1536 1024w, https:\/\/i0.wp.com\/elterritorialweb.com.ar\/web\/wp-content\/uploads\/2022\/04\/IMG-20220420-WA0033.jpg?w=1066 1066w\" data-sizes=\"(max-width: 640px) 100vw, 640px\" src=\"data:image\/svg+xml;base64,PHN2ZyB3aWR0aD0iMSIgaGVpZ2h0PSIxIiB4bWxucz0iaHR0cDovL3d3dy53My5vcmcvMjAwMC9zdmciPjwvc3ZnPg==\" style=\"--smush-placeholder-width: 640px; --smush-placeholder-aspect-ratio: 640\/960;\" \/><\/a><\/figure>\n\n\n\n<p>Y de tanto ir el&nbsp;<strong>Ferro&nbsp;<\/strong>tuvo su premio, que calc\u00f3 la f\u00f3rmula del primer gol, ya que un pelotazo largo a<strong>&nbsp;Renzo L\u00f3pez,<\/strong>&nbsp;que recibi\u00f3 en en la esquina derecha del \u00e1rea de&nbsp;<strong>V\u00e9lez&nbsp;<\/strong>y cedi\u00f3 al medio, permiti\u00f3 que&nbsp;<strong>Jonathan Bay&nbsp;<\/strong>empujara el bal\u00f3n al fondo de la red.<\/p>\n\n\n\n<figure class=\"wp-block-image size-large\"><a href=\"https:\/\/i0.wp.com\/elterritorialweb.com.ar\/web\/wp-content\/uploads\/2022\/04\/IMG-20220420-WA0046.jpg\"><img data-recalc-dims=\"1\" decoding=\"async\" width=\"640\" height=\"426\" data-src=\"https:\/\/i0.wp.com\/elterritorialweb.com.ar\/web\/wp-content\/uploads\/2022\/04\/IMG-20220420-WA0046.jpg?resize=640%2C426\" alt=\"\" class=\"wp-image-38934 lazyload\" data-srcset=\"https:\/\/i0.wp.com\/elterritorialweb.com.ar\/web\/wp-content\/uploads\/2022\/04\/IMG-20220420-WA0046.jpg?resize=1024%2C682 1024w, https:\/\/i0.wp.com\/elterritorialweb.com.ar\/web\/wp-content\/uploads\/2022\/04\/IMG-20220420-WA0046.jpg?resize=300%2C200 300w, https:\/\/i0.wp.com\/elterritorialweb.com.ar\/web\/wp-content\/uploads\/2022\/04\/IMG-20220420-WA0046.jpg?resize=768%2C512 768w, https:\/\/i0.wp.com\/elterritorialweb.com.ar\/web\/wp-content\/uploads\/2022\/04\/IMG-20220420-WA0046.jpg?w=1280 1280w\" data-sizes=\"(max-width: 640px) 100vw, 640px\" src=\"data:image\/svg+xml;base64,PHN2ZyB3aWR0aD0iMSIgaGVpZ2h0PSIxIiB4bWxucz0iaHR0cDovL3d3dy53My5vcmcvMjAwMC9zdmciPjwvc3ZnPg==\" style=\"--smush-placeholder-width: 640px; --smush-placeholder-aspect-ratio: 640\/426;\" \/><\/a><\/figure>\n\n\n\n<p>El arbitro&nbsp;<strong>Pablo Echavarr\u00eda<\/strong>&nbsp;recurri\u00f3 al&nbsp;<strong>VAR&nbsp;<\/strong>para consultar y la teconolog\u00eda corrigi\u00f3 la posici\u00f3n adelantada que se hab\u00eda marcado decretando el 2-1 para el&nbsp;<strong>Ferro<\/strong>.<\/p>\n\n\n\n<figure class=\"wp-block-image size-large\"><a href=\"https:\/\/i0.wp.com\/elterritorialweb.com.ar\/web\/wp-content\/uploads\/2022\/04\/IMG-20220420-WA0034.jpg\"><img data-recalc-dims=\"1\" decoding=\"async\" width=\"640\" height=\"427\" data-src=\"https:\/\/i0.wp.com\/elterritorialweb.com.ar\/web\/wp-content\/uploads\/2022\/04\/IMG-20220420-WA0034.jpg?resize=640%2C427\" alt=\"\" class=\"wp-image-38935 lazyload\" data-srcset=\"https:\/\/i0.wp.com\/elterritorialweb.com.ar\/web\/wp-content\/uploads\/2022\/04\/IMG-20220420-WA0034.jpg?resize=1024%2C683 1024w, https:\/\/i0.wp.com\/elterritorialweb.com.ar\/web\/wp-content\/uploads\/2022\/04\/IMG-20220420-WA0034.jpg?resize=300%2C200 300w, https:\/\/i0.wp.com\/elterritorialweb.com.ar\/web\/wp-content\/uploads\/2022\/04\/IMG-20220420-WA0034.jpg?resize=768%2C512 768w, https:\/\/i0.wp.com\/elterritorialweb.com.ar\/web\/wp-content\/uploads\/2022\/04\/IMG-20220420-WA0034.jpg?resize=1536%2C1024 1536w, https:\/\/i0.wp.com\/elterritorialweb.com.ar\/web\/wp-content\/uploads\/2022\/04\/IMG-20220420-WA0034.jpg?w=1599 1599w, https:\/\/i0.wp.com\/elterritorialweb.com.ar\/web\/wp-content\/uploads\/2022\/04\/IMG-20220420-WA0034.jpg?w=1280 1280w\" data-sizes=\"(max-width: 640px) 100vw, 640px\" src=\"data:image\/svg+xml;base64,PHN2ZyB3aWR0aD0iMSIgaGVpZ2h0PSIxIiB4bWxucz0iaHR0cDovL3d3dy53My5vcmcvMjAwMC9zdmciPjwvc3ZnPg==\" style=\"--smush-placeholder-width: 640px; --smush-placeholder-aspect-ratio: 640\/427;\" \/><\/a><\/figure>\n\n\n\n<p>El gol de&nbsp;<strong>Bay&nbsp;<\/strong>abri\u00f3 el grifo para que los hinchas de&nbsp;<strong>V\u00e9lez<\/strong>&nbsp;comenzaran a criticar e insultar a sus dirigentes, en especial al presidente&nbsp;<strong>Sergio Rapisarda.<\/strong><\/p>\n\n\n\n<p>En los minutos finales el elenco santiague\u00f1o pudo haber ampliado la diferencia,<strong>&nbsp;Abel Arga\u00f1araz<\/strong>&nbsp;gambete\u00f3 a&nbsp;<strong>Hoyos&nbsp;<\/strong>y cuando intentaba definir desde un \u00e1ngulo muy cerrado,&nbsp;<strong>Valent\u00edn G\u00f3mez<\/strong>&nbsp;sac\u00f3 la pelota en la l\u00ednea, en la \u00faltima acci\u00f3n del cotejo.<\/p>\n\n\n\n<p>Triunfazo del&nbsp;<strong>Ferro&nbsp;<\/strong>en&nbsp;<strong>Liniers<\/strong>, que le permite llegar entonado al choque del pr\u00f3ximo s\u00e1bado ante<strong>&nbsp;Boca en el Estadio \u00danico \u201cMadre de Ciudades\u201d.<\/strong><\/p>\n","protected":false},"excerpt":{"rendered":"<p>El equipo ferroviario di\u00f3 vuelta un partido dif\u00edcil de visitante en Liniers y se impuso por 2 a 1 ante V\u00e9lez Sarsfield.<\/p>\n","protected":false},"author":2,"featured_media":38925,"comment_status":"open","ping_status":"open","sticky":false,"template":"","format":"standard","meta":{"om_disable_all_campaigns":false,"_monsterinsights_skip_tracking":false,"_monsterinsights_sitenote_active":false,"_monsterinsights_sitenote_note":"","_monsterinsights_sitenote_category":0,"_uf_show_specific_survey":0,"_uf_disable_surveys":false,"jetpack_post_was_ever_published":false,"_jetpack_newsletter_access":"","_jetpack_dont_email_post_to_subs":false,"_jetpack_newsletter_tier_id":0,"_jetpack_memberships_contains_paywalled_content":false,"_jetpack_memberships_contains_paid_content":false,"footnotes":"","jetpack_publicize_message":"","jetpack_publicize_feature_enabled":true,"jetpack_social_post_already_shared":false,"jetpack_social_options":{"image_generator_settings":{"template":"highway","default_image_id":0,"font":"","enabled":false},"version":2}},"categories":[6],"tags":[],"class_list":["post-38924","post","type-post","status-publish","format-standard","has-post-thumbnail","hentry","category-deportes"],"aioseo_notices":[],"views":8,"jetpack_publicize_connections":[],"jetpack_featured_media_url":"https:\/\/i0.wp.com\/elterritorialweb.com.ar\/web\/wp-content\/uploads\/2022\/04\/IMG-20220420-WA0038.jpg?fit=1080%2C689","jetpack_sharing_enabled":true,"_links":{"self":[{"href":"http:\/\/elterritorialweb.com.ar\/web\/wp-json\/wp\/v2\/posts\/38924","targetHints":{"allow":["GET"]}}],"collection":[{"href":"http:\/\/elterritorialweb.com.ar\/web\/wp-json\/wp\/v2\/posts"}],"about":[{"href":"http:\/\/elterritorialweb.com.ar\/web\/wp-json\/wp\/v2\/types\/post"}],"author":[{"embeddable":true,"href":"http:\/\/elterritorialweb.com.ar\/web\/wp-json\/wp\/v2\/users\/2"}],"replies":[{"embeddable":true,"href":"http:\/\/elterritorialweb.com.ar\/web\/wp-json\/wp\/v2\/comments?post=38924"}],"version-history":[{"count":2,"href":"http:\/\/elterritorialweb.com.ar\/web\/wp-json\/wp\/v2\/posts\/38924\/revisions"}],"predecessor-version":[{"id":38937,"href":"http:\/\/elterritorialweb.com.ar\/web\/wp-json\/wp\/v2\/posts\/38924\/revisions\/38937"}],"wp:featuredmedia":[{"embeddable":true,"href":"http:\/\/elterritorialweb.com.ar\/web\/wp-json\/wp\/v2\/media\/38925"}],"wp:attachment":[{"href":"http:\/\/elterritorialweb.com.ar\/web\/wp-json\/wp\/v2\/media?parent=38924"}],"wp:term":[{"taxonomy":"category","embeddable":true,"href":"http:\/\/elterritorialweb.com.ar\/web\/wp-json\/wp\/v2\/categories?post=38924"},{"taxonomy":"post_tag","embeddable":true,"href":"http:\/\/elterritorialweb.com.ar\/web\/wp-json\/wp\/v2\/tags?post=38924"}],"curies":[{"name":"wp","href":"https:\/\/api.w.org\/{rel}","templated":true}]}}