{"id":38957,"date":"2022-04-21T02:20:34","date_gmt":"2022-04-21T02:20:34","guid":{"rendered":"http:\/\/elterritorialweb.com.ar\/web\/?p=38957"},"modified":"2022-04-21T02:20:35","modified_gmt":"2022-04-21T02:20:35","slug":"multitudinario-plenario-de-educadores-bandenos-y-personalidades-de-la-cultura-en-apoyo-al-roger-nediani","status":"publish","type":"post","link":"http:\/\/elterritorialweb.com.ar\/web\/multitudinario-plenario-de-educadores-bandenos-y-personalidades-de-la-cultura-en-apoyo-al-roger-nediani\/","title":{"rendered":"MULTITUDINARIO PLENARIO DE EDUCADORES BANDE\u00d1OS Y PERSONALIDADES DE LA CULTURA EN APOYO AL ROGER NEDIANI"},"content":{"rendered":"\n<p>El mismo tuvo una amplia convocatoria al que participaron autoridades municipales de diferentes \u00e1reas, docentes bande\u00f1os, personalidades de la cultura, el presidente del Partido Renovador Democr\u00e1tico Guillermo \u00abKuky\u00bb Mirolo, y dem\u00e1s p\u00fablico.<br>En la oportunidad, Nediani destac\u00f3: \u00abTenemos que defender este proyecto que hemos llevado adelante exitosamente entre todos durante estos \u00faltimos 8 a\u00f1os de gesti\u00f3n.<br>Este a\u00f1o es muy especial para los bande\u00f1os porque est\u00e1 en juego algo muy importante, si volvemos al pasado o seguimos trabajando por un futuro mejor con m\u00e1s educaci\u00f3n, seguridad, obras p\u00fablicas y servicios p\u00fablicos.<br>Particularmente quiero invitarlos a todos y todas a que sigamos trabajando unidos y que sigamos comprometidos con nuestro trabajo y con los vecinos de la ciudad de La Banda\u00bb.<br>Por otra parte, Stella Maris Mirolo destac\u00f3 los logros m\u00e1s importantes en materia de Educaci\u00f3n y Cultura de la gesti\u00f3n del ex intendente Pablo Mirolo y la actual gesti\u00f3n del intendente Roger Nediani, logros como la creaci\u00f3n de nuevos Jardines Municipales, los Espacios de Primera Infancia, las Escuelas Primaria y Secundaria, el Plan Nutricional, las constantes capacitaciones del personal docente y el boleto estudiantil gratuito, entre otras cosas.<br>Tambi\u00e9n destac\u00f3 todo lo que se hizo en materia de Cultura apoyando a los artistas locales y generando espacios de capacitaci\u00f3n y expresiones art\u00edsticas en toda la ciudad.<br>Finalmente, Stella Mirolo manifest\u00f3 que apoyar\u00e1n y acompa\u00f1ar\u00e1n a Nediani en las pr\u00f3ximas elecciones para intendente con la expectativa de seguir transformando la ciudad a trav\u00e9s de la educaci\u00f3n p\u00fablica, gratuita y de calidad, y la difusi\u00f3n de la cultura local.<\/p>\n","protected":false},"excerpt":{"rendered":"<p>El candidato a intendente por el Frente Renovador, Roger Nediani, particip\u00f3 en un encuentro denominado \u00abDi\u00e1logo, Educaci\u00f3n y Cultura\u00bb, organizado por educadores bande\u00f1os representados por Stella Maris Mirolo.<\/p>\n","protected":false},"author":2,"featured_media":38958,"comment_status":"open","ping_status":"open","sticky":false,"template":"","format":"standard","meta":{"om_disable_all_campaigns":false,"_monsterinsights_skip_tracking":false,"_monsterinsights_sitenote_active":false,"_monsterinsights_sitenote_note":"","_monsterinsights_sitenote_category":0,"_uf_show_specific_survey":0,"_uf_disable_surveys":false,"jetpack_post_was_ever_published":false,"_jetpack_newsletter_access":"","_jetpack_dont_email_post_to_subs":false,"_jetpack_newsletter_tier_id":0,"_jetpack_memberships_contains_paywalled_content":false,"_jetpack_memberships_contains_paid_content":false,"footnotes":"","jetpack_publicize_message":"","jetpack_publicize_feature_enabled":true,"jetpack_social_post_already_shared":false,"jetpack_social_options":{"image_generator_settings":{"template":"highway","default_image_id":0,"font":"","enabled":false},"version":2}},"categories":[18],"tags":[],"class_list":["post-38957","post","type-post","status-publish","format-standard","has-post-thumbnail","hentry","category-politica"],"aioseo_notices":[],"views":10,"jetpack_publicize_connections":[],"jetpack_featured_media_url":"https:\/\/i0.wp.com\/elterritorialweb.com.ar\/web\/wp-content\/uploads\/2022\/04\/IMG-20220420-WA0031.jpg?fit=1280%2C621","jetpack_sharing_enabled":true,"_links":{"self":[{"href":"http:\/\/elterritorialweb.com.ar\/web\/wp-json\/wp\/v2\/posts\/38957","targetHints":{"allow":["GET"]}}],"collection":[{"href":"http:\/\/elterritorialweb.com.ar\/web\/wp-json\/wp\/v2\/posts"}],"about":[{"href":"http:\/\/elterritorialweb.com.ar\/web\/wp-json\/wp\/v2\/types\/post"}],"author":[{"embeddable":true,"href":"http:\/\/elterritorialweb.com.ar\/web\/wp-json\/wp\/v2\/users\/2"}],"replies":[{"embeddable":true,"href":"http:\/\/elterritorialweb.com.ar\/web\/wp-json\/wp\/v2\/comments?post=38957"}],"version-history":[{"count":1,"href":"http:\/\/elterritorialweb.com.ar\/web\/wp-json\/wp\/v2\/posts\/38957\/revisions"}],"predecessor-version":[{"id":38959,"href":"http:\/\/elterritorialweb.com.ar\/web\/wp-json\/wp\/v2\/posts\/38957\/revisions\/38959"}],"wp:featuredmedia":[{"embeddable":true,"href":"http:\/\/elterritorialweb.com.ar\/web\/wp-json\/wp\/v2\/media\/38958"}],"wp:attachment":[{"href":"http:\/\/elterritorialweb.com.ar\/web\/wp-json\/wp\/v2\/media?parent=38957"}],"wp:term":[{"taxonomy":"category","embeddable":true,"href":"http:\/\/elterritorialweb.com.ar\/web\/wp-json\/wp\/v2\/categories?post=38957"},{"taxonomy":"post_tag","embeddable":true,"href":"http:\/\/elterritorialweb.com.ar\/web\/wp-json\/wp\/v2\/tags?post=38957"}],"curies":[{"name":"wp","href":"https:\/\/api.w.org\/{rel}","templated":true}]}}