{"id":38960,"date":"2022-04-21T11:37:36","date_gmt":"2022-04-21T11:37:36","guid":{"rendered":"http:\/\/elterritorialweb.com.ar\/web\/?p=38960"},"modified":"2022-04-21T11:37:37","modified_gmt":"2022-04-21T11:37:37","slug":"tras-otra-mala-actuacion-boca-empato-con-godoy-cruz-en-la-bombonera","status":"publish","type":"post","link":"http:\/\/elterritorialweb.com.ar\/web\/tras-otra-mala-actuacion-boca-empato-con-godoy-cruz-en-la-bombonera\/","title":{"rendered":"TRAS OTRA MALA ACTUACI\u00d3N, BOCA EMPAT\u00d3 CON GODOY CRUZ EN LA BOMBONERA"},"content":{"rendered":"\n<p>Boca Juniors, en otra mala actuaci\u00f3n igual\u00f3 de local 1 a 1 con Godoy Cruz por la 11ma. fecha de la Copa de la Liga Profesional con goles de Dar\u00edo Benedetto, de penal, y Salom\u00f3n Rodriguez para los visitantes.<\/p>\n\n\n\n<figure class=\"wp-block-image size-full\"><a href=\"https:\/\/i0.wp.com\/elterritorialweb.com.ar\/web\/wp-content\/uploads\/2022\/04\/FQ1bQWlXoAAs4P2.jpeg\"><img data-recalc-dims=\"1\" decoding=\"async\" width=\"640\" height=\"550\" data-src=\"https:\/\/i0.wp.com\/elterritorialweb.com.ar\/web\/wp-content\/uploads\/2022\/04\/FQ1bQWlXoAAs4P2.jpeg?resize=640%2C550\" alt=\"\" class=\"wp-image-38962 lazyload\" data-srcset=\"https:\/\/i0.wp.com\/elterritorialweb.com.ar\/web\/wp-content\/uploads\/2022\/04\/FQ1bQWlXoAAs4P2.jpeg?w=1024 1024w, https:\/\/i0.wp.com\/elterritorialweb.com.ar\/web\/wp-content\/uploads\/2022\/04\/FQ1bQWlXoAAs4P2.jpeg?resize=300%2C258 300w, https:\/\/i0.wp.com\/elterritorialweb.com.ar\/web\/wp-content\/uploads\/2022\/04\/FQ1bQWlXoAAs4P2.jpeg?resize=768%2C660 768w\" data-sizes=\"(max-width: 640px) 100vw, 640px\" src=\"data:image\/svg+xml;base64,PHN2ZyB3aWR0aD0iMSIgaGVpZ2h0PSIxIiB4bWxucz0iaHR0cDovL3d3dy53My5vcmcvMjAwMC9zdmciPjwvc3ZnPg==\" style=\"--smush-placeholder-width: 640px; --smush-placeholder-aspect-ratio: 640\/550;\" \/><\/a><\/figure>\n\n\n\n<p>De esta manera esta cuarto en la Zona 2 con 18 unidades y por ahora pasa a los cuartos de final de la Copa de la Liga Profesional, a solo tres fechas de que culmine la fase de grupos.<\/p>\n\n\n\n<p>Con los gritos de fondo de \u00aba ver los jugadores si pueden o\u00edr, con la camiseta de Boca ganar o morir\u00bb de un lado, y del otro el \u00abdale Boca\u00bb cl\u00e1sico, el final mostr\u00f3 a un equipo que atacaba a los \u00abponchazos\u00bb y sin claridad ante otro que no le supo dar la estocada final para conseguir una victoria que merec\u00eda.<\/p>\n\n\n\n<figure class=\"wp-block-image size-full\"><a href=\"https:\/\/i0.wp.com\/elterritorialweb.com.ar\/web\/wp-content\/uploads\/2022\/04\/FQ1IsDJWYAI17a4.jpeg\"><img data-recalc-dims=\"1\" decoding=\"async\" width=\"640\" height=\"489\" data-src=\"https:\/\/i0.wp.com\/elterritorialweb.com.ar\/web\/wp-content\/uploads\/2022\/04\/FQ1IsDJWYAI17a4.jpeg?resize=640%2C489\" alt=\"\" class=\"wp-image-38964 lazyload\" data-srcset=\"https:\/\/i0.wp.com\/elterritorialweb.com.ar\/web\/wp-content\/uploads\/2022\/04\/FQ1IsDJWYAI17a4.jpeg?w=680 680w, https:\/\/i0.wp.com\/elterritorialweb.com.ar\/web\/wp-content\/uploads\/2022\/04\/FQ1IsDJWYAI17a4.jpeg?resize=300%2C229 300w\" data-sizes=\"(max-width: 640px) 100vw, 640px\" src=\"data:image\/svg+xml;base64,PHN2ZyB3aWR0aD0iMSIgaGVpZ2h0PSIxIiB4bWxucz0iaHR0cDovL3d3dy53My5vcmcvMjAwMC9zdmciPjwvc3ZnPg==\" style=\"--smush-placeholder-width: 640px; --smush-placeholder-aspect-ratio: 640\/489;\" \/><\/a><\/figure>\n\n\n\n<p>Javier Garc\u00eda, la gran figura del partido en una doble atajada sobre el final, evit\u00f3 el triunfo de Godoy Cruz y que a la mala actuaci\u00f3n de sus compa\u00f1eros se le agregara una derrota que pod\u00eda tener consecuencias para el futuro del cuerpo t\u00e9cnico.<\/p>\n\n\n\n<p>El orden futbol\u00edstico de Godoy Cruz donde sobresalieron Acevedo y Ojeda fueron demasiado para el juego sin ideas de los locales.<\/p>\n\n\n\n<figure class=\"wp-block-image size-large\"><a href=\"https:\/\/i0.wp.com\/elterritorialweb.com.ar\/web\/wp-content\/uploads\/2022\/04\/FQ1bR8aXEAA_-13.jpeg\"><img data-recalc-dims=\"1\" decoding=\"async\" width=\"640\" height=\"460\" data-src=\"https:\/\/i0.wp.com\/elterritorialweb.com.ar\/web\/wp-content\/uploads\/2022\/04\/FQ1bR8aXEAA_-13.jpeg?resize=640%2C460\" alt=\"\" class=\"wp-image-38965 lazyload\" data-srcset=\"https:\/\/i0.wp.com\/elterritorialweb.com.ar\/web\/wp-content\/uploads\/2022\/04\/FQ1bR8aXEAA_-13.jpeg?resize=1024%2C736 1024w, https:\/\/i0.wp.com\/elterritorialweb.com.ar\/web\/wp-content\/uploads\/2022\/04\/FQ1bR8aXEAA_-13.jpeg?resize=300%2C216 300w, https:\/\/i0.wp.com\/elterritorialweb.com.ar\/web\/wp-content\/uploads\/2022\/04\/FQ1bR8aXEAA_-13.jpeg?resize=768%2C552 768w, https:\/\/i0.wp.com\/elterritorialweb.com.ar\/web\/wp-content\/uploads\/2022\/04\/FQ1bR8aXEAA_-13.jpeg?resize=1536%2C1104 1536w, https:\/\/i0.wp.com\/elterritorialweb.com.ar\/web\/wp-content\/uploads\/2022\/04\/FQ1bR8aXEAA_-13.jpeg?w=2048 2048w, https:\/\/i0.wp.com\/elterritorialweb.com.ar\/web\/wp-content\/uploads\/2022\/04\/FQ1bR8aXEAA_-13.jpeg?w=1280 1280w, https:\/\/i0.wp.com\/elterritorialweb.com.ar\/web\/wp-content\/uploads\/2022\/04\/FQ1bR8aXEAA_-13.jpeg?w=1920 1920w\" data-sizes=\"(max-width: 640px) 100vw, 640px\" src=\"data:image\/svg+xml;base64,PHN2ZyB3aWR0aD0iMSIgaGVpZ2h0PSIxIiB4bWxucz0iaHR0cDovL3d3dy53My5vcmcvMjAwMC9zdmciPjwvc3ZnPg==\" style=\"--smush-placeholder-width: 640px; --smush-placeholder-aspect-ratio: 640\/460;\" \/><\/a><\/figure>\n\n\n\n<p>El entrenador Sebastian Battaglia plante\u00f3 un esquema, como el domingo pasado en la igualdad 1 a 1 ante Lan\u00fas, con tres volantes y tres delanteros, m\u00e1s pensando que todav\u00eda no hab\u00eda vencido de local en la Copa de la Liga..<\/p>\n\n\n\n<p>Esta vez cambi\u00f3 en la parte ofensiva los dos extremos del fin de semana pasado por un doble nueve con Benedetto y Vazquez, mientras que a Villa lo tiro m\u00e1s por el sector derecho cuando ven\u00eda siendo figura en los \u00faltimos encuentros jugando por izquierda.<\/p>\n\n\n\n<figure class=\"wp-block-image size-full\"><a href=\"https:\/\/i0.wp.com\/elterritorialweb.com.ar\/web\/wp-content\/uploads\/2022\/04\/FQ1VH5uWUAAa9oh.jpeg\"><img data-recalc-dims=\"1\" decoding=\"async\" width=\"640\" height=\"660\" data-src=\"https:\/\/i0.wp.com\/elterritorialweb.com.ar\/web\/wp-content\/uploads\/2022\/04\/FQ1VH5uWUAAa9oh.jpeg?resize=640%2C660\" alt=\"\" class=\"wp-image-38963 lazyload\" data-srcset=\"https:\/\/i0.wp.com\/elterritorialweb.com.ar\/web\/wp-content\/uploads\/2022\/04\/FQ1VH5uWUAAa9oh.jpeg?w=659 659w, https:\/\/i0.wp.com\/elterritorialweb.com.ar\/web\/wp-content\/uploads\/2022\/04\/FQ1VH5uWUAAa9oh.jpeg?resize=291%2C300 291w\" data-sizes=\"(max-width: 640px) 100vw, 640px\" src=\"data:image\/svg+xml;base64,PHN2ZyB3aWR0aD0iMSIgaGVpZ2h0PSIxIiB4bWxucz0iaHR0cDovL3d3dy53My5vcmcvMjAwMC9zdmciPjwvc3ZnPg==\" style=\"--smush-placeholder-width: 640px; --smush-placeholder-aspect-ratio: 640\/660;\" \/><\/a><\/figure>\n\n\n\n<p>Pero el pecado capital estuvo otra vez en la mitad de la cancha, donde solo \u00abPol\u00bb Fern\u00e1ndez ten\u00eda capacidad para cortar juego y por los costados Ram\u00edrez con Medina eran una cosa cuando atacaban y otra cuando ten\u00edan que volver a cubrir los espacios que dejaban.<\/p>\n\n\n\n<p>Entonces el medio de los mendocinos aprovech\u00f3 esos sectores vac\u00edos del campo para proyectar a sus volantes, Ojeda, el jugador m\u00e1s destacado, y subir en forma permanente a sus marcadores de punta, Breintebruch y Franco Negri.<\/p>\n\n\n\n<figure class=\"wp-block-image size-full\"><a href=\"https:\/\/i0.wp.com\/elterritorialweb.com.ar\/web\/wp-content\/uploads\/2022\/04\/WhatsApp-Image-2022-04-20-at-11.10.34-PM-768x512-1.jpeg\"><img data-recalc-dims=\"1\" decoding=\"async\" width=\"640\" height=\"427\" data-src=\"https:\/\/i0.wp.com\/elterritorialweb.com.ar\/web\/wp-content\/uploads\/2022\/04\/WhatsApp-Image-2022-04-20-at-11.10.34-PM-768x512-1.jpeg?resize=640%2C427\" alt=\"\" class=\"wp-image-38966 lazyload\" data-srcset=\"https:\/\/i0.wp.com\/elterritorialweb.com.ar\/web\/wp-content\/uploads\/2022\/04\/WhatsApp-Image-2022-04-20-at-11.10.34-PM-768x512-1.jpeg?w=768 768w, https:\/\/i0.wp.com\/elterritorialweb.com.ar\/web\/wp-content\/uploads\/2022\/04\/WhatsApp-Image-2022-04-20-at-11.10.34-PM-768x512-1.jpeg?resize=300%2C200 300w\" data-sizes=\"(max-width: 640px) 100vw, 640px\" src=\"data:image\/svg+xml;base64,PHN2ZyB3aWR0aD0iMSIgaGVpZ2h0PSIxIiB4bWxucz0iaHR0cDovL3d3dy53My5vcmcvMjAwMC9zdmciPjwvc3ZnPg==\" style=\"--smush-placeholder-width: 640px; --smush-placeholder-aspect-ratio: 640\/427;\" \/><\/a><\/figure>\n\n\n\n<p>Aparte Fabra ten\u00eda una noche desconocida, ya que solo se proyecto dos veces en la ofensiva, ten\u00eda muchos problemas en la marca y por ah\u00ed llegaban siempre los mediocampistas del rival.<\/p>\n\n\n\n<p>En el primer tiempo el partido se hizo de ida y vuelta y dentro de ese panorama los visitantes tuvieron tres mano a mano ante el arquero \u00abxeneize\u00bb, dos evitadas por Garc\u00eda y la otra mal definida por Rodr\u00edguez tras gran pase entre l\u00edneas de Ojeda.<\/p>\n\n\n\n<figure class=\"wp-block-image size-full\"><a href=\"https:\/\/i0.wp.com\/elterritorialweb.com.ar\/web\/wp-content\/uploads\/2022\/04\/WhatsApp-Image-2022-04-20-at-10.14.43-PM-768x512-1.jpeg\"><img data-recalc-dims=\"1\" decoding=\"async\" width=\"640\" height=\"427\" data-src=\"https:\/\/i0.wp.com\/elterritorialweb.com.ar\/web\/wp-content\/uploads\/2022\/04\/WhatsApp-Image-2022-04-20-at-10.14.43-PM-768x512-1.jpeg?resize=640%2C427\" alt=\"\" class=\"wp-image-38967 lazyload\" data-srcset=\"https:\/\/i0.wp.com\/elterritorialweb.com.ar\/web\/wp-content\/uploads\/2022\/04\/WhatsApp-Image-2022-04-20-at-10.14.43-PM-768x512-1.jpeg?w=768 768w, https:\/\/i0.wp.com\/elterritorialweb.com.ar\/web\/wp-content\/uploads\/2022\/04\/WhatsApp-Image-2022-04-20-at-10.14.43-PM-768x512-1.jpeg?resize=300%2C200 300w\" data-sizes=\"(max-width: 640px) 100vw, 640px\" src=\"data:image\/svg+xml;base64,PHN2ZyB3aWR0aD0iMSIgaGVpZ2h0PSIxIiB4bWxucz0iaHR0cDovL3d3dy53My5vcmcvMjAwMC9zdmciPjwvc3ZnPg==\" style=\"--smush-placeholder-width: 640px; --smush-placeholder-aspect-ratio: 640\/427;\" \/><\/a><\/figure>\n\n\n\n<p>Del lado de Boca, Benedetto se retrasaba unos metros y habilit\u00f3 dos veces a V\u00e1zquez, que no pudo terminar bien la jugada.<\/p>\n\n\n\n<p>A los 34 minutos lleg\u00f3 el gol de penal ejecutado por Benedetto tras un claro agarr\u00f3n de Ort\u00edz a Vazquez, y cuando parec\u00eda que el dominio del juego iba a cambiar de due\u00f1o, el \u00abTomba\u00bb segu\u00eda manejando las acciones y por eso no sorprendi\u00f3 que Rodr\u00edguez igualar\u00e1 a los 43 minutos con remate bajo tras centro de Ram\u00edrez.<\/p>\n\n\n\n<figure class=\"wp-block-image size-full\"><a href=\"https:\/\/i0.wp.com\/elterritorialweb.com.ar\/web\/wp-content\/uploads\/2022\/04\/WhatsApp-Image-2022-04-20-at-10.24.43-PM-1-768x523-1.jpeg\"><img data-recalc-dims=\"1\" decoding=\"async\" width=\"640\" height=\"436\" data-src=\"https:\/\/i0.wp.com\/elterritorialweb.com.ar\/web\/wp-content\/uploads\/2022\/04\/WhatsApp-Image-2022-04-20-at-10.24.43-PM-1-768x523-1.jpeg?resize=640%2C436\" alt=\"\" class=\"wp-image-38968 lazyload\" data-srcset=\"https:\/\/i0.wp.com\/elterritorialweb.com.ar\/web\/wp-content\/uploads\/2022\/04\/WhatsApp-Image-2022-04-20-at-10.24.43-PM-1-768x523-1.jpeg?w=768 768w, https:\/\/i0.wp.com\/elterritorialweb.com.ar\/web\/wp-content\/uploads\/2022\/04\/WhatsApp-Image-2022-04-20-at-10.24.43-PM-1-768x523-1.jpeg?resize=300%2C204 300w\" data-sizes=\"(max-width: 640px) 100vw, 640px\" src=\"data:image\/svg+xml;base64,PHN2ZyB3aWR0aD0iMSIgaGVpZ2h0PSIxIiB4bWxucz0iaHR0cDovL3d3dy53My5vcmcvMjAwMC9zdmciPjwvc3ZnPg==\" style=\"--smush-placeholder-width: 640px; --smush-placeholder-aspect-ratio: 640\/436;\" \/><\/a><\/figure>\n\n\n\n<p>En la etapa final, a los 15 minutos Ojeda, solo dentro del \u00e1rea grande remat\u00f3 fuerte y la pelota peg\u00f3 en el travesa\u00f1o. Antes, a los 8, otro remate del volante hab\u00eda sido sacado con esfuerzo por el arquero de los locales.<\/p>\n\n\n\n<p>Luego Battaglia puso en cancha cuatro delanteros, pero eso no significo ni peligrosidad ni jugadas de riesgo para el adversario.<\/p>\n\n\n\n<figure class=\"wp-block-image size-full\"><a href=\"https:\/\/i0.wp.com\/elterritorialweb.com.ar\/web\/wp-content\/uploads\/2022\/04\/WhatsApp-Image-2022-04-20-at-10.14.27-PM-768x512-1.jpeg\"><img data-recalc-dims=\"1\" decoding=\"async\" width=\"640\" height=\"427\" data-src=\"https:\/\/i0.wp.com\/elterritorialweb.com.ar\/web\/wp-content\/uploads\/2022\/04\/WhatsApp-Image-2022-04-20-at-10.14.27-PM-768x512-1.jpeg?resize=640%2C427\" alt=\"\" class=\"wp-image-38969 lazyload\" data-srcset=\"https:\/\/i0.wp.com\/elterritorialweb.com.ar\/web\/wp-content\/uploads\/2022\/04\/WhatsApp-Image-2022-04-20-at-10.14.27-PM-768x512-1.jpeg?w=768 768w, https:\/\/i0.wp.com\/elterritorialweb.com.ar\/web\/wp-content\/uploads\/2022\/04\/WhatsApp-Image-2022-04-20-at-10.14.27-PM-768x512-1.jpeg?resize=300%2C200 300w\" data-sizes=\"(max-width: 640px) 100vw, 640px\" src=\"data:image\/svg+xml;base64,PHN2ZyB3aWR0aD0iMSIgaGVpZ2h0PSIxIiB4bWxucz0iaHR0cDovL3d3dy53My5vcmcvMjAwMC9zdmciPjwvc3ZnPg==\" style=\"--smush-placeholder-width: 640px; --smush-placeholder-aspect-ratio: 640\/427;\" \/><\/a><\/figure>\n\n\n\n<p>En la pr\u00f3xima fecha, la d\u00e9cimosegunda de la Liga Profesional, Boca visitar\u00e1 en Santiago del Estero a Central C\u00f3rdoba, el s\u00e1bado venidero a las 19, y luego el martes 26 de este mes ir\u00e1 a San Pablo para jugar contra Corinthians por la tercera fecha del Grupo E de la Copa Libertadores.<\/p>\n\n\n\n<p>Mientras que el conjunto mendocino har\u00e1 de local en el estadio Malvinas Argentinas ante Lan\u00fas el pr\u00f3ximo domingo desde las 21.30, por la 12da. fecha de la Copa de la Liga Profesional.<\/p>\n","protected":false},"excerpt":{"rendered":"<p>Con un tanto del \u00abPipa\u00bb Benedetto, de penal, a los 34 minutos del primer tiempo, el \u00abXeneize\u00bb superaba a Godoy Cruz, pero enseguida el \u00abTomba\u00bb lo igual\u00f3 gracias a Salom\u00f3n Rodr\u00edguez (43m PT).<\/p>\n","protected":false},"author":2,"featured_media":38961,"comment_status":"open","ping_status":"open","sticky":false,"template":"","format":"standard","meta":{"om_disable_all_campaigns":false,"_monsterinsights_skip_tracking":false,"_monsterinsights_sitenote_active":false,"_monsterinsights_sitenote_note":"","_monsterinsights_sitenote_category":0,"_uf_show_specific_survey":0,"_uf_disable_surveys":false,"jetpack_post_was_ever_published":false,"_jetpack_newsletter_access":"","_jetpack_dont_email_post_to_subs":false,"_jetpack_newsletter_tier_id":0,"_jetpack_memberships_contains_paywalled_content":false,"_jetpack_memberships_contains_paid_content":false,"footnotes":"","jetpack_publicize_message":"","jetpack_publicize_feature_enabled":true,"jetpack_social_post_already_shared":false,"jetpack_social_options":{"image_generator_settings":{"template":"highway","default_image_id":0,"font":"","enabled":false},"version":2}},"categories":[6],"tags":[],"class_list":["post-38960","post","type-post","status-publish","format-standard","has-post-thumbnail","hentry","category-deportes"],"aioseo_notices":[],"views":6,"jetpack_publicize_connections":[],"jetpack_featured_media_url":"https:\/\/i0.wp.com\/elterritorialweb.com.ar\/web\/wp-content\/uploads\/2022\/04\/FQ1bQypXoAAzLjX.jpeg?fit=1024%2C847","jetpack_sharing_enabled":true,"_links":{"self":[{"href":"http:\/\/elterritorialweb.com.ar\/web\/wp-json\/wp\/v2\/posts\/38960","targetHints":{"allow":["GET"]}}],"collection":[{"href":"http:\/\/elterritorialweb.com.ar\/web\/wp-json\/wp\/v2\/posts"}],"about":[{"href":"http:\/\/elterritorialweb.com.ar\/web\/wp-json\/wp\/v2\/types\/post"}],"author":[{"embeddable":true,"href":"http:\/\/elterritorialweb.com.ar\/web\/wp-json\/wp\/v2\/users\/2"}],"replies":[{"embeddable":true,"href":"http:\/\/elterritorialweb.com.ar\/web\/wp-json\/wp\/v2\/comments?post=38960"}],"version-history":[{"count":1,"href":"http:\/\/elterritorialweb.com.ar\/web\/wp-json\/wp\/v2\/posts\/38960\/revisions"}],"predecessor-version":[{"id":38970,"href":"http:\/\/elterritorialweb.com.ar\/web\/wp-json\/wp\/v2\/posts\/38960\/revisions\/38970"}],"wp:featuredmedia":[{"embeddable":true,"href":"http:\/\/elterritorialweb.com.ar\/web\/wp-json\/wp\/v2\/media\/38961"}],"wp:attachment":[{"href":"http:\/\/elterritorialweb.com.ar\/web\/wp-json\/wp\/v2\/media?parent=38960"}],"wp:term":[{"taxonomy":"category","embeddable":true,"href":"http:\/\/elterritorialweb.com.ar\/web\/wp-json\/wp\/v2\/categories?post=38960"},{"taxonomy":"post_tag","embeddable":true,"href":"http:\/\/elterritorialweb.com.ar\/web\/wp-json\/wp\/v2\/tags?post=38960"}],"curies":[{"name":"wp","href":"https:\/\/api.w.org\/{rel}","templated":true}]}}